{"id":538656,"date":"2026-07-06T13:54:12","date_gmt":"2026-07-06T13:54:12","guid":{"rendered":"https:\/\/www.europesays.com\/pl\/538656\/"},"modified":"2026-07-06T13:54:12","modified_gmt":"2026-07-06T13:54:12","slug":"hamas-podjal-przelomowa-decyzje-w-strefie-gazy-pierwsza-taka-od-20-lat","status":"publish","type":"post","link":"https:\/\/www.europesays.com\/pl\/538656\/","title":{"rendered":"Hamas podj\u0105\u0142 prze\u0142omow\u0105 decyzj\u0119 w Strefie Gazy. Pierwsza taka od 20 lat"},"content":{"rendered":"<p>\u2014 Przewodnicz\u0105cy Komitetu Nadzoru i Koordynacji Prac Rz\u0105dowych oficjalnie z\u0142o\u017cy\u0142 rezygnacj\u0119 \u2014 powiedzia\u0142 agencji AFP Ismail al-Tawabta, dyrektor biura prasowego rz\u0105du Hamasu. Doda\u0142, \u017ce organizacja &#8222;postanowi\u0142a rozwi\u0105za\u0107 komitet, aby u\u0142atwi\u0107 administracyjn\u0105 i rz\u0105dow\u0105 transformacj\u0119 (w\u0142adz) w Narodowy Komitet ds. Administrowania Strefy Gazy (NCAG)&#8221;.<\/p>\n<p> Dalszy ci\u0105g artyku\u0142u pod materia\u0142em wideo <\/p>\n<p>NCAG zosta\u0142 powo\u0142any przez Rad\u0119 Pokoju, stworzon\u0105 przez prezydenta USA Donalda Trumpa, podczas negocjacji, kt\u00f3re doprowadzi\u0142y do zawieszenia broni mi\u0119dzy Izraelem a Hamasem w pa\u017adzierniku 2025 roku.<\/p>\n<p>     Strefa Gazy. Zakulisowe wp\u0142ywy Hamasu<\/p>\n<p>Od czasu rozpocz\u0119cia negocjacji pokojowych jednym z g\u0142\u00f3wnych punkt\u00f3w spornych pozostaje rozbrojenie Hamasu, kt\u00f3ry odrzuca ten warunek. Nie wiadomo, czy nowa administracja w og\u00f3le b\u0119dzie mog\u0142a rozpocz\u0105\u0107 dzia\u0142alno\u015b\u0107. Nie wiadomo te\u017c, jaki wp\u0142yw Hamas b\u0119dzie wywiera\u0142 na ni\u0105 za kulisami i kto przejmie odpowiedzialno\u015b\u0107 za struktury bezpiecze\u0144stwa w Strefie Gazy \u2014 podkre\u015bli\u0142a agencja dpa.<\/p>\n<p>\u2014 Hamas robi kolejny krok, rezygnuj\u0105c z roli w administrowaniu Stref\u0105 Gazy, aby pozbawi\u0107 okupant\u00f3w jakiegokolwiek pretekstu do kontynuowania agresji i wojny na wyniszczenie \u2014 powiedzia\u0142 AFP rzecznik Hamasu Hazem Kassem.<\/p>\n<p>Izraelska stacja Kan News poinformowa\u0142a w sobot\u0119, \u017ce Hamas postanowi\u0142 przeci\u0105ga\u0107 negocjacje w sprawie rozbrojenia i wdro\u017cenia planu Trumpa dla powojennej Strefy Gazy, oceniaj\u0105c, \u017ce premier Izraela Binjamin Netanjahu robi to samo ze wzgl\u0119du na zbli\u017caj\u0105ce si\u0119 wybory parlamentarne w swoim kraju.<\/p>\n<p>Zdaniem saudyjskiego dziennika &#8222;Asharq Al-Awsat&#8221; Hamas jest przekonany, \u017ce Netanjahu uwa\u017ca ust\u0119pstwa w sprawie Strefy Gazy za polityczne samob\u00f3jstwo i dlatego przeci\u0105ga negocjacje. Organizacja postanowi\u0142a zatem p\u00f3j\u015b\u0107 w jego \u015blady i poczeka\u0107 na to, co przyniesie kolejny rz\u0105d. Wybory w Izraelu musz\u0105 si\u0119 odby\u0107 do ko\u0144ca pa\u017adziernika.<\/p>\n<p>Zgodnie z planem Trumpa Izrael ma ca\u0142kowicie wycofa\u0107 swoje si\u0142y ze Strefy dopiero po ostatecznym potwierdzeniu, \u017ce grupy terrorystyczne na tym terytorium zosta\u0142y rozbrojone.<\/p>\n<p>Wojna w Strefie Gazy. Hamas bezwzgl\u0119dny dla przeciwnik\u00f3w<\/p>\n<p>Wojna z Izraelem przetrzebi\u0142a szeregi Hamasu, jednak palesty\u0144skie ugrupowanie utrzymuje kontrol\u0119 nad Stref\u0105, dokonuj\u0105c egzekucji na swoich przeciwnikach i osobach, kt\u00f3re uwa\u017ca za zagro\u017cenie dla swoich rz\u0105d\u00f3w \u2014 zauwa\u017cy\u0142 izraelski &#8222;Jerusalem Post&#8221;.<\/p>\n<p>Hamas przej\u0105\u0142 w\u0142adz\u0119 w Strefie Gazy w 2007 roku po starciach z parti\u0105 Fatah prezydenta Autonomii Palesty\u0144skiej Mahmuda Abbasa. Od tej pory w Strefie decyzje strategiczne podejmowa\u0142o kierownictwo Hamasu, podczas gdy Komitet Nadzoru i Koordynacji Prac Rz\u0105dowych zajmowa\u0142 si\u0119 administracj\u0105 cywiln\u0105, w tym ministerstwami, s\u0142u\u017cb\u0105 cywiln\u0105 i koordynacj\u0105 bezpiecze\u0144stwa wewn\u0119trznego. W rzeczywisto\u015bci funkcjonowa\u0142 on jak rz\u0105d, cho\u0107 nieuznawany na arenie mi\u0119dzynarodowej \u2014 zauwa\u017cy\u0142a agencja dpa.<\/p>\n<p>Izrael rozpocz\u0105\u0142 wojn\u0119 w Strefie Gazy po inwazji Hamasu na po\u0142udniowy Izrael z 7 pa\u017adziernika 2023 r., w kt\u00f3rej zgin\u0119\u0142o oko\u0142o 1,2 tys. os\u00f3b, a 251 zosta\u0142o wzi\u0119tych jako zak\u0142adnicy.<\/p>\n","protected":false},"excerpt":{"rendered":"\u2014 Przewodnicz\u0105cy Komitetu Nadzoru i Koordynacji Prac Rz\u0105dowych oficjalnie z\u0142o\u017cy\u0142 rezygnacj\u0119 \u2014 powiedzia\u0142 agencji AFP Ismail al-Tawabta, dyrektor&hellip;\n","protected":false},"author":2,"featured_media":538657,"comment_status":"","ping_status":"","sticky":false,"template":"","format":"standard","meta":{"footnotes":"","_share_on_mastodon":"0"},"categories":[14],"tags":[61195,32,33,213,27,91,34,35,28,31,48,25,46,40,41,47,88,80,29,30,26,82,83,84],"class_list":["post-538656","post","type-post","status-publish","format-standard","has-post-thumbnail","category-swiat","tag-bottomfeed_styl","tag-breaking-news","tag-breakingnews","tag-hamas","tag-headlines","tag-izrael","tag-latest-news","tag-latestnews","tag-naglowki","tag-najwazniejsze-artykuly","tag-nat_styl","tag-news","tag-omp","tag-polish","tag-polski","tag-screening_general","tag-strefa_gazy","tag-swiat","tag-top-stories","tag-topstories","tag-wiadomosci","tag-world","tag-world-news","tag-worldnews"],"share_on_mastodon":{"url":"https:\/\/pubeurope.com\/@pl\/116873374377941434","error":""},"_links":{"self":[{"href":"https:\/\/www.europesays.com\/pl\/wp-json\/wp\/v2\/posts\/538656","targetHints":{"allow":["GET"]}}],"collection":[{"href":"https:\/\/www.europesays.com\/pl\/wp-json\/wp\/v2\/posts"}],"about":[{"href":"https:\/\/www.europesays.com\/pl\/wp-json\/wp\/v2\/types\/post"}],"author":[{"embeddable":true,"href":"https:\/\/www.europesays.com\/pl\/wp-json\/wp\/v2\/users\/2"}],"replies":[{"embeddable":true,"href":"https:\/\/www.europesays.com\/pl\/wp-json\/wp\/v2\/comments?post=538656"}],"version-history":[{"count":0,"href":"https:\/\/www.europesays.com\/pl\/wp-json\/wp\/v2\/posts\/538656\/revisions"}],"wp:featuredmedia":[{"embeddable":true,"href":"https:\/\/www.europesays.com\/pl\/wp-json\/wp\/v2\/media\/538657"}],"wp:attachment":[{"href":"https:\/\/www.europesays.com\/pl\/wp-json\/wp\/v2\/media?parent=538656"}],"wp:term":[{"taxonomy":"category","embeddable":true,"href":"https:\/\/www.europesays.com\/pl\/wp-json\/wp\/v2\/categories?post=538656"},{"taxonomy":"post_tag","embeddable":true,"href":"https:\/\/www.europesays.com\/pl\/wp-json\/wp\/v2\/tags?post=538656"}],"curies":[{"name":"wp","href":"https:\/\/api.w.org\/{rel}","templated":true}]}}