{"id":53871,"date":"2025-10-17T12:14:10","date_gmt":"2025-10-17T12:14:10","guid":{"rendered":"https:\/\/www.europesays.com\/pl\/53871\/"},"modified":"2025-10-17T12:14:10","modified_gmt":"2025-10-17T12:14:10","slug":"mezczyzna-postrzelony-w-twarz-na-lubonskiej-ulicy","status":"publish","type":"post","link":"https:\/\/www.europesays.com\/pl\/53871\/","title":{"rendered":"M\u0119\u017cczyzna postrzelony w twarz na lubo\u0144skiej ulicy"},"content":{"rendered":"<p>    Do zdarzenia dosz\u0142o w \u015brod\u0119 wieczorem.<\/p>\n<p>Na facebookowej grupie &#8222;Mieszka\u0144cy Lubonia&#8221; pojawi\u0142 si\u0119 wpis jednego z mieszka\u0144c\u00f3w, kt\u00f3ry przes\u0142a\u0142o nam kilku Czytelnik\u00f3w. Autor wpisu informuje, \u017ce w \u015brod\u0119 oko\u0142o 19:15, wchodz\u0105c z ulicy Dworcowej w Ogrodow\u0105 w Luboniu, zosta\u0142 postrzelony w twarz. Jak dodaje, prawdopodobnie kula pochodzi\u0142a z broni czarnoprochowej. Spraw\u0119 zg\u0142osi\u0142 policji i poprosi\u0142 o kontakt osoby, kt\u00f3re co\u015b widzia\u0142y. Zaapelowa\u0142 te\u017c o ostro\u017cno\u015b\u0107. <\/p>\n<p><a href=\"https:\/\/epoznan.pl\/adsysClick?id=20491\" target=\"_blank\" rel=\"nofollow noopener\">Szukasz nieodp\u0142atnej pomocy prawnej, psychologicznej, rodzinnej itp.? Skorzystaj z listy jednostek nieodp\u0142atnego poradnictwa lub porad prawnych dost\u0119pnych dla mieszka\u0144c\u00f3w Poznania.<\/a><\/p>\n<p>REKLAMA<\/p>\n<p>Policja potwierdza nam, \u017ce zajmuje si\u0119 takim zg\u0142oszeniem. &#8211; W \u015brod\u0119 wieczorem otrzymali\u015bmy informacj\u0119, \u017ce na Szpitalnym Oddziale Ratunkowym w Puszczykowie znajduje si\u0119 m\u0119\u017cczyzna, kt\u00f3ry zosta\u0142 postrzelony w policzek &#8211; m\u00f3wi nam Ma\u0142gorzata Meloch z wielkopolskiej policji. &#8211; Wyci\u0105gni\u0119to mu z policzka 10-milimetrow\u0105 kulk\u0119. W tej chwili okoliczno\u015bci tego zdarzenia nie s\u0105 znane, kulka zosta\u0142a zabezpieczona &#8211; zapewnia. <\/p>\n<p>Jak przekazali nam policjanci, jest to jedyne takie zg\u0142oszenie z Lubonia. Funkcjonariusze wyja\u015bniaj\u0105 t\u0119 spraw\u0119. <\/p>\n","protected":false},"excerpt":{"rendered":"Do zdarzenia dosz\u0142o w \u015brod\u0119 wieczorem. Na facebookowej grupie &#8222;Mieszka\u0144cy Lubonia&#8221; pojawi\u0142 si\u0119 wpis jednego z mieszka\u0144c\u00f3w, kt\u00f3ry&hellip;\n","protected":false},"author":2,"featured_media":53872,"comment_status":"","ping_status":"","sticky":false,"template":"","format":"standard","meta":{"footnotes":""},"categories":[12],"tags":[32,33,36,37,27,34,35,28,31,25,42,38,414,40,39,41,14329,29,30,26],"class_list":{"0":"post-53871","1":"post","2":"type-post","3":"status-publish","4":"format-standard","5":"has-post-thumbnail","7":"category-polska","8":"tag-breaking-news","9":"tag-breakingnews","10":"tag-featured-news","11":"tag-featurednews","12":"tag-headlines","13":"tag-latest-news","14":"tag-latestnews","15":"tag-naglowki","16":"tag-najwazniejsze-artykuly","17":"tag-news","18":"tag-pl","19":"tag-poland","20":"tag-policja","21":"tag-polish","22":"tag-polska","23":"tag-polski","24":"tag-postrzelenie-w-twarz","25":"tag-top-stories","26":"tag-topstories","27":"tag-wiadomosci"},"share_on_mastodon":{"url":"","error":""},"_links":{"self":[{"href":"https:\/\/www.europesays.com\/pl\/wp-json\/wp\/v2\/posts\/53871","targetHints":{"allow":["GET"]}}],"collection":[{"href":"https:\/\/www.europesays.com\/pl\/wp-json\/wp\/v2\/posts"}],"about":[{"href":"https:\/\/www.europesays.com\/pl\/wp-json\/wp\/v2\/types\/post"}],"author":[{"embeddable":true,"href":"https:\/\/www.europesays.com\/pl\/wp-json\/wp\/v2\/users\/2"}],"replies":[{"embeddable":true,"href":"https:\/\/www.europesays.com\/pl\/wp-json\/wp\/v2\/comments?post=53871"}],"version-history":[{"count":0,"href":"https:\/\/www.europesays.com\/pl\/wp-json\/wp\/v2\/posts\/53871\/revisions"}],"wp:featuredmedia":[{"embeddable":true,"href":"https:\/\/www.europesays.com\/pl\/wp-json\/wp\/v2\/media\/53872"}],"wp:attachment":[{"href":"https:\/\/www.europesays.com\/pl\/wp-json\/wp\/v2\/media?parent=53871"}],"wp:term":[{"taxonomy":"category","embeddable":true,"href":"https:\/\/www.europesays.com\/pl\/wp-json\/wp\/v2\/categories?post=53871"},{"taxonomy":"post_tag","embeddable":true,"href":"https:\/\/www.europesays.com\/pl\/wp-json\/wp\/v2\/tags?post=53871"}],"curies":[{"name":"wp","href":"https:\/\/api.w.org\/{rel}","templated":true}]}}