{"id":539384,"date":"2026-07-06T21:21:13","date_gmt":"2026-07-06T21:21:13","guid":{"rendered":"https:\/\/www.europesays.com\/pl\/539384\/"},"modified":"2026-07-06T21:21:13","modified_gmt":"2026-07-06T21:21:13","slug":"pilne-spotkanie-liderow-koalicji-sobieranska-grenda-do-dymisji","status":"publish","type":"post","link":"https:\/\/www.europesays.com\/pl\/539384\/","title":{"rendered":"Pilne spotkanie lider\u00f3w koalicji. Sobiera\u0144ska-Grenda do dymisji?"},"content":{"rendered":"\n<p>&#13;<br \/>\nWa\u017cny polityk koalicji rz\u0105dz\u0105cej powiedzia\u0142 portalowi Onet.pl, \u017ce\u00a0by\u0142by zdziwiony, gdyby Tusk jej nie\u00a0wyrzuci\u0142. &#13;\n<\/p>\n<p>&#13;<br \/>\n\u2013 To\u00a0by\u0142a osobista decyzja premiera, wi\u0119c by\u0142bym zdziwiony, gdyby tak \u0142atwo zrzuci\u0142 j\u0105 z\u00a0sa\u0144 \u2013\u00a0twierdzi z\u00a0kolei inny. &#13;\n<\/p>\n<p>&#13;<br \/>\nSerwis podaje, \u017ce\u00a0premier Donald Tusk w\u00a0najbli\u017cszych godzinach spotka si\u0119 w\u00a0tej sprawie z\u00a0liderami partii tworz\u0105cych rz\u0105d. Nie\u00a0wiadomo jednak w\u00a0jakiej formule odb\u0119dzie si\u0119 spotkanie. &#13;\n<\/p>\n<p>&#13;<br \/>\nPortal przekazuje, \u017ce\u00a0ubieg\u0142otygodniowe spotkanie klubu KO z\u00a0minister zdrowia nie\u00a0przynios\u0142o \u017cadnego prze\u0142omu, wr\u0119cz przeciwnie. &#8222;Wed\u0142ug nieoficjalnych relacji z\u00a0tego spotkania cz\u0119\u015b\u0107 pos\u0142\u00f3w wysz\u0142a z\u00a0niego rozczarowana. Politycy Koalicji Obywatelskiej oczekiwali konkret\u00f3w, a\u00a0us\u0142yszeli, \u017ce\u00a0\u00bbprace trwaj\u0105\u00ab, \u017ce\u00a0potrzebne s\u0105 decyzje premiera i\u00a0\u017ce projekty s\u0105 przygotowywane&#8221; \u2013\u00a0czytamy. &#13;\n<\/p>\n<p>Ruszy\u0142a gie\u0142da nazwisk. Kto mo\u017ce zosta\u0107 nowym ministrem zdrowia?<\/p>\n<p>&#13;<br \/>\nJu\u017c ruszy\u0142a gie\u0142da nazwisk, kto mo\u017ce zosta\u0107 nowym ministrem zdrowia. Na\u00a0li\u015bcie znajduj\u0105 si\u0119: Bartosz Ar\u0142ukowicz, obecny wiceszef NFZ Jakub Szulc, a\u00a0nawet gen. Grzegorz Gielerak, szef Wojskowego Instytutu Medycznego przy ul. Szaser\u00f3w w\u00a0Warszawie. &#13;\n<\/p>\n<p>&#13;<br \/>\nNa dymisj\u0119 Jolanty Sobiera\u0144skiej-Grendy naciska Nowa Lewica. &#13;\n<\/p>\n<p>Tusk stawia ultimatum. W\u00a0\u015brod\u0119 mo\u017ce podj\u0105\u0107 decyzje personalne<\/p>\n<p>&#13;<br \/>\nW pi\u0105tek premier Donald Tusk zapowiedzia\u0142, \u017ce\u00a0je\u015bli do\u00a0wtorku nie\u00a0otrzyma precyzyjnych rekomendacji dotycz\u0105cych ochrony zdrowia, to\u00a0<a href=\"https:\/\/dorzeczy.pl\/kraj\/910129\/tusk-stawia-ultimatum-podejme-decyzje-takze-personalne.html\" rel=\"nofollow noopener\" target=\"_blank\">w \u015brod\u0119 podejmie personalne decyzje, tak\u017ce personalne.<\/a> Zaznaczy\u0142, \u017ce\u00a0oczekuje od\u00a0NFZ i\u00a0Ministerstwa Zdrowia systemowych rozwi\u0105za\u0144. &#13;\n<\/p>\n<p>&#13;<br \/>\nChodzi o\u00a0tzw. saloniki VIP w\u00a0szpitalach, omijanie kolejek do\u00a0\u015bwiadcze\u0144 oraz\u00a0bardzo wysokie zarobki niekt\u00f3rych medyk\u00f3w. &#13;\n<\/p>\n<p>&#13;<br \/>\nPremier w\u00a0pi\u0105tek przypomnia\u0142, \u017ce, gdy powierzy\u0142 prowadzenie resortu zdrowia Jolancie Sobiera\u0144skiej-Grendzie, by\u0142y g\u0142osy, i\u017c\u00a0obsadzenie na\u00a0stanowisku ministra zdrowia osoby bez zaplecza politycznego jest eksperymentem, bo\u00a0&#8222;z\u00a0tym si\u0119 mo\u017ce wi\u0105za\u0107 s\u0142abo\u015b\u0107 ministra&#8221;. \u2013\u00a0Jej kompetencje s\u0105 niepodwa\u017calne. Natomiast czy\u00a0starczy jej si\u0142y, determinacji, takiej przebojowo\u015bci, najbli\u017csze dni poka\u017c\u0105 \u2013\u00a0powiedzia\u0142. &#13;\n<\/p>\n<p>Afera w\u00a0Warszawskim Szpitalu Po\u0142udniowym<\/p>\n<p>&#13;<br \/>\nWszystkie potencjalne zmiany s\u0105 konsekwencj\u0105 afery w\u00a0Warszawskim Szpitalu Po\u0142udniowym. Dawid Kacprzyk w\u00a0trakcie specjalizacji lekarskiej zarobi\u0142 w\u00a0ubieg\u0142ym roku 1,6 mln z\u0142. By\u0142 radnym KO warszawskiej dzielnicy Ursus. Na\u00a0prowadzonym przez niego oddziale politycy Koalicji Obywatelskiej mieli by\u0107 przyjmowani bez kolejki. W\u00a0szpitalu mia\u0142 istnie\u0107 &#8222;salonik VIP&#8221; dla\u00a0polityk\u00f3w KO. Dawid Kacprzyk to\u00a0by\u0142y ju\u017c koordynator SOR w\u00a0Szpitalu Po\u0142udniowym w\u00a0Warszawie i\u00a0by\u0142y radny KO warszawskiej dzielnicy Ursus. Ze szpitala zosta\u0142 zwolniony po\u00a0wybuchu afery. Tak\u017ce wtedy odszed\u0142 z\u00a0KO i\u00a0zrzek\u0142 si\u0119 mandatu radnego. &#13;\n<\/p>\n<p>&#13;<br \/>\n   Czytaj te\u017c:<br \/><a href=\"https:\/\/dorzeczy.pl\/kraj\/910129\/tusk-stawia-ultimatum-podejme-decyzje-takze-personalne.html\" rel=\"follow nofollow noopener\" data-schema=\"DORZECZY\" data-image=\"https:\/\/img.dorzeczy.pl\/_thumb\/eb\/92\/8d1a14db791d571ecfe82a8b7015.jpeg\" target=\"_blank\">Tusk stawia ultimatum. &#8222;Podejm\u0119 decyzje, tak\u017ce personalne&#8221;<\/a>   Czytaj te\u017c:<br \/><a href=\"https:\/\/dorzeczy.pl\/kraj\/911359\/rozbic-monopol-nfz-mentzen-macie-krew-polakow-na-rekach.html\" rel=\"follow nofollow noopener\" data-schema=\"DORZECZY\" data-image=\"https:\/\/img.dorzeczy.pl\/_thumb\/df\/3e\/77a76536ebd02f357027dd5593a9.jpeg\" target=\"_blank\">&#8222;Do\u00a0was m\u00f3wi\u0119&#8221;. Mentzen grzmi: Macie krew Polak\u00f3w na\u00a0r\u0119kach!<\/a> &#13;<\/p>\n","protected":false},"excerpt":{"rendered":"&#13; Wa\u017cny polityk koalicji rz\u0105dz\u0105cej powiedzia\u0142 portalowi Onet.pl, \u017ce\u00a0by\u0142by zdziwiony, gdyby Tusk jej nie\u00a0wyrzuci\u0142. &#13; &#13; \u2013 To\u00a0by\u0142a&hellip;\n","protected":false},"author":2,"featured_media":539385,"comment_status":"","ping_status":"","sticky":false,"template":"","format":"standard","meta":{"footnotes":"","_share_on_mastodon":"0"},"categories":[62713],"tags":[97378,1345,98,52984,49,11341,2465,103,97379],"class_list":["post-539384","post","type-post","status-publish","format-standard","has-post-thumbnail","category-donald-tusk","tag-dawid-kacprzyk","tag-donald-tusk","tag-dorzeczy","tag-jolanta-sobieranska-grenda","tag-kraj","tag-ministerstwo-zdrowia","tag-nowa-lewica","tag-obserwator-mediow","tag-szpital-poludniowy"],"share_on_mastodon":{"url":"https:\/\/pubeurope.com\/@pl\/116875132045415713","error":""},"_links":{"self":[{"href":"https:\/\/www.europesays.com\/pl\/wp-json\/wp\/v2\/posts\/539384","targetHints":{"allow":["GET"]}}],"collection":[{"href":"https:\/\/www.europesays.com\/pl\/wp-json\/wp\/v2\/posts"}],"about":[{"href":"https:\/\/www.europesays.com\/pl\/wp-json\/wp\/v2\/types\/post"}],"author":[{"embeddable":true,"href":"https:\/\/www.europesays.com\/pl\/wp-json\/wp\/v2\/users\/2"}],"replies":[{"embeddable":true,"href":"https:\/\/www.europesays.com\/pl\/wp-json\/wp\/v2\/comments?post=539384"}],"version-history":[{"count":0,"href":"https:\/\/www.europesays.com\/pl\/wp-json\/wp\/v2\/posts\/539384\/revisions"}],"wp:featuredmedia":[{"embeddable":true,"href":"https:\/\/www.europesays.com\/pl\/wp-json\/wp\/v2\/media\/539385"}],"wp:attachment":[{"href":"https:\/\/www.europesays.com\/pl\/wp-json\/wp\/v2\/media?parent=539384"}],"wp:term":[{"taxonomy":"category","embeddable":true,"href":"https:\/\/www.europesays.com\/pl\/wp-json\/wp\/v2\/categories?post=539384"},{"taxonomy":"post_tag","embeddable":true,"href":"https:\/\/www.europesays.com\/pl\/wp-json\/wp\/v2\/tags?post=539384"}],"curies":[{"name":"wp","href":"https:\/\/api.w.org\/{rel}","templated":true}]}}