{"id":539679,"date":"2026-07-07T00:33:35","date_gmt":"2026-07-07T00:33:35","guid":{"rendered":"https:\/\/www.europesays.com\/pl\/539679\/"},"modified":"2026-07-07T00:33:35","modified_gmt":"2026-07-07T00:33:35","slug":"paraliz-na-lotnisku-krakow-balice-pilot-zglosil-obecnosc-drona","status":"publish","type":"post","link":"https:\/\/www.europesays.com\/pl\/539679\/","title":{"rendered":"Parali\u017c na lotnisku Krak\u00f3w-Balice. Pilot zg\u0142osi\u0142 obecno\u015b\u0107 drona"},"content":{"rendered":"<p>Jakie utrudnienia wyst\u0105pi\u0142y na lotnisku Krak\u00f3w-Balice.<\/p>\n<p>Dlaczego samoloty musia\u0142y czeka\u0107 na zgod\u0119 na l\u0105dowanie.<\/p>\n<p>Co spowodowa\u0142o utrudnienia na lotnisku.<\/p>\n<p>Co odkry\u0142y s\u0142u\u017cby na miejscu zdarzenia.<\/p>\n<p>    <a name=\"eztoc42194895_0_3\" id=\"eztoc42194895_0_3\"\/>Utrudnienia na lotnisku Krak\u00f3w-Balice<\/p>\n<p>Na lotnisku<br \/>\n<a href=\"https:\/\/wiadomosci.radiozet.pl\/tag\/kategoria\/krakow\" target=\"_self\" rel=\"dofollow noopener\">Krak\u00f3w<\/a>-Balice wyst\u0105pi\u0142y utrudnienia &#8211; dowiedzia\u0142o si\u0119 RadioZET.\u00a0Kilka samolot\u00f3w musia\u0142o czeka\u0107 na zgod\u0119 na l\u0105dowanie.<\/p>\n<p>Przyczyn\u0105 mia\u0142a by\u0107 obecno\u015b\u0107 drona, o kt\u00f3rej poinformowa\u0142 jeden z pilot\u00f3w\u00a0samolotu przygotowuj\u0105cego si\u0119 do l\u0105dowania na krakowskim lotnisku. Pilot poinformowa\u0142 pasa\u017cer\u00f3w, \u017ce l\u0105dowanie si\u0119 op\u00f3\u017ani, poniewa\u017c w przestrzeni nad lotniskiem zaobserwowano obiekt przypominaj\u0105cy dron.\u00a0Doniesienia te potwierdzi\u0142a w rozmowie z RadioZET policja.<\/p>\n<p>Jednak funkcjonariusze nie odnale\u017ali ani maszyny, ani jej operatora. Na miejscu trwa wyja\u015bnienie sprawy. Jak informuj\u0105 s\u0142u\u017cby, sytuacja powoli wraca do normy.<\/p>\n<p>\u0179r\u00f3d\u0142o: Radio ZET<\/p>\n<p>By\u0142e\u015b \u015bwiadkiem czego\u015b niespodziewanego? Masz temat, kt\u00f3rym powinni\u015bmy si\u0119 zaj\u0105\u0107?<\/p>\n<p>Zg\u0142o\u015b spraw\u0119 przez <a href=\"https:\/\/wiadomosci.radiozet.pl\/czerwony-telefon\" target=\"_blank\" title=\"Czerwony telefon Radia Zet\" rel=\"nofollow noopener\">Czerwony telefon Radia ZET<\/a><\/p>\n","protected":false},"excerpt":{"rendered":"Jakie utrudnienia wyst\u0105pi\u0142y na lotnisku Krak\u00f3w-Balice. Dlaczego samoloty musia\u0142y czeka\u0107 na zgod\u0119 na l\u0105dowanie. Co spowodowa\u0142o utrudnienia na&hellip;\n","protected":false},"author":2,"featured_media":539680,"comment_status":"","ping_status":"","sticky":false,"template":"","format":"standard","meta":{"footnotes":"","_share_on_mastodon":"0"},"categories":[51606],"tags":[743,1304,2995,42,38,414,40,39,41,19273],"class_list":["post-539679","post","type-post","status-publish","format-standard","has-post-thumbnail","category-krakow","tag-dron","tag-krakow","tag-lotnisko","tag-pl","tag-poland","tag-policja","tag-polish","tag-polska","tag-polski","tag-utrudnienia-w-ruchu"],"share_on_mastodon":{"url":"https:\/\/pubeurope.com\/@pl\/116875887044107948","error":""},"_links":{"self":[{"href":"https:\/\/www.europesays.com\/pl\/wp-json\/wp\/v2\/posts\/539679","targetHints":{"allow":["GET"]}}],"collection":[{"href":"https:\/\/www.europesays.com\/pl\/wp-json\/wp\/v2\/posts"}],"about":[{"href":"https:\/\/www.europesays.com\/pl\/wp-json\/wp\/v2\/types\/post"}],"author":[{"embeddable":true,"href":"https:\/\/www.europesays.com\/pl\/wp-json\/wp\/v2\/users\/2"}],"replies":[{"embeddable":true,"href":"https:\/\/www.europesays.com\/pl\/wp-json\/wp\/v2\/comments?post=539679"}],"version-history":[{"count":0,"href":"https:\/\/www.europesays.com\/pl\/wp-json\/wp\/v2\/posts\/539679\/revisions"}],"wp:featuredmedia":[{"embeddable":true,"href":"https:\/\/www.europesays.com\/pl\/wp-json\/wp\/v2\/media\/539680"}],"wp:attachment":[{"href":"https:\/\/www.europesays.com\/pl\/wp-json\/wp\/v2\/media?parent=539679"}],"wp:term":[{"taxonomy":"category","embeddable":true,"href":"https:\/\/www.europesays.com\/pl\/wp-json\/wp\/v2\/categories?post=539679"},{"taxonomy":"post_tag","embeddable":true,"href":"https:\/\/www.europesays.com\/pl\/wp-json\/wp\/v2\/tags?post=539679"}],"curies":[{"name":"wp","href":"https:\/\/api.w.org\/{rel}","templated":true}]}}