{"id":539693,"date":"2026-07-07T00:41:14","date_gmt":"2026-07-07T00:41:14","guid":{"rendered":"https:\/\/www.europesays.com\/pl\/539693\/"},"modified":"2026-07-07T00:41:14","modified_gmt":"2026-07-07T00:41:14","slug":"randka-w-ciemno-na-streamie-kick-skonczyla-sie-wiadomo-gdzie","status":"publish","type":"post","link":"https:\/\/www.europesays.com\/pl\/539693\/","title":{"rendered":"Randka w ciemno na streamie Kick sko\u0144czy\u0142a si\u0119 wiadomo gdzie"},"content":{"rendered":"<p>Jeden z polskich streamer\u00f3w Kick wpad\u0142 na pomys\u0142, by organizowa\u0107 \u201erandki w ciemno\u201d. Te zacz\u0119\u0142y zyskiwa\u0107 coraz wi\u0119ksz\u0105 popularno\u015b\u0107.<\/p>\n<p>Koncept jest bardzo prosty. Streamer bierze dwie osoby, stawia je naprzeciwko siebie, nast\u0119pnie zadaje im r\u00f3\u017cnego rodzaju pytania. Na samym ko\u0144cu \u201euczestnicy\u201d mog\u0105 si\u0119 zobaczy\u0107 i zdecydowa\u0107: \u201ekiss\u201d czy \u201eslap\u201d?<\/p>\n<p>W ostatnich kilkunastu godzinach zacz\u0119\u0142o si\u0119 bardzo g\u0142o\u015bno robi\u0107 o jednej z dziewczyn i \u201ekissie\u201d, jaki da\u0142a ch\u0142opakowi. Dlaczego? G\u0142\u00f3wnie ze wzgl\u0119du na to, \u017ce jej wybranek niekoniecznie by\u0142 tym faktem zachwycony.<\/p>\n<p>Ca\u0142a sytuacja zosta\u0142a bardzo mocno skomentowana w mediach spo\u0142eczno\u015bciowych. Wpis pokazuj\u0105cy te klipy ma ju\u017c blisko 60 tysi\u0119cy ods\u0142on.<\/p>\n<p><a href=\"https:\/\/boop.pl\/img\/#https:\/\/img.boop.pl\/uploads\/2026\/07\/210106348119-randka-w-ciemno-na-streamie-kick-sk.jpg?class=full\" data-no-instant=\"\" rel=\"noopener nofollow\" aria-label=\"Obrazek 739x635\" target=\"_blank\"><img decoding=\"async\" loading=\"lazy\" class=\"aligncenter size-full img-433561\" src=\"https:\/\/www.europesays.com\/pl\/wp-content\/uploads\/2026\/07\/210106348119-randka-w-ciemno-na-streamie-kick-sk.jpg\"   width=\"739\" height=\"635\" alt=\"\"\/><\/a><\/p>\n<p>Ka\u017cdy mo\u017ce sam oceni\u0107 t\u0119 sytuacj\u0119:<\/p>\n<p><img decoding=\"async\" loading=\"lazy\" class=\"vimg-tumb\" alt=\"Video\"  \/><img decoding=\"async\" loading=\"lazy\" class=\"bimg-tumb\" alt=\"Video\"  \/><img decoding=\"async\" loading=\"lazy\" class=\"vimg-tumb\" alt=\"Video\"  \/><img decoding=\"async\" loading=\"lazy\" class=\"bimg-tumb\" alt=\"Video\"  \/><\/p>\n<p>Randki te niekiedy maj\u0105 jednak szcz\u0119\u015bliwe zako\u0144czenie. Okazuje si\u0119, \u017ce kompletnie inni ludzie po takiej \u201erandce w ciemno\u201d stworzyli zwi\u0105zek. Czyli przynios\u0142o to tak\u017ce co\u015b \u201epozytywnego\u201d.<\/p>\n<p><img decoding=\"async\" loading=\"lazy\" class=\"vimg-tumb\" alt=\"Video\"  \/><img decoding=\"async\" loading=\"lazy\" class=\"bimg-tumb\" alt=\"Video\"  \/><\/p>\n<p>Skoro ten format si\u0119 wybi\u0142, to pewnie za chwil\u0119 zobaczymy tak\u017ce innych streamer\u00f3w, kt\u00f3rzy b\u0119d\u0105 powtarza\u0107 co\u015b podobnego. Problem z tym jest jednak zawsze taki sam \u2013 po czasie uczestnicy niekiedy dochodz\u0105 do wniosku, \u017ce jednak nie chc\u0105 by\u0107 widoczni na klipach, kt\u00f3re lataj\u0105 potem po sieci.<\/p>\n","protected":false},"excerpt":{"rendered":"Jeden z polskich streamer\u00f3w Kick wpad\u0142 na pomys\u0142, by organizowa\u0107 \u201erandki w ciemno\u201d. Te zacz\u0119\u0142y zyskiwa\u0107 coraz wi\u0119ksz\u0105&hellip;\n","protected":false},"author":2,"featured_media":539694,"comment_status":"","ping_status":"","sticky":false,"template":"","format":"standard","meta":{"footnotes":"","_share_on_mastodon":"0"},"categories":[20],"tags":[3103,41921,120,118,119,42,38,40,39,41,116,114,115,121,117],"class_list":["post-539693","post","type-post","status-publish","format-standard","has-post-thumbnail","category-nauka-i-technika","tag-dla-ciebie","tag-kick","tag-nauka","tag-nauka-i-technika","tag-naukatechnika","tag-pl","tag-poland","tag-polish","tag-polska","tag-polski","tag-science","tag-science-and-technology","tag-sciencetechnology","tag-technika","tag-technology"],"share_on_mastodon":{"url":"https:\/\/pubeurope.com\/@pl\/116875918840000709","error":""},"_links":{"self":[{"href":"https:\/\/www.europesays.com\/pl\/wp-json\/wp\/v2\/posts\/539693","targetHints":{"allow":["GET"]}}],"collection":[{"href":"https:\/\/www.europesays.com\/pl\/wp-json\/wp\/v2\/posts"}],"about":[{"href":"https:\/\/www.europesays.com\/pl\/wp-json\/wp\/v2\/types\/post"}],"author":[{"embeddable":true,"href":"https:\/\/www.europesays.com\/pl\/wp-json\/wp\/v2\/users\/2"}],"replies":[{"embeddable":true,"href":"https:\/\/www.europesays.com\/pl\/wp-json\/wp\/v2\/comments?post=539693"}],"version-history":[{"count":0,"href":"https:\/\/www.europesays.com\/pl\/wp-json\/wp\/v2\/posts\/539693\/revisions"}],"wp:featuredmedia":[{"embeddable":true,"href":"https:\/\/www.europesays.com\/pl\/wp-json\/wp\/v2\/media\/539694"}],"wp:attachment":[{"href":"https:\/\/www.europesays.com\/pl\/wp-json\/wp\/v2\/media?parent=539693"}],"wp:term":[{"taxonomy":"category","embeddable":true,"href":"https:\/\/www.europesays.com\/pl\/wp-json\/wp\/v2\/categories?post=539693"},{"taxonomy":"post_tag","embeddable":true,"href":"https:\/\/www.europesays.com\/pl\/wp-json\/wp\/v2\/tags?post=539693"}],"curies":[{"name":"wp","href":"https:\/\/api.w.org\/{rel}","templated":true}]}}