{"id":539877,"date":"2026-07-07T03:07:24","date_gmt":"2026-07-07T03:07:24","guid":{"rendered":"https:\/\/www.europesays.com\/pl\/539877\/"},"modified":"2026-07-07T03:07:24","modified_gmt":"2026-07-07T03:07:24","slug":"ksiezna-trzy-razy-uciekala-sprzed-oltarza-dopadli-ja-na-lotnisku","status":"publish","type":"post","link":"https:\/\/www.europesays.com\/pl\/539877\/","title":{"rendered":"Ksi\u0119\u017cna trzy razy ucieka\u0142a sprzed o\u0142tarza. Dopadli j\u0105 na lotnisku"},"content":{"rendered":"<p>Od dnia \u015blubu nie ustaj\u0105 medialne doniesienia sugeruj\u0105ce, \u017ce powodem wzruszenia Afrykanki by\u0142y niepokoj\u0105ce wie\u015bci dotycz\u0105ce kolejnego pozama\u0142\u017ce\u0144skiego potomka jej wybranka. Tu\u017c przed zawarciem ma\u0142\u017ce\u0144stwa Charlene mia\u0142a a\u017c trzykrotnie odj\u0105\u0107 pr\u00f3b\u0119 opuszczenia Monako. Za ostatnim razem zosta\u0142a zatrzymana w drodze na lotnisko i ostatecznie zgodzi\u0142a si\u0119 wyj\u015b\u0107 za w\u0142adc\u0119. Szeptano jednak, \u017ce przez ca\u0142y dzie\u0144 p\u0142aka\u0142a. Ma\u0142o tego, nowo\u017ce\u0144cy rzekomo sp\u0119dzili noc po\u015blubn\u0105 osobno, a w pokoju \u015bwie\u017co upieczonej ksi\u0119\u017cnej pojawi\u0142a si\u0119 ochrona.<\/p>\n<p> Dalszy ci\u0105g artyku\u0142u pod materia\u0142em wideo <\/p>\n<p>Przez d\u0142ugi czas w\u0142a\u015bnie to wydarzenie oraz zwi\u0105zane z nim emocje kszta\u0142towa\u0142y spos\u00f3b, w jaki postrzegano Wittstock w przestrzeni publicznej. Zar\u00f3wno ona, jak i Albert wielokrotnie zaprzeczali plotkom. &#8222;To wszystko nieprawda i uwa\u017camy, \u017ce wynika wy\u0142\u0105cznie z czystej zazdro\u015bci&#8221; \u2014 przekaza\u0142a para ksi\u0105\u017c\u0119ca magazynowi &#8222;People&#8221;.<\/p>\n<p>Gdy w 2023 r. ksi\u0119\u017cna zapad\u0142a na ci\u0119\u017ck\u0105 chorob\u0119 i przez wiele miesi\u0119cy nie wraca\u0142a z ojczyzny do m\u0119\u017ca, ten udzieli\u0142 wywiadu, by rozprawi\u0107 si\u0119 ze spekulacjami. &#8222;Charlene wspiera mnie w kierowaniu ksi\u0119stwem, ale nie jeste\u015bmy do siebie przywi\u0105zani 24 godziny na dob\u0119. Oboje mamy du\u017co na g\u0142owie, a praca czasami pozwala nam si\u0119 zobaczy\u0107 tylko pod koniec d\u0142ugiego dnia pe\u0142nego spotka\u0144&#8221; \u2014 t\u0142umaczy\u0142.<\/p>\n","protected":false},"excerpt":{"rendered":"Od dnia \u015blubu nie ustaj\u0105 medialne doniesienia sugeruj\u0105ce, \u017ce powodem wzruszenia Afrykanki by\u0142y niepokoj\u0105ce wie\u015bci dotycz\u0105ce kolejnego pozama\u0142\u017ce\u0144skiego&hellip;\n","protected":false},"author":2,"featured_media":539878,"comment_status":"","ping_status":"","sticky":false,"template":"","format":"standard","meta":{"footnotes":"","_share_on_mastodon":"0"},"categories":[22],"tags":[61195,1942,122,24383,4566,946,48,46,42,38,40,39,41,123,47],"class_list":["post-539877","post","type-post","status-publish","format-standard","has-post-thumbnail","category-rozrywka","tag-bottomfeed_styl","tag-celebryci","tag-entertainment","tag-ksiaze_albert_ii","tag-ksiezna_charlene","tag-monako","tag-nat_styl","tag-omp","tag-pl","tag-poland","tag-polish","tag-polska","tag-polski","tag-rozrywka","tag-screening_general"],"share_on_mastodon":{"url":"https:\/\/pubeurope.com\/@pl\/116876492651863826","error":""},"_links":{"self":[{"href":"https:\/\/www.europesays.com\/pl\/wp-json\/wp\/v2\/posts\/539877","targetHints":{"allow":["GET"]}}],"collection":[{"href":"https:\/\/www.europesays.com\/pl\/wp-json\/wp\/v2\/posts"}],"about":[{"href":"https:\/\/www.europesays.com\/pl\/wp-json\/wp\/v2\/types\/post"}],"author":[{"embeddable":true,"href":"https:\/\/www.europesays.com\/pl\/wp-json\/wp\/v2\/users\/2"}],"replies":[{"embeddable":true,"href":"https:\/\/www.europesays.com\/pl\/wp-json\/wp\/v2\/comments?post=539877"}],"version-history":[{"count":0,"href":"https:\/\/www.europesays.com\/pl\/wp-json\/wp\/v2\/posts\/539877\/revisions"}],"wp:featuredmedia":[{"embeddable":true,"href":"https:\/\/www.europesays.com\/pl\/wp-json\/wp\/v2\/media\/539878"}],"wp:attachment":[{"href":"https:\/\/www.europesays.com\/pl\/wp-json\/wp\/v2\/media?parent=539877"}],"wp:term":[{"taxonomy":"category","embeddable":true,"href":"https:\/\/www.europesays.com\/pl\/wp-json\/wp\/v2\/categories?post=539877"},{"taxonomy":"post_tag","embeddable":true,"href":"https:\/\/www.europesays.com\/pl\/wp-json\/wp\/v2\/tags?post=539877"}],"curies":[{"name":"wp","href":"https:\/\/api.w.org\/{rel}","templated":true}]}}