{"id":539895,"date":"2026-07-07T03:24:23","date_gmt":"2026-07-07T03:24:23","guid":{"rendered":"https:\/\/www.europesays.com\/pl\/539895\/"},"modified":"2026-07-07T03:24:23","modified_gmt":"2026-07-07T03:24:23","slug":"stawka-dla-neurochirurga-26-tys-zl-za-godzine-patologie-trzeba-zlikwidowac","status":"publish","type":"post","link":"https:\/\/www.europesays.com\/pl\/539895\/","title":{"rendered":"Stawka dla neurochirurga 26 tys. z\u0142 za godzin\u0119? &#8222;Patologi\u0119 trzeba zlikwidowa\u0107&#8221;"},"content":{"rendered":"<p>            <a href=\"https:\/\/s-trojmiasto.pl\/zdj\/c\/n\/9\/4364\/1920x0\/4364811-Obecnie-postepuje-analiza-Narodowego-Funduszu-Zdrowia-w-pomorskim-szpitalu__c_235_30_2755_1935.webp\" target=\"_blank\" data-slide-name=\"849111\" data-lightbox-target=\"photo full\" data-sub-html=\"&lt;h4&gt;Obecnie post\u0119puje analiza Narodowego Funduszu Zdrowia w pomorskim szpitalu. &lt;\/h4&gt;&lt;p&gt;fot. Mateusz S\u0142odkowski\/Trojmiasto.pl&lt;\/p&gt;&#010;\" class=\"photoMarker__link\" data-filter-brightness=\"brightness--100\" rel=\"nofollow noopener\"><\/p>\n<p>    <img decoding=\"async\" style=\"height:526px; aspect-ratio: 1.42377\/1; filter:brightness(1);\" alt=\"Obecnie post\u0119puje analiza Narodowego Funduszu Zdrowia w pomorskim szpitalu. \" src=\"https:\/\/www.europesays.com\/pl\/wp-content\/uploads\/2026\/07\/4364811-Obecnie-postepuje-analiza-Narodowego-Funduszu-Zdrowia-w-pomorskim-szpitalu__c_235_30_2755_19.webp\" class=\"photoMarker__img \" data-slider=\"img\" fetchpriority=\"high\"\/><\/p>\n<p>            <\/a><\/p>\n<p class=\"lead\">Zabiegi kr\u0119gos\u0142upa w\u00a0publicznych szpitalach mog\u0142y przynosi\u0107 lekarzom zarobki rz\u0119du dziesi\u0105tek tysi\u0119cy z\u0142otych za godzin\u0119. Wed\u0142ug ustale\u0144 Wirtualnej Polski, procederem zajmuj\u0105 si\u0119 ju\u017c prokuratura oraz Narodowy Fundusz Zdrowia. Sprawa rzuca nowe \u015bwiat\u0142o na finansowanie \u015bwiadcze\u0144 medycznych w\u00a0Polsce.<\/p>\n<p> Ponad 26 tys. z\u0142 za godzin\u0119 pracy neurochirurga &#8211; niepokoj\u0105ce doniesienia<\/p>\n<p>                                nie, bo widz\u0119 zbyt wiele nieprawid\u0142owo\u015bci<br \/>\n                                65%<\/p>\n<p>Jak ustali\u0142a Wirtualna Polska, sp\u00f3\u0142ka zrzeszaj\u0105ca neurochirurg\u00f3w, kt\u00f3ra realizowa\u0142a \u015bwiadczenia w\u00a0publicznych szpitalach na terenie kilku wojew\u00f3dztw, mia\u0142a otrzymywa\u0107 a\u017c 65 proc. warto\u015bci wyceny NFZ za ka\u017cdy wykonany zabieg. Tego typu niekorzystne dla plac\u00f3wek umowy dotyczy\u0142y m.in. szpitala w\u00a0Mogilnie, gdzie procedury neurochirurgiczne w\u00a0obszarze leczenia kr\u0119gos\u0142upa by\u0142y wykonywane na masow\u0105 skal\u0119.<\/p>\n<p>&#8211; Skoro lekarze mieli w\u00a0kontrakcie zapis, \u017ce 65 proc. wyceny trafia do nich, to za te cztery godziny pracy inkasowali w\u00a0okolicach 105 tys. z\u0142. Tym samym stawka godzinowa za prac\u0119 jednego neurochirurga wynios\u0142a ponad 26 tys. z\u0142 &#8211; wylicza dziennikarz \u015bledczy WP.<br \/>Co wi\u0119cej, ca\u0142a procedura zabiegowa mia\u0142a trwa\u0107 zaledwie kilka minut, co przy du\u017cej liczbie operacji pozwala\u0142o na osi\u0105ganie zawrotnych kwot.<\/p>\n<p>                                    <a data-tklik=\"8535\" href=\"https:\/\/katalog.trojmiasto.pl\/zdrowie_i_medycyna\/neurochirurdzy\/\" rel=\"nofollow noopener\" target=\"_blank\"><br \/>\n                                                    Katalog.trojmiasto.pl \u2013<br \/>\n                                                                    Neurochirurdzy<br \/>\n                                                                    <\/a><\/p>\n<p>                <a data-tklik=\"8535\" href=\"https:\/\/katalog.trojmiasto.pl\/zdrowie_i_medycyna\/neurochirurdzy\/\" rel=\"nofollow noopener\" target=\"_blank\"><br \/>\n                    wi\u0119cej<\/p>\n<p>                <\/a><\/p>\n<p><\/p>\n<p>Proceder w\u00a0Mogilnie i\u00a0Miastku &#8211; 300 tys. z\u0142 za dzie\u0144 pracy<\/p>\n<p>Skala zjawiska jest pora\u017caj\u0105ca. Dzi\u0119ki wysokiej liczbie wykonywanych zabieg\u00f3w, dzienny zarobek lekarza m\u00f3g\u0142 si\u0119ga\u0107 nawet 300 tys. z\u0142. Umowy, kt\u00f3re to umo\u017cliwi\u0142y, zosta\u0142y podpisane przez poprzedni\u0105 dyrekcj\u0119 szpitala, a\u00a0sprawa trafi\u0142a ju\u017c do prokuratury.<\/p>\n<p>W takim uk\u0142adzie plac\u00f3wki medyczne, kt\u00f3re zapewnia\u0142y sal\u0119 operacyjn\u0105, personel i\u00a0materia\u0142y, otrzymywa\u0142y zaledwie 35 proc. warto\u015bci \u015bwiadczenia. Dziennikarze WP zwracaj\u0105 te\u017c uwag\u0119 na nieprawid\u0142owo\u015bci w\u00a0dokumentacji &#8211; w\u00a0niekt\u00f3rych przypadkach kodowano dro\u017csze procedury, kt\u00f3re w\u00a0rzeczywisto\u015bci nie by\u0142y wykonane.<\/p>\n<p>Podobne praktyki mia\u0142y miejsce nie tylko w\u00a0wojew\u00f3dztwie kujawsko-pomorskim, ale r\u00f3wnie\u017c w\u00a0Szpitalu Powiatowym w\u00a0Miastku na Pomorzu.<\/p>\n<p>&#8211; W\u00a0odpowiedzi na pytanie dotycz\u0105ce doniesie\u0144 medialnych na temat Szpitala w\u00a0Miastku uprzejmie informuj\u0119, \u017ce w\u00a0plac\u00f3wce trwa obecnie kontrola prowadzona przez Narodowy Fundusz Zdrowia. Ze wzgl\u0119du na prowadzone czynno\u015bci na obecnym etapie nie jeste\u015bmy w\u00a0stanie poda\u0107 wi\u0119cej szczeg\u00f3\u0142\u00f3w &#8211; przekaza\u0142a Monika Kierat, rzecznik prasowy NFZ w\u00a0Gda\u0144sku.<\/p>\n<p>                <a href=\"https:\/\/ogloszenia.trojmiasto.pl\/nieruchomosci\/gdynia\/chylonia\/\" data-tklik=\"800875\" rel=\"nofollow noopener\" target=\"_blank\"><br \/>\n                    Wi\u0119cej w serwisie Og\u0142oszenia<br \/>\n                    (322)<\/p>\n<p>                <\/a><\/p>\n<p><\/p>\n<p>Reforma systemu? Lekarze i\u00a0wiceminister o\u00a0patologii w\u00a0ochronie zdrowia<\/p>\n<p>Sprawa budzi ogromne emocje nie tylko w\u015br\u00f3d pacjent\u00f3w, ale tak\u017ce w\u00a0\u015brodowisku medycznym. O\u00a0komentarz zosta\u0142 poproszony wiceminister <a href=\"https:\/\/www.trojmiasto.pl\/wiadomosci\/Jacek-Karnowski-o4.html\" class=\"parse-link\" title=\"Jacek Karnowski\" rel=\"nofollow noopener\" target=\"_blank\">Jacek Karnowski<\/a>, kt\u00f3ry nie pozostawi\u0142 w\u0105tpliwo\u015bci:<\/p>\n<p>&#8211; Jest 95 proc. czy 99 proc. lekarzy, kt\u00f3rzy dobrze zarabiaj\u0105, bo powinni dobrze zarabia\u0107, przyzwoicie, ale jest i\u00a0patologia, i\u00a0t\u0119 patologi\u0119 trzeba zlikwidowa\u0107 &#8211; odpowiedzia\u0142 Jacek Karnowski, wiceminister w\u00a0Ministerstwie Funduszy i\u00a0Polityki Regionalnej. <br \/>Do sprawy odnie\u015bli si\u0119 r\u00f3wnie\u017c lekarze gdy\u0144skiego Szpitala \u015bw. Wincentego a\u00a0Paulo, kt\u00f3rzy nie kryli oburzenia doniesieniami.<\/p>\n<p>&#8211; Nie b\u0119d\u0119 komentowa\u0142 tego typu zarobk\u00f3w, bo s\u0105 one szokuj\u0105ce, zar\u00f3wno dla pa\u0144stwa, dla spo\u0142ecze\u0144stwa, ale r\u00f3wnie\u017c dla nas, spo\u0142ecze\u0144stwa medycznego. Wierz\u0119 w\u00a0to, \u017ce Ministerstwo Zdrowia przeprowadzi reformy, kt\u00f3re zlikwiduj\u0105 tego typu kominy &#8211; powiedzia\u0142 lek. med. Tomasz Rogowski, kierownik oddzia\u0142u Chirurgii Og\u00f3lnej w\u00a0Szpitalu \u015bw. Wincentego a\u00a0Paulo w\u00a0Gdyni. <\/p>\n<p>Kontrole NFZ i\u00a0\u015bledztwo prokuratury &#8211; co dalej?<\/p>\n<p>Narodowy Fundusz Zdrowia zapowiedzia\u0142 ju\u017c wzmo\u017cone kontrole w\u00a0szpitalach, w\u00a0kt\u00f3rych mog\u0142o dochodzi\u0107 do podobnych nadu\u017cy\u0107. R\u00f3wnolegle \u015bledztwo prowadzi prokuratura, kt\u00f3ra bada zar\u00f3wno kwestie finansowe, jak i\u00a0ewentualne fa\u0142szowanie dokumentacji medycznej.<\/p>\n<p>Czy Ministerstwo Zdrowia przygotuje zmiany, kt\u00f3re skutecznie uszczelni\u0105 system wycen \u015bwiadcze\u0144?<\/p>\n<p><a href=\"https:\/\/www.trojmiasto.pl\/zdrowie\/Minister-zdrowia-nadal-otrzymuje-pieniadze-od-szpitalnej-spolki-Sobieranska-Grenda-straci-stanowisko-n222216.html\" data-tklik=\"492281\" class=\"marker-news component newsMarker\" rel=\"nofollow noopener\" target=\"_blank\"><br \/>\n            <img decoding=\"async\" src=\"https:\/\/www.europesays.com\/pl\/wp-content\/uploads\/2026\/07\/4362742__kr.webp\" alt=\"Minister zdrowia nadal otrzymuje pieni\u0105dze od szpitalnej sp\u00f3\u0142ki\" class=\"lazy newsMarker__img\"\/><br \/>\n        Minister zdrowia nadal otrzymuje pieni\u0105dze od szpitalnej sp\u00f3\u0142ki<br \/>\n<\/a><\/p>\n<p><\/p>\n<p>Czy minister zdrowia utrzyma swoje stanowisko? Premier czeka na rekomendacje<\/p>\n<p>Podczas konferencji w\u00a0pi\u0105tek 3 lipca premier <a href=\"https:\/\/www.trojmiasto.pl\/wiadomosci\/Donald-Tusk-o6.html\" class=\"parse-link\" title=\"Donald Tusk\" rel=\"nofollow noopener\" target=\"_blank\">Donald Tusk<\/a> podkre\u015bli\u0142, \u017ce oczekuje pilnych rekomendacji w\u00a0sprawie ochrony zdrowia.<\/p>\n<p>&#8211; Zwr\u00f3ci\u0142em si\u0119 do pani minister zdrowia i\u00a0do szefostwa NFZ wiele dni temu o\u00a0przygotowanie precyzyjnych rekomendacji dotycz\u0105cych spraw, z\u00a0kt\u00f3rymi mamy do czynienia w\u00a0wielu polskich szpitalach. Je\u015bli do wtorku nie otrzymam satysfakcjonuj\u0105cych rekomendacji, to w\u00a0\u015brod\u0119 podejm\u0119 odpowiednie decyzje, tak\u017ce personalne &#8211; m\u00f3wi\u0142 na konferencji Tusk.\n                <\/p>\n","protected":false},"excerpt":{"rendered":"Zabiegi kr\u0119gos\u0142upa w\u00a0publicznych szpitalach mog\u0142y przynosi\u0107 lekarzom zarobki rz\u0119du dziesi\u0105tek tysi\u0119cy z\u0142otych za godzin\u0119. Wed\u0142ug ustale\u0144 Wirtualnej Polski,&hellip;\n","protected":false},"author":2,"featured_media":539896,"comment_status":"","ping_status":"","sticky":false,"template":"","format":"standard","meta":{"footnotes":"","_share_on_mastodon":"0"},"categories":[51610],"tags":[43283,18898,12097,1048,1064,3751,106017,41371,614,17693,10780,106034,106016,11341,106033,52553,106036,229,7903,24329,42,30188,44401,38,40,39,41,5296,1756,31115,1627,3989,106037,1078,35768,3278,106038,5602,106015,106035,95,11273,73198,38946,30243,36279],"class_list":["post-539895","post","type-post","status-publish","format-standard","has-post-thumbnail","category-gdansk","tag-chirurgia","tag-dokumentacja","tag-finansowanie","tag-gdansk","tag-gdynia","tag-godzina","tag-jacek-karnowski","tag-kierownik","tag-kontrakt","tag-kregoslup","tag-lekarz","tag-miastko","tag-ministerstwo-funduszy-i-polityki-regionalnej","tag-ministerstwo-zdrowia","tag-mogilno","tag-narodowy-fundusz-zdrowia","tag-neurochirurg","tag-nfz","tag-oddzial","tag-patologia","tag-pl","tag-placowka","tag-platnik","tag-poland","tag-polish","tag-polska","tag-polski","tag-pomorze","tag-praca","tag-procedura","tag-prokuratura","tag-reforma","tag-sala-operacyjna","tag-spolka","tag-stawka","tag-swiadczenie","tag-swiadczenie-medyczne","tag-szpital","tag-szpital-sw-wincentego-a-paulo","tag-tomasz-rogowski","tag-umowa","tag-wiceminister","tag-wirtualna-polska","tag-wojewodztwo","tag-zabieg","tag-zarobek"],"share_on_mastodon":{"url":"","error":"Validation failed: Text character limit of 500 exceeded"},"_links":{"self":[{"href":"https:\/\/www.europesays.com\/pl\/wp-json\/wp\/v2\/posts\/539895","targetHints":{"allow":["GET"]}}],"collection":[{"href":"https:\/\/www.europesays.com\/pl\/wp-json\/wp\/v2\/posts"}],"about":[{"href":"https:\/\/www.europesays.com\/pl\/wp-json\/wp\/v2\/types\/post"}],"author":[{"embeddable":true,"href":"https:\/\/www.europesays.com\/pl\/wp-json\/wp\/v2\/users\/2"}],"replies":[{"embeddable":true,"href":"https:\/\/www.europesays.com\/pl\/wp-json\/wp\/v2\/comments?post=539895"}],"version-history":[{"count":0,"href":"https:\/\/www.europesays.com\/pl\/wp-json\/wp\/v2\/posts\/539895\/revisions"}],"wp:featuredmedia":[{"embeddable":true,"href":"https:\/\/www.europesays.com\/pl\/wp-json\/wp\/v2\/media\/539896"}],"wp:attachment":[{"href":"https:\/\/www.europesays.com\/pl\/wp-json\/wp\/v2\/media?parent=539895"}],"wp:term":[{"taxonomy":"category","embeddable":true,"href":"https:\/\/www.europesays.com\/pl\/wp-json\/wp\/v2\/categories?post=539895"},{"taxonomy":"post_tag","embeddable":true,"href":"https:\/\/www.europesays.com\/pl\/wp-json\/wp\/v2\/tags?post=539895"}],"curies":[{"name":"wp","href":"https:\/\/api.w.org\/{rel}","templated":true}]}}