{"id":540098,"date":"2026-07-07T05:35:11","date_gmt":"2026-07-07T05:35:11","guid":{"rendered":"https:\/\/www.europesays.com\/pl\/540098\/"},"modified":"2026-07-07T05:35:11","modified_gmt":"2026-07-07T05:35:11","slug":"25-roku-po-zmianie-wladzy-tak-wygladaja-obiecane-rozliczenia-pis","status":"publish","type":"post","link":"https:\/\/www.europesays.com\/pl\/540098\/","title":{"rendered":"2,5 roku po zmianie w\u0142adzy. Tak wygl\u0105daj\u0105 obiecane rozliczenia PiS"},"content":{"rendered":"<p>Jakie jest tempo \u015bledztw przeciwko politykom PiS i jakie s\u0105 ich konsekwencje.<\/p>\n<p>Dlaczego postawienie polityk\u00f3w PiS przed Trybuna\u0142em Stanu jest w\u0105tpliwe.<\/p>\n<p>Kt\u00f3re g\u0142o\u015bne afery zwi\u0105zane z PiS s\u0105 obecnie badane przez prokuratur\u0119.<\/p>\n<p>Co oznacza powolne tempo rozlicze\u0144 dla obecnej koalicji rz\u0105dz\u0105cej.<\/p>\n<p>P\u00f3\u0142tora roku przed kolejnymi wyborami parlamentarnymi stan obiecywanych rozlicze\u0144 rz\u0105d\u00f3w PiS pe\u0142en jest paradoks\u00f3w. Prokuratura co prawda prowadzi liczne \u015bledztwa, a wiele z nich jest na zaawansowanym etapie, zwie\u0144czonym przedstawieniem zarzut\u00f3w i skierowaniem akt\u00f3w oskar\u017cenia do s\u0105du. Ewentualne wyroki pozostaj\u0105 jednak odleg\u0142\u0105 perspektyw\u0105 i w\u0105tpliwe jest, by przed ko\u0144cem obecnej kadencji zapad\u0142y prawomocne decyzje. Obietnica rozlicze\u0144, kt\u00f3r\u0105<br \/>\n<a href=\"https:\/\/wiadomosci.radiozet.pl\/tag\/kategoria\/donald-tusk\" target=\"_blank\" rel=\"dofollow noopener\">Donald Tusk<\/a> z\u0142o\u017cy\u0142 w kampanii wyborczej w 2023 roku, okaza\u0142a si\u0119 planem, kt\u00f3rego z obiektywnych przyczyn \u2013 przy obecnym tempie dzia\u0142ania wymiaru sprawiedliwo\u015bci \u2013 nie da si\u0119 zrealizowa\u0107 w ci\u0105gu czterech lat. Bardzo mo\u017cliwe jednak, \u017ce wielu polityk\u00f3w PiS stanie przed s\u0105dem jeszcze przed jesieni\u0105 2027 roku. Pod koniec czerwca rozpocz\u0105\u0142 si\u0119 proces Dariusza Mateckiego. Dotyczy on tzw. szczeci\u0144skiego w\u0105tku afery Funduszu Sprawiedliwo\u015bci.<\/p>\n<p>Tempo rozlicze\u0144 i brak prawomocnych wyrok\u00f3w po ponad dw\u00f3ch latach rz\u0105d\u00f3w obecnej koalicji z pewno\u015bci\u0105 nie zadowalaj\u0105 jej zwolennik\u00f3w i wyborc\u00f3w. Po 13 grudnia 2023 roku, szybkim przej\u0119ciu TVP przez ludzi \u00f3wczesnego ministra kultury Bart\u0142omieja Sienkiewicza, a tak\u017ce skutecznym osadzeniu prawomocnie skazanych Mariusza Kami\u0144skiego i Macieja W\u0105sika wydawa\u0142o si\u0119, \u017ce zapowiadane przez Tuska rozliczenia PiS szybko stan\u0105 si\u0119 faktem. Praktyka pokaza\u0142a jednak co\u015b zgo\u0142a odmiennego \u2013 m\u0142yny sprawiedliwo\u015bci, nawet po odsuni\u0119ciu PiS od w\u0142adzy, miel\u0105 r\u00f3wnie powoli.\u00a0<\/p>\n<p>Wspomniany Bart\u0142omiej Sienkiewicz, obecnie europose\u0142 KO, nie zostawia suchej nitki na dzia\u0142aniach prokuratury. \u2013 Na razie wydaje mi si\u0119, \u017ce ta niezale\u017cno\u015b\u0107 prokuratury polega na tym, \u017ce im po prostu nie zale\u017cy. M\u00f3wi\u0119 o tym z b\u00f3lem, z trudem hamuj\u0105c emocje. Mo\u017ce jest ich za du\u017co. Ale rzecz nie idzie tak naprawd\u0119 o PiS, Korneluka czy Bodnara oraz ich zaniechania lub nieumiej\u0119tno\u015b\u0107 dzia\u0142ania. Rzecz idzie o elementarne poczucie sprawiedliwo\u015bci \u2013 komentuje na swoim wideoblogu.<\/p>\n<p>Wiceszef resortu sprawiedliwo\u015bci<br \/>\n<a href=\"https:\/\/wiadomosci.radiozet.pl\/gosc-radia-zet\/myrcha-o-sciagnieciu-ziobry-bedzie-mialo-wplyw-na-wybory\" target=\"_blank\" rel=\"dofollow noopener\">Arkadiusz Myrcha, pytany w programie \u201eGo\u015b\u0107 Radia ZET\u201d<\/a> o te s\u0142owa i dzia\u0142ania \u015bledczych, przekonuje, \u017ce ma zaufanie do prokuratury. Zaznacza jednak, \u017ce czym innym jest ocena poszczeg\u00f3lnych decyzji procesowych, takich jak umorzenia czy kierowanie akt\u00f3w oskar\u017cenia.\u2013 One bardzo cz\u0119sto wywo\u0142uj\u0105 dyskusj\u0119 polityczn\u0105, emocje i r\u00f3\u017cnego rodzaju komentarze. Ja mog\u0119 wewn\u0119trznie czy te\u017c politycznie odczuwa\u0107 emocje po us\u0142yszeniu decyzji prokuratury. Natomiast, bazuj\u0105c na tym, \u017ce osoba, kt\u00f3ra podejmuje t\u0119 decyzj\u0119, najlepiej zna materia\u0142 dowodowy wraz ze swoimi prze\u0142o\u017conymi, dzia\u0142am w zaufaniu. Tak jak wobec wszystkich innych instytucji publicznych, chocia\u017c nie zawsze podzielam ten kierunek \u2013 stwierdza.<\/p>\n<p>\t\t\t\t                                    \t<a name=\"eztoc42195770_0_5\" id=\"eztoc42195770_0_5\"\/>Ziobro ucieka przed wymiarem sprawiedliwo\u015bci<\/p>\n<p>W g\u0142o\u015bnym \u015bledztwie dotycz\u0105cym Funduszu Sprawiedliwo\u015bci prokuratura skierowa\u0142a ju\u017c do s\u0105du akty oskar\u017cenia przeciwko Dariuszowi Mateckiemu i Micha\u0142owi Wosiowi. Jedena\u015bcie zarzut\u00f3w us\u0142ysza\u0142 Marcin Romanowski, kt\u00f3ry \u2013 podobnie jak<br \/>\n<a href=\"https:\/\/wiadomosci.radiozet.pl\/tag\/kategoria\/zbigniew-ziobro\" target=\"_blank\" rel=\"dofollow noopener\">Zbigniew Ziobro<\/a> \u2013 przebywa poza terytorium Polski. By\u0142y minister sprawiedliwo\u015bci ma w tej sprawie status podejrzanego. Prokuratura chce mu postawi\u0107 a\u017c 26 zarzut\u00f3w, w tym najpowa\u017cniejszy \u2013 kierowanie zorganizowan\u0105 grup\u0105 przest\u0119pcz\u0105. Poci\u0105gni\u0119cie go do odpowiedzialno\u015bci nieustannie napotyka jednak rozmaite przeszkody. Obecnie Ziobro jest w USA. Wcze\u015bniej przez wiele miesi\u0119cy przebywa\u0142 na W\u0119grzech, gdzie politycznego schronienia udzieli\u0142 mu by\u0142y premier tego kraju Viktor Orb\u00e1n. Na pocz\u0105tku lipca S\u0105d Okr\u0119gowy w Warszawie utrzyma\u0142 w mocy decyzj\u0119 o zastosowaniu wobec Ziobry tymczasowego aresztu.<\/p>\n<p>Kluczowych rozstrzygni\u0119\u0107 nadal brakuje w sprawie nielegalnego wykorzystywania systemu Pegasus. Jak dot\u0105d zarzut\u00f3w nie us\u0142ysza\u0142 \u017caden z polityk\u00f3w PiS, ale nie oznacza to, \u017ce \u015bledztwo utkn\u0119\u0142o w martwym punkcie. Od 2025 roku prokuratura przedstawi\u0142a zarzuty by\u0142ym szefom CBA, funkcjonariuszom Biura, a tak\u017ce by\u0142ym szefom ABW i SKW. Komisja \u015bledcza badaj\u0105ca afer\u0119 Pegasusaw najbli\u017cszym czasie ma przedstawi\u0107 ko\u0144cowy, obszerny raport, sk\u0142adaj\u0105cy si\u0119 z cz\u0119\u015bci jawnej i niejawnej. Jak informowali\u015bmy na RadioZET.pl, w tej sprawie pojawi\u0105 si\u0119 kolejne zawiadomienia do prokuratury.<\/p>\n<p>Jedna z najpowa\u017cniejszych afer z okresu rz\u0105d\u00f3w PiS dotyczy\u0142a Rz\u0105dowej Agencji Rezerw Strategicznych. Zarzuty postawiono ju\u017c kilkunastu osobom, w tym urz\u0119dnikom pa\u0144stwowym i przedsi\u0119biorcom. Ponadto prokuratura skierowa\u0142a do s\u0105du dwa akty oskar\u017cenia. Zarzuty us\u0142ysza\u0142 r\u00f3wnie\u017c bliski wsp\u00f3\u0142pracownik Mateusza Morawieckiego i by\u0142y szef RARS Micha\u0142 Kuczmierowski.Dotycz\u0105 one udzia\u0142u w zorganizowanej grupie przest\u0119pczej, niedope\u0142nienia obowi\u0105zk\u00f3w oraz przekroczenia uprawnie\u0144 w celu osi\u0105gni\u0119cia korzy\u015bci maj\u0105tkowej. Kuczmierowski przebywa obecnie w Wielkiej Brytanii, gdzie w 2024 roku zosta\u0142 zatrzymany na podstawie Europejskiego Nakazu Aresztowania. Post\u0119powanie ekstradycyjne nadal trwa. W czerwcu 2026 roku londy\u0144ski s\u0105d po raz kolejny odroczy\u0142 wydanie decyzji w sprawie przekazania Kuczmierowskiego Polsce. Pod koniec czerwca S\u0105d Apelacyjny w Warszawie mia\u0142 wyda\u0107 decyzj\u0119 w sprawie za\u017calenia obro\u0144cy Kuczmierowskiego na odmow\u0119 wydania listu \u017celaznego. Posiedzenie s\u0105du odwo\u0142awczego zosta\u0142o zdj\u0119te z wokandy.<br \/>\n<a href=\"https:\/\/wiadomosci.radiozet.pl\/polityka\/afera-rars-kolejne-komplikacje-w-sprawie-michala-kuczmierowskiego-sad-ma-problem\" target=\"_blank\" rel=\"dofollow noopener\">Jak informowa\u0142 RadioZET.pl, powodem decyzji jest\u00a0\u201eskomplikowany charakter sprawy\u201d.<\/a><\/p>\n<p>Nadal trwa \u015bledztwo w sprawie afery wizowej, ale cz\u0119\u015b\u0107 w\u0105tk\u00f3w zosta\u0142a ju\u017c skierowana do s\u0105du. Pierwszy akt oskar\u017cenia obj\u0105\u0142 sze\u015b\u0107 os\u00f3b. Zarzucono im 14 przest\u0119pstw, przede wszystkim zwi\u0105zanych z dzia\u0142alno\u015bci\u0105 Edgara K., polegaj\u0105c\u0105 na p\u0142atnym po\u015brednictwie przy uzyskiwaniu wiz. Drugi akt oskar\u017cenia obj\u0105\u0142 cztery osoby, w tym Edgara K. oraz by\u0142ego wiceszefa MSZ Piotra Wawrzyka. Edgarowi K. prokuratura zarzuca dziewi\u0119\u0107 przest\u0119pstw p\u0142atnej protekcji dotycz\u0105cych organizowania nieformalnego uzyskiwania lub przyspieszania wydawania wiz dla cudzoziemc\u00f3w w zamian za pieni\u0105dze. Wawrzykowi zarzuca przekroczenie uprawnie\u0144 i ujawnienie informacji s\u0142u\u017cbowych.<\/p>\n<p><a name=\"eztoc42195770_0_6\" id=\"eztoc42195770_0_6\"\/>K\u0142opoty Macierewicza, B\u0142aszczaka i Cenckiewicza<\/p>\n<p>Rozliczenia obejmuj\u0105 tak\u017ce wiele innych g\u0142o\u015bnych spraw. Prokuratura skierowa\u0142a do s\u0105du akty oskar\u017cenia przeciwko by\u0142emu szefowi MON Mariuszowi B\u0142aszczakowi oraz by\u0142emu dyrektorowi Wojskowego Biura Historycznego S\u0142awomirowi Cenckiewiczowi. Chodzi o ujawnienie plan\u00f3w obronnych \u201eWarta\u201d. W lipcu 2023 roku B\u0142aszczak zdj\u0105\u0142 klauzul\u0119 tajno\u015bci z fragment\u00f3w plan\u00f3w i wykorzysta\u0142 je podczas kampanii wyborczej PiS. Prokuratura uzna\u0142a, \u017ce dokumenty zawiera\u0142y informacje o strategicznym znaczeniu dla bezpiecze\u0144stwa pa\u0144stwa.<\/p>\n<p>K\u0142opoty ma tak\u017ce<br \/>\n<a href=\"https:\/\/wiadomosci.radiozet.pl\/tag\/kategoria\/antoni-macierewicz\" target=\"_blank\" rel=\"dofollow noopener\">Antoni Macierewicz<\/a>. Prokuratura zarzuca mu, \u017ce jako przewodnicz\u0105cy podkomisji smole\u0144skiej i cz\u0142onek Komisji Badania Wypadk\u00f3w Lotniczych Lotnictwa Pa\u0144stwowego w latach 2018\u20132022 bezprawnie ujawni\u0142 informacje o najwy\u017cszych klauzulach tajno\u015bci \u2013 od \u201ezastrze\u017cone\u201d po \u201e\u015bci\u015ble tajne\u201d. Wed\u0142ug \u015bledczych upubliczni\u0142 fragmenty dokument\u00f3w oraz inne chronione informacje dotycz\u0105ce katastrofy smole\u0144skiej, do kt\u00f3rych mia\u0142 dost\u0119p wy\u0142\u0105cznie ze wzgl\u0119du na pe\u0142nion\u0105 funkcj\u0119. Za zarzucany czyn grozi mu do pi\u0119ciu lat pozbawienia wolno\u015bci.<\/p>\n<p>\u015aledczy badaj\u0105 tak\u017ce afer\u0119 hejtersk\u0105 w Ministerstwie Sprawiedliwo\u015bci. Dotyczy ona zorganizowanej kampanii wymierzonej w niezale\u017cnych s\u0119dzi\u00f3w w latach 2018\u20132019. Wed\u0142ug ustale\u0144 prokuratury i materia\u0142\u00f3w zgromadzonych w \u015bledztwie, z wykorzystaniem danych pochodz\u0105cych z resortu sprawiedliwo\u015bci oraz prywatnej komunikacji prowadzono akcj\u0119 oczerniania s\u0119dzi\u00f3w krytycznych wobec reform wymiaru sprawiedliwo\u015bci. Zarzuty w tej sprawie us\u0142ysza\u0142 by\u0142y wiceminister sprawiedliwo\u015bci \u0141ukasz Piebiak, kt\u00f3remu \u015bledczy zarzucaj\u0105 m.in. przekroczenie uprawnie\u0144 i udzia\u0142 w bezprawnym przetwarzaniu danych. Post\u0119powanie obejmuje r\u00f3wnie\u017c kilku by\u0142ych urz\u0119dnik\u00f3w Ministerstwa Sprawiedliwo\u015bci oraz osoby wsp\u00f3\u0142pracuj\u0105ce przy organizowaniu kampanii hejterskiej. \u015aledztwo nadal trwa, a prokuratura nie skierowa\u0142a jeszcze aktu oskar\u017cenia w jego g\u0142\u00f3wnym w\u0105tku. Tymczasem Piebiak z rekomendacji PiS znalaz\u0142 si\u0119 w sk\u0142adzie Krajowej Rady S\u0105downictwa.<\/p>\n<p><a name=\"eztoc42195770_0_6_5\" id=\"eztoc42195770_0_6_5\"\/>Fiasko z Trybuna\u0142em Stanu dla polityk\u00f3w PiS<\/p>\n<p>W kampanii wyborczej w 2023 roku Donald Tusk i Koalicja Obywatelska obiecywali tak\u017ce rozliczenie najwa\u017cniejszych polityk\u00f3w z okresu rz\u0105d\u00f3w PiS przed Trybuna\u0142em Stanu. Do odpowiedzialno\u015bci mieli zosta\u0107 poci\u0105gni\u0119ci: Andrzej Duda, Mateusz Morawiecki, Jacek Sasin, Zbigniew Ziobro, Adam Glapi\u0144ski oraz Maciej \u015awirski, by\u0142y przewodnicz\u0105cy KRRiT.<br \/>\n<a href=\"https:\/\/wiadomosci.radiozet.pl\/polityka\/szybkie-rozliczenia-i-wnioski-o-trybunal-stanu-zapal-koalicji-oslabl-to-nie-jest-priorytet\" target=\"_blank\" rel=\"dofollow noopener\">Jak pisali\u015bmy na RadioZET.pl, obietnica postawienia polityk\u00f3w PiS przed Trybuna\u0142em Stanu mo\u017ce okaza\u0107 si\u0119 trudna do zrealizowania, a w praktyce nawet niewykonalna. <\/a>W lipcu 2025 roku Sejm wyrazi\u0142 zgod\u0119, by odpowiedzialno\u015b\u0107 za swoje decyzje w KRRiT poni\u00f3s\u0142 Maciej \u015awirski, ale jak dot\u0105d Trybuna\u0142 Stanu nie zaj\u0105\u0142 si\u0119 t\u0105 spraw\u0105. Obecnie przygotowywany jest wniosek o postawienie przed Trybuna\u0142em Stanu prezesa NBP Adama Glapi\u0144skiego. I na tym koniec.<\/p>\n<p>&#8211; Wnioski o Trybuna\u0142 Stanu nie s\u0105 w tym momencie naszym priorytetem. Oczywi\u015bcie, nie rezygnujemy z pr\u00f3b poci\u0105gni\u0119cia do odpowiedzialno\u015bci os\u00f3b, kt\u00f3re nadu\u017cy\u0142y swojej pozycji, \u0142ama\u0142y konstytucj\u0119, czy przekracza\u0142y uprawnienia. Natomiast s\u0105 to d\u0142ugie procesy i trzeba zaakceptowa\u0107, \u017ce szybko si\u0119 nie zako\u0144cz\u0105 \u2013 m\u00f3wi\u0142a naszemu portalowi pos\u0142anka KO Dorota \u0141oboda.<\/p>\n<p>&#8211; Do\u015bwiadczenie ubieg\u0142ych lat pokazuje, \u017ce Trybuna\u0142 Stanu jest bardzo nieefektywny. Pami\u0119tam zaledwie jeden przypadek skazania polityka. P\u00f3\u017aniej by\u0142o jeszcze kilka pr\u00f3b, ale one ko\u0144czy\u0142y si\u0119 niepowodzeniem. Co wi\u0119cej, pani prezes Manowska, jako przewodnicz\u0105ca, nie zwo\u0142a\u0142a posiedzenia Trybuna\u0142u w poprzedniej ani tej kadencji. Wszystko to pokazuje, \u017ce postawienie przed Trybuna\u0142em Stanu, a tym bardziej skazanie kt\u00f3rego\u015b z wymienionych polityk\u00f3w, jest bardzo ma\u0142o prawdopodobne \u2013 m\u00f3wi\u0142 RadioZET.pl prof. Zbigniew \u0106wi\u0105kalski, by\u0142y minister sprawiedliwo\u015bci i prokurator generalny.<\/p>\n<p><a name=\"eztoc42195770_0_6_6\" id=\"eztoc42195770_0_6_6\"\/>Sprawa \u201edw\u00f3ch wie\u017c\u201d Kaczy\u0144skiego umorzona<\/p>\n<p>Powolne tempo rozlicze\u0144 PiS jest rozczarowaniem dla wyborc\u00f3w, kt\u00f3rzy 15 pa\u017adziernika 2023 roku poparli ugrupowania tworz\u0105ce obecn\u0105 koalicj\u0119 rz\u0105dz\u0105c\u0105. W kampanii Donald Tusk obiecywa\u0142: \u201eZwyci\u0119\u017cymy, rozliczymy, naprawimy krzywdy, pojednamy\u201d. Po wygranych wyborach powt\u00f3rzy\u0142 t\u0119 sam\u0105 sekwencj\u0119 w or\u0119dziu noworocznym jako premier, m\u00f3wi\u0105c: \u201eZwyci\u0119\u017cymy &#8211; to ju\u017c si\u0119 sta\u0142o. Rozliczymy z\u0142o &#8211; to ju\u017c si\u0119 dzieje. Naprawimy krzywdy &#8211; to te\u017c ju\u017c zaczynamy. I najwa\u017cniejsze \u2013 pojednamy\u201d. S\u0142owa te okaza\u0142y si\u0119 mocno na wyrost, ale faktem jest, \u017ce zapowiadane rozliczenia trwaj\u0105, nawet je\u015bli do potencjalnych wyrok\u00f3w s\u0105dowych wci\u0105\u017c daleka droga.<\/p>\n<p>Paradoksalnie taki stan rzeczy nie musi by\u0107 dla Donalda Tuska i Koalicji Obywatelskiej politycznym obci\u0105\u017ceniem. Powolne tempo \u015bledztw i brak prze\u0142omowych rozstrzygni\u0119\u0107 po ponad dw\u00f3ch latach rz\u0105d\u00f3w mog\u0105 wr\u0119cz stanowi\u0107 argument na rzecz tezy, \u017ce prokuratura i s\u0105dy nie dzia\u0142aj\u0105 na polityczne zam\u00f3wienie. Gdyby wymiar sprawiedliwo\u015bci rzeczywi\u015bcie by\u0142 sterowany przez w\u0142adz\u0119, jak przekonuje PiS, wielu czo\u0142owych polityk\u00f3w tej partii najpewniej ju\u017c dawno us\u0142ysza\u0142oby prawomocne wyroki i trafi\u0142oby za kratki.<\/p>\n<p>Tymczasem rzeczywisto\u015b\u0107 jest znacznie bardziej z\u0142o\u017cona \u2013 \u015bledztwa trwaj\u0105, akty oskar\u017cenia obejmuj\u0105 jedynie cz\u0119\u015b\u0107 spraw, a wiele post\u0119powa\u0144 wci\u0105\u017c znajduje si\u0119 na etapie przygotowawczym. To os\u0142abia narracj\u0119 PiS o \u201edemokracji walcz\u0105cej\u201d, \u201ekryptodyktaturze\u201d czy \u201ebia\u0142oruskich standardach\u201d, poniewa\u017c nie znajduje ona potwierdzenia w dzia\u0142aniach organ\u00f3w \u015bcigania. Dobrym przyk\u0142adem jest niedawna decyzja prokuratury o umorzeniu \u015bledztwa w sprawie tzw. \u201edw\u00f3ch wie\u017c\u201d, pokazuj\u0105ca, \u017ce nie ka\u017cde post\u0119powanie ko\u0144czy si\u0119 zgodnie z politycznymi oczekiwaniami rz\u0105dz\u0105cych.\u00a0<\/p>\n<p>\u0179r\u00f3d\u0142o: Radio ZET<\/p>\n<p>By\u0142e\u015b \u015bwiadkiem czego\u015b niespodziewanego? Masz temat, kt\u00f3rym powinni\u015bmy si\u0119 zaj\u0105\u0107?<\/p>\n<p>Zg\u0142o\u015b spraw\u0119 przez <a href=\"https:\/\/wiadomosci.radiozet.pl\/czerwony-telefon\" target=\"_blank\" title=\"Czerwony telefon Radia Zet\" rel=\"nofollow noopener\">Czerwony telefon Radia ZET<\/a><\/p>\n","protected":false},"excerpt":{"rendered":"Jakie jest tempo \u015bledztw przeciwko politykom PiS i jakie s\u0105 ich konsekwencje. Dlaczego postawienie polityk\u00f3w PiS przed Trybuna\u0142em&hellip;\n","protected":false},"author":2,"featured_media":540099,"comment_status":"","ping_status":"","sticky":false,"template":"","format":"standard","meta":{"footnotes":"","_share_on_mastodon":"0"},"categories":[62713],"tags":[11215,106081,1345,2882,7120,6199,529,2462,7977],"class_list":["post-540098","post","type-post","status-publish","format-standard","has-post-thumbnail","category-donald-tusk","tag-afera","tag-afera-wizowa","tag-donald-tusk","tag-korupcja","tag-mateusz-morawiecki","tag-pegasus","tag-pis","tag-polska-polityka","tag-zbigniew-ziobro"],"share_on_mastodon":{"url":"https:\/\/pubeurope.com\/@pl\/116877074544544796","error":""},"_links":{"self":[{"href":"https:\/\/www.europesays.com\/pl\/wp-json\/wp\/v2\/posts\/540098","targetHints":{"allow":["GET"]}}],"collection":[{"href":"https:\/\/www.europesays.com\/pl\/wp-json\/wp\/v2\/posts"}],"about":[{"href":"https:\/\/www.europesays.com\/pl\/wp-json\/wp\/v2\/types\/post"}],"author":[{"embeddable":true,"href":"https:\/\/www.europesays.com\/pl\/wp-json\/wp\/v2\/users\/2"}],"replies":[{"embeddable":true,"href":"https:\/\/www.europesays.com\/pl\/wp-json\/wp\/v2\/comments?post=540098"}],"version-history":[{"count":0,"href":"https:\/\/www.europesays.com\/pl\/wp-json\/wp\/v2\/posts\/540098\/revisions"}],"wp:featuredmedia":[{"embeddable":true,"href":"https:\/\/www.europesays.com\/pl\/wp-json\/wp\/v2\/media\/540099"}],"wp:attachment":[{"href":"https:\/\/www.europesays.com\/pl\/wp-json\/wp\/v2\/media?parent=540098"}],"wp:term":[{"taxonomy":"category","embeddable":true,"href":"https:\/\/www.europesays.com\/pl\/wp-json\/wp\/v2\/categories?post=540098"},{"taxonomy":"post_tag","embeddable":true,"href":"https:\/\/www.europesays.com\/pl\/wp-json\/wp\/v2\/tags?post=540098"}],"curies":[{"name":"wp","href":"https:\/\/api.w.org\/{rel}","templated":true}]}}