{"id":540152,"date":"2026-07-07T06:17:11","date_gmt":"2026-07-07T06:17:11","guid":{"rendered":"https:\/\/www.europesays.com\/pl\/540152\/"},"modified":"2026-07-07T06:17:11","modified_gmt":"2026-07-07T06:17:11","slug":"onkoedukatorzy-poszukiwani-maja-mowic-w-swoim-otoczeniu-o-badaniach-profilaktycznych","status":"publish","type":"post","link":"https:\/\/www.europesays.com\/pl\/540152\/","title":{"rendered":"Onkoedukatorzy poszukiwani. Maj\u0105 m\u00f3wi\u0107 w swoim otoczeniu o badaniach profilaktycznych"},"content":{"rendered":"<p>Trwa rekrutacja do programu Onkoedukator.<\/p>\n<p>Zdj\u0119cie ilustracyjne. Fot. Pixabay<\/p>\n<p>Trwa rekrutacja do programu Onkoedukator. Dolno\u015bl\u0105skie Centrum Onkologii, Pulmonologii i Hematologii we Wroc\u0142awiu szuka os\u00f3b, kt\u00f3re chc\u0105 m\u00f3wi\u0107 o badaniach profilaktycznych ratuj\u0105cych \u017cycie. Osoby zakwalifikowane do programu otrzymaj\u0105 bezp\u0142atne szkolenie prowadzone przez ekspert\u00f3w, dost\u0119p do materia\u0142\u00f3w edukacyjnych oraz wsparcie merytoryczne.<\/p>\n<p style=\"text-align: justify;\">Onkoedukatorzy poszukiwani &#8211; Dolno\u015bl\u0105skie Centrum Onkologii, Pulmonologii i Hematologii we Wroc\u0142awiu czeka na osoby, kt\u00f3re chc\u0105 zaanga\u017cowa\u0107 si\u0119 w edukacj\u0119 zdrowotn\u0105 i promocj\u0119 profilaktyki nowotworowej w swoich miejscowo\u015bciach. Jako jedna z pierwszych do programu zg\u0142osi\u0142a si\u0119 Wroc\u0142awianka Nina Hutnik, kt\u00f3rej badania profilaktyczne uratowa\u0142y \u017cycie i dlatego teraz dzieli si\u0119 swoim do\u015bwiadczeniem:<\/p>\n<p style=\"text-align: justify;\">&#8211; To nie jest straszna robota, je\u015bli chodzi o du\u017c\u0105 ilo\u015b\u0107 czasu, tylko jest to trudna robota ze wzgl\u0119du na to, \u017ce ludzie nie chc\u0105 si\u0119 bada\u0107 i dlatego potrzebni s\u0105 ci onkoedukatorzy. Jak tylko gdzie\u015b id\u0119 co\u015b za\u0142atwi\u0107, wchodz\u0119 do kt\u00f3regokolwiek pokoju, za\u0142atwiam spraw\u0119 i pada na sam koniec, przy samych drzwiach pytanie: \u00bbBada\u0142y\u015bcie si\u0119? Kt\u00f3ra by\u0142a, kt\u00f3ra nie? To zapraszam, tutaj telefon i prosz\u0119 si\u0119 um\u00f3wi\u0107 na badanie\u00ab.<\/p>\n<p>&#13;<br \/>\n\t\t\t\t\t\t\t\t\t\tAby ods\u0142ucha\u0107 za\u0142\u0105czonego d\u017awi\u0119ku zaktualizuj przegl\u0105dark\u0119 lub\/i wtyczk\u0119 Adobe Flash Player.&#13;\n\t\t\t\t\t\t\t\t\t<\/p>\n<p>Wystarcz\u0105 dobre ch\u0119ci i gotowo\u015b\u0107 do rozmowy<\/p>\n<p style=\"text-align: justify;\">Do udzia\u0142u w projekcie zaproszeni s\u0105 mi\u0119dzy innymi so\u0142tysi, nauczyciele, bibliotekarze, cz\u0142onkowie organizacji spo\u0142ecznych, stra\u017cacy OSP, pracownicy instytucji kultury oraz wszyscy aktywni mieszka\u0144cy, kt\u00f3rym bliskie s\u0105 dzia\u0142ania na rzecz zdrowia lokalnej spo\u0142eczno\u015bci. Nie jest wymagane wykszta\u0142cenie medyczne ani do\u015bwiadczenie zawodowe zwi\u0105zane z ochron\u0105 zdrowia. Wystarcz\u0105 dobre ch\u0119ci i gotowo\u015b\u0107 do rozmowy z osobami, kt\u00f3re widzimy na co dzie\u0144, zach\u0119ca Pawe\u0142 Zawadzki, zast\u0119pca dyrektora DCOPiH:<\/p>\n<p style=\"text-align: justify;\">&#8211; Chcemy, \u017ceby w\u0142a\u015bnie so\u0142tyski &#8211; bo to by\u0142 nasz g\u0142\u00f3wny pomys\u0142 &#8211; \u017ceby stanowi\u0142y nasze zaplecze os\u00f3b, kt\u00f3re s\u0105 wyedukowane, \u015bwiadome, kt\u00f3re b\u0119d\u0105 chodzi\u0107 i m\u00f3wi\u0107: \u00bbZo\u015bka, kiedy by\u0142a\u015b na badaniu? A ty wiesz, co si\u0119 Basi sta\u0142o?\u00ab I to s\u0105 takie proste przekazy, ale kt\u00f3re widzimy, \u017ce dzia\u0142aj\u0105.<\/p>\n<p>&#13;<br \/>\n\t\t\t\t\t\t\t\t\t\tAby ods\u0142ucha\u0107 za\u0142\u0105czonego d\u017awi\u0119ku zaktualizuj przegl\u0105dark\u0119 lub\/i wtyczk\u0119 Adobe Flash Player.&#13;\n\t\t\t\t\t\t\t\t\t<\/p>\n<p style=\"text-align: justify;\">Program Onkoedukator zosta\u0142 obj\u0119ty patronatem Rzecznika Praw Pacjenta, co podkre\u015bla jego znaczenie dla edukacji zdrowotnej oraz wspierania pacjent\u00f3w w dost\u0119pie do rzetelnej wiedzy na temat profilaktyki nowotworowej. Szczeg\u00f3\u0142owe informacje o projekcie oraz formularz zg\u0142oszeniowy dost\u0119pne s\u0105 na stronie <a href=\"https:\/\/onkoedukator.pl\/\" rel=\"nofollow noopener\" target=\"_blank\">www.onkoedukator.pl<\/a>.<\/p>\n<p style=\"text-align: justify;\">Pos\u0142uchaj rozmowy naszej reporterki El\u017cbiety Osowicz z Nin\u0105 Hutnik:<\/p>\n","protected":false},"excerpt":{"rendered":"Trwa rekrutacja do programu Onkoedukator. Zdj\u0119cie ilustracyjne. Fot. Pixabay Trwa rekrutacja do programu Onkoedukator. Dolno\u015bl\u0105skie Centrum Onkologii, Pulmonologii&hellip;\n","protected":false},"author":2,"featured_media":540153,"comment_status":"","ping_status":"","sticky":false,"template":"","format":"standard","meta":{"footnotes":"","_share_on_mastodon":"0"},"categories":[51607],"tags":[81013,194,106086,53536,106085,106087,42,38,40,39,41,7950,106088,77474,31600,1853],"class_list":["post-540152","post","type-post","status-publish","format-standard","has-post-thumbnail","category-wroclaw","tag-badaniach","tag-maja","tag-mowic","tag-o","tag-onkoedukatorzy","tag-otoczeniu","tag-pl","tag-poland","tag-polish","tag-polska","tag-polski","tag-poszukiwani","tag-profilaktycznych","tag-swoim","tag-w","tag-wroclaw"],"share_on_mastodon":{"url":"https:\/\/pubeurope.com\/@pl\/116877239749406575","error":""},"_links":{"self":[{"href":"https:\/\/www.europesays.com\/pl\/wp-json\/wp\/v2\/posts\/540152","targetHints":{"allow":["GET"]}}],"collection":[{"href":"https:\/\/www.europesays.com\/pl\/wp-json\/wp\/v2\/posts"}],"about":[{"href":"https:\/\/www.europesays.com\/pl\/wp-json\/wp\/v2\/types\/post"}],"author":[{"embeddable":true,"href":"https:\/\/www.europesays.com\/pl\/wp-json\/wp\/v2\/users\/2"}],"replies":[{"embeddable":true,"href":"https:\/\/www.europesays.com\/pl\/wp-json\/wp\/v2\/comments?post=540152"}],"version-history":[{"count":0,"href":"https:\/\/www.europesays.com\/pl\/wp-json\/wp\/v2\/posts\/540152\/revisions"}],"wp:featuredmedia":[{"embeddable":true,"href":"https:\/\/www.europesays.com\/pl\/wp-json\/wp\/v2\/media\/540153"}],"wp:attachment":[{"href":"https:\/\/www.europesays.com\/pl\/wp-json\/wp\/v2\/media?parent=540152"}],"wp:term":[{"taxonomy":"category","embeddable":true,"href":"https:\/\/www.europesays.com\/pl\/wp-json\/wp\/v2\/categories?post=540152"},{"taxonomy":"post_tag","embeddable":true,"href":"https:\/\/www.europesays.com\/pl\/wp-json\/wp\/v2\/tags?post=540152"}],"curies":[{"name":"wp","href":"https:\/\/api.w.org\/{rel}","templated":true}]}}