{"id":540231,"date":"2026-07-07T07:04:57","date_gmt":"2026-07-07T07:04:57","guid":{"rendered":"https:\/\/www.europesays.com\/pl\/540231\/"},"modified":"2026-07-07T07:04:57","modified_gmt":"2026-07-07T07:04:57","slug":"rodzinne-warsztaty-na-krolewskim-jarmarku","status":"publish","type":"post","link":"https:\/\/www.europesays.com\/pl\/540231\/","title":{"rendered":"Rodzinne warsztaty \u201eNa kr\u00f3lewskim jarmarku\u201d"},"content":{"rendered":"\n<p>\t\t\t<a data-fancybox=\"gallery\" href=\"https:\/\/www.bialystokonline.pl\/gfx\/gfx_imprezy\/202607\/150399\/150399-max.webp\" data-caption=\"Rodzinne warsztaty \u201eNa kr\u00f3lewskim jarmarku\u201d\" class=\"event-item-photo\" rel=\"nofollow noopener\" target=\"_blank\"><\/p>\n<p>                    <img decoding=\"async\" class=\"event-item-img\" src=\"https:\/\/www.europesays.com\/pl\/wp-content\/uploads\/2026\/07\/150399-mini1.jpg\" alt=\"Rodzinne warsztaty \u201eNa kr\u00f3lewskim jarmarku\u201d\" title=\"Rodzinne warsztaty \u201eNa kr\u00f3lewskim jarmarku\u201d\" width=\"300\" height=\"200\" loading=\"lazy\"\/><\/p>\n<p>            <\/a><\/p>\n<p>\n            11<br \/>\n            lip 2026\n        <\/p>\n<p>\n            Sobota\n        <\/p>\n<p>\n            godz. 11:00\n        <\/p>\n<p>Zapraszamy na rodzinne warsztaty \u201eNa kr\u00f3lewskim jarmarku\u201d. Podczas zaj\u0119\u0107 uczestnicy poznaj\u0105 funkcjonowanie \u015bredniowiecznego jarmarku kr\u00f3lewskiego oraz jego znaczenie w \u017cyciu codziennym mieszka\u0144c\u00f3w miast. Dzieci dowiedz\u0105 si\u0119, dlaczego jarmarki odgrywa\u0142y istotn\u0105 rol\u0119 w handlu i kulturze oraz kogo mo\u017cna by\u0142o na nich spotka\u0107 (kupc\u00f3w, rzemie\u015blnik\u00f3w, artyst\u00f3w, rycerzy).<br \/>\nNa zako\u0144czenie odb\u0119dzie si\u0119 cz\u0119\u015b\u0107 plastyczna, podczas kt\u00f3rej ka\u017cdy uczestnik wybierze swoj\u0105 rol\u0119 na jarmarku i stworzy w\u0142asn\u0105 tabliczk\u0119 handlow\u0105 na drewnianej sklejce.<\/p>\n<p>Liczba miejsc jest ograniczona. Obowi\u0105zuj\u0105 zapisy.<\/p>\n<p>Data: 11 lipca 2026<br \/>&#13;<br \/>\nGodzina: 11:00 \u2013 12:00<br \/>&#13;<br \/>\nMiejsce: Centrum Edukacji Muzeum Wojska, ul. Sienkiewicza 26<br \/>&#13;<br \/>\nKoszt: 10 z\u0142\/os \u2013 p\u0142atno\u015b\u0107 tylko got\u00f3wk\u0105, b\u0119dziemy wdzi\u0119czni za przygotowanie odpowiedniej kwoty.<br \/>&#13;<br \/>\nWiek uczestnik\u00f3w: 6 \u2013 10 lat<\/p>\n<p>Organizator<br \/>\n&#13;<br \/>\n&#13;<br \/>\n&#13;<br \/>\n<img loading=\"lazy\" decoding=\"async\" src=\"https:\/\/www.europesays.com\/pl\/wp-content\/uploads\/2026\/07\/1783407897_97_adlog.gif\" width=\"0\" height=\"0\" alt=\"\" style=\"width: 0px; height: 0px;\"\/><\/p>\n<p class=\"hdrline hdrline-mod l-space-sm-top\">Zobacz tak\u017ce<\/p>\n","protected":false},"excerpt":{"rendered":"11 lip 2026 Sobota godz. 11:00 Zapraszamy na rodzinne warsztaty \u201eNa kr\u00f3lewskim jarmarku\u201d. Podczas zaj\u0119\u0107 uczestnicy poznaj\u0105 funkcjonowanie&hellip;\n","protected":false},"author":2,"featured_media":540232,"comment_status":"","ping_status":"","sticky":false,"template":"","format":"standard","meta":{"footnotes":"","_share_on_mastodon":"0"},"categories":[51614],"tags":[2151,51731,113,51730,3754,51738,51735,4041,1096,1089,399,17334,51736,2921,3840,51734,8736,1232,120,7116,17265,19285,42,5083,38,40,39,41,6309,1756,8815,106122,38950,123,800,4278,1323,51737,2879,253],"class_list":["post-540231","post","type-post","status-publish","format-standard","has-post-thumbnail","category-bialystok","tag-bialystok","tag-bialystokonline","tag-biznes","tag-bstok","tag-dom","tag-drobne","tag-firm","tag-firmy","tag-hotele","tag-imprezy","tag-informacje","tag-katalog","tag-kina","tag-koncert","tag-lokale","tag-miejski","tag-mieszkanie","tag-motoryzacja","tag-nauka","tag-ogloszenia","tag-on-line","tag-online","tag-pl","tag-podlasie","tag-poland","tag-polish","tag-polska","tag-polski","tag-portal","tag-praca","tag-repertuar","tag-rodzinne-warsztaty-na-krolewskim-jarmarku-dla-dzieci-bialystok","tag-rozklad","tag-rozrywka","tag-teatr","tag-turystyka","tag-uroda","tag-urzedy","tag-zakupy","tag-zdrowie"],"share_on_mastodon":{"url":"https:\/\/pubeurope.com\/@pl\/116877429235131769","error":""},"_links":{"self":[{"href":"https:\/\/www.europesays.com\/pl\/wp-json\/wp\/v2\/posts\/540231","targetHints":{"allow":["GET"]}}],"collection":[{"href":"https:\/\/www.europesays.com\/pl\/wp-json\/wp\/v2\/posts"}],"about":[{"href":"https:\/\/www.europesays.com\/pl\/wp-json\/wp\/v2\/types\/post"}],"author":[{"embeddable":true,"href":"https:\/\/www.europesays.com\/pl\/wp-json\/wp\/v2\/users\/2"}],"replies":[{"embeddable":true,"href":"https:\/\/www.europesays.com\/pl\/wp-json\/wp\/v2\/comments?post=540231"}],"version-history":[{"count":0,"href":"https:\/\/www.europesays.com\/pl\/wp-json\/wp\/v2\/posts\/540231\/revisions"}],"wp:featuredmedia":[{"embeddable":true,"href":"https:\/\/www.europesays.com\/pl\/wp-json\/wp\/v2\/media\/540232"}],"wp:attachment":[{"href":"https:\/\/www.europesays.com\/pl\/wp-json\/wp\/v2\/media?parent=540231"}],"wp:term":[{"taxonomy":"category","embeddable":true,"href":"https:\/\/www.europesays.com\/pl\/wp-json\/wp\/v2\/categories?post=540231"},{"taxonomy":"post_tag","embeddable":true,"href":"https:\/\/www.europesays.com\/pl\/wp-json\/wp\/v2\/tags?post=540231"}],"curies":[{"name":"wp","href":"https:\/\/api.w.org\/{rel}","templated":true}]}}