{"id":540277,"date":"2026-07-07T07:36:17","date_gmt":"2026-07-07T07:36:17","guid":{"rendered":"https:\/\/www.europesays.com\/pl\/540277\/"},"modified":"2026-07-07T07:36:17","modified_gmt":"2026-07-07T07:36:17","slug":"iv-miedzynarodowy-plener-akwarelowy-pt-tam-gdzie-kwitnie-sztuka-kalendarz-wydarzen-lublin","status":"publish","type":"post","link":"https:\/\/www.europesays.com\/pl\/540277\/","title":{"rendered":"IV Mi\u0119dzynarodowy Plener Akwarelowy pt. \u201eTam, gdzie kwitnie sztuka\u201d &#8211; Kalendarz wydarze\u0144 &#8211; Lublin"},"content":{"rendered":"<p>Od 30 lipca do 2 sierpnia br. w malowniczym Ogrodzie Botanicznym UMCS b\u0119dzie trwa\u0107 czwarta edycja Mi\u0119dzynarodowego Pleneru Akwarelowego pt. \u201eTam, gdzie kwitnie sztuka\u201d. Serdecznie zapraszamy wszystkich mi\u0142o\u015bnik\u00f3w przyrody i sztuki, kt\u00f3rzy chc\u0105 uchwyci\u0107 pi\u0119kno ro\u015blin w trakcie tw\u00f3rczych spotka\u0144 z artystami \u2013 w otoczeniu natury i w przyjaznej atmosferze. Do udzia\u0142u zach\u0119camy osoby w ka\u017cdym wieku i na ka\u017cdym poziomie zaawansowania \u2013 liczy si\u0119 przede wszystkim ch\u0119\u0107 tworzenia.<\/p>\n<p><a class=\"inner fancybox\" href=\"https:\/\/phavi.umcs.pl\/ph\/r,1024,800\/agicon\/c\/2026\/0706\/6455646a4b7732e3e68.JPG\" rel=\"nofollow noopener\" target=\"_blank\"> <img decoding=\"async\" class=\"img\" src=\"https:\/\/www.europesays.com\/pl\/wp-content\/uploads\/2026\/07\/6455646a4b7732e3e68.JPG\" alt=\"IV Mi\u0119dzynarodowy Plener Akwarelowy pt. \u201eTam, gdzie...\"\/><\/a><\/p>\n","protected":false},"excerpt":{"rendered":"Od 30 lipca do 2 sierpnia br. w malowniczym Ogrodzie Botanicznym UMCS b\u0119dzie trwa\u0107 czwarta edycja Mi\u0119dzynarodowego Pleneru&hellip;\n","protected":false},"author":2,"featured_media":540278,"comment_status":"","ping_status":"","sticky":false,"template":"","format":"standard","meta":{"footnotes":"","_share_on_mastodon":"0"},"categories":[51612],"tags":[106142,106148,68648,59689,106139,11085,106143,97164,1081,106137,106140,96156,80489,68647,106087,15237,42,106141,38,40,39,41,68433,106145,78935,106136,89137,8767,51628,71046,106146,106138,106147,106144,55036,68427],"class_list":["post-540277","post","type-post","status-publish","format-standard","has-post-thumbnail","category-lublin","tag-akwarelowego","tag-artystami","tag-botanicznym","tag-chca","tag-czwarta","tag-edycja","tag-kwitnie","tag-lipca","tag-lublin","tag-malowniczym","tag-miedzynarodowego","tag-milosnikow","tag-natury","tag-ogrodzie","tag-otoczeniu","tag-piekno","tag-pl","tag-pleneru","tag-poland","tag-polish","tag-polska","tag-polski","tag-przyrody","tag-roslin","tag-serdecznie","tag-sierpnia","tag-spotkan","tag-sztuka","tag-sztuki","tag-tam","tag-trakcie","tag-trwac","tag-tworczych","tag-uchwycic","tag-umcs","tag-zapraszamy"],"share_on_mastodon":{"url":"https:\/\/pubeurope.com\/@pl\/116877550952491030","error":""},"_links":{"self":[{"href":"https:\/\/www.europesays.com\/pl\/wp-json\/wp\/v2\/posts\/540277","targetHints":{"allow":["GET"]}}],"collection":[{"href":"https:\/\/www.europesays.com\/pl\/wp-json\/wp\/v2\/posts"}],"about":[{"href":"https:\/\/www.europesays.com\/pl\/wp-json\/wp\/v2\/types\/post"}],"author":[{"embeddable":true,"href":"https:\/\/www.europesays.com\/pl\/wp-json\/wp\/v2\/users\/2"}],"replies":[{"embeddable":true,"href":"https:\/\/www.europesays.com\/pl\/wp-json\/wp\/v2\/comments?post=540277"}],"version-history":[{"count":0,"href":"https:\/\/www.europesays.com\/pl\/wp-json\/wp\/v2\/posts\/540277\/revisions"}],"wp:featuredmedia":[{"embeddable":true,"href":"https:\/\/www.europesays.com\/pl\/wp-json\/wp\/v2\/media\/540278"}],"wp:attachment":[{"href":"https:\/\/www.europesays.com\/pl\/wp-json\/wp\/v2\/media?parent=540277"}],"wp:term":[{"taxonomy":"category","embeddable":true,"href":"https:\/\/www.europesays.com\/pl\/wp-json\/wp\/v2\/categories?post=540277"},{"taxonomy":"post_tag","embeddable":true,"href":"https:\/\/www.europesays.com\/pl\/wp-json\/wp\/v2\/tags?post=540277"}],"curies":[{"name":"wp","href":"https:\/\/api.w.org\/{rel}","templated":true}]}}