{"id":540363,"date":"2026-07-07T08:34:56","date_gmt":"2026-07-07T08:34:56","guid":{"rendered":"https:\/\/www.europesays.com\/pl\/540363\/"},"modified":"2026-07-07T08:34:56","modified_gmt":"2026-07-07T08:34:56","slug":"wycieczka-rowerowa-szlakiem-bialostockich-stadionow-2","status":"publish","type":"post","link":"https:\/\/www.europesays.com\/pl\/540363\/","title":{"rendered":"Wycieczka rowerowa szlakiem bia\u0142ostockich stadion\u00f3w"},"content":{"rendered":"\n<p>\t\t\t<a data-fancybox=\"gallery\" href=\"https:\/\/www.bialystokonline.pl\/gfx\/gfx_imprezy\/202607\/150401\/150401-max.webp\" data-caption=\"Wycieczka rowerowa szlakiem bia\u0142ostockich stadion\u00f3w\" class=\"event-item-photo\" rel=\"nofollow noopener\" target=\"_blank\"><\/p>\n<p>                    <img decoding=\"async\" class=\"event-item-img\" src=\"https:\/\/www.europesays.com\/pl\/wp-content\/uploads\/2026\/07\/150401-mini1.jpg\" alt=\"Wycieczka rowerowa szlakiem bia\u0142ostockich stadion\u00f3w\" title=\"Wycieczka rowerowa szlakiem bia\u0142ostockich stadion\u00f3w\" width=\"300\" height=\"200\" loading=\"lazy\"\/><\/p>\n<p>            <\/a><\/p>\n<p>\n            17<br \/>\n            lip 2026\n        <\/p>\n<p>\n            Pi\u0105tek\n        <\/p>\n<p>\n            godz. 18:00\n        <\/p>\n<p>\u201eNie ma miejsca jak dom\u201d to has\u0142o, kt\u00f3re towarzyszy kibicom Jagiellonii podczas ka\u017cdego meczu rozgrywanego w Bia\u0142ymstoku. Swoj\u0105 obecno\u015bci\u0105 i dopingiem wspieraj\u0105 dru\u017cyn\u0119, tworz\u0105c niepowtarzaln\u0105 atmosfer\u0119 i dodaj\u0105c jej si\u0142 w walce o zwyci\u0119stwo. Dzi\u015b mecze rozgrywane s\u0105 na stadionie przy ulicy S\u0142onecznej, ale czy zawsze by\u0142 to ten adres?<\/p>\n<p>Zapraszamy na wycieczk\u0119 rowerow\u0105 tras\u0105 prowadz\u0105c\u0105 przez dawne miejsca, w kt\u00f3rych swoje mecze rozgrywa\u0142y Wojskowy Klub Sportowy 42. pu\u0142ku piechoty, a p\u00f3\u017aniej Jagiellonia Bia\u0142ystok. W trakcie wyprawy odwiedzimy m.in. teren dawnych koszar wojskowych przy ul. Traugutta, Stadion Zwierzyniec po\u0142o\u017cony w obr\u0119bie Parku Konstytucji 3 Maja, a tak\u017ce ulice Jurowieck\u0105 i S\u0142oneczn\u0105. Ka\u017cdy z tych przystank\u00f3w b\u0119dzie okazj\u0105 do poznania wyj\u0105tkowych historii i sportowych wydarze\u0144 z ostatnich stu lat.<\/p>\n<p>D\u0142ugo\u015b\u0107 trasy wynosi oko\u0142o 8km, prosimy o zabranie ze sob\u0105 wody i kamizelek odblaskowych.<\/p>\n<p>Data: 17 lipca 2026<br \/>&#13;<br \/>\nGodz.: 18:00.<br \/>&#13;<br \/>\nMiejsce zbi\u00f3rki: Stadion Miejski ul. S\u0142oneczna 1, przy pomniku \u017co\u0142nierzy 42 Pu\u0142ku Piechoty im. Jana Henryka D\u0105browskiego (popularnie zwanego Pomnikiem Jagiellonii Bia\u0142ystok)<br \/>&#13;<br \/>\nCzas trwania: 2 \u2013 3,5h<\/p>\n<p>Koszt: bezp\u0142atnie<\/p>\n<p>Organizator<br \/>\n&#13;<br \/>\n&#13;<br \/>\n&#13;<br \/>\n<img loading=\"lazy\" decoding=\"async\" src=\"https:\/\/www.europesays.com\/pl\/wp-content\/uploads\/2026\/07\/1783413296_756_adlog.gif\" width=\"0\" height=\"0\" alt=\"\" style=\"width: 0px; height: 0px;\"\/><\/p>\n<p class=\"hdrline hdrline-mod l-space-sm-top\">Zobacz tak\u017ce<\/p>\n","protected":false},"excerpt":{"rendered":"17 lip 2026 Pi\u0105tek godz. 18:00 \u201eNie ma miejsca jak dom\u201d to has\u0142o, kt\u00f3re towarzyszy kibicom Jagiellonii podczas&hellip;\n","protected":false},"author":2,"featured_media":540364,"comment_status":"","ping_status":"","sticky":false,"template":"","format":"standard","meta":{"footnotes":"","_share_on_mastodon":"0"},"categories":[51614],"tags":[2151,51731,113,51730,3754,51738,54100,51735,4041,1096,1089,399,17334,51736,2921,3840,51734,8736,1232,120,7116,17265,19285,42,5083,38,40,39,41,6309,1756,8815,38950,123,800,4278,1323,51737,106154,2879,253],"class_list":["post-540363","post","type-post","status-publish","format-standard","has-post-thumbnail","category-bialystok","tag-bialystok","tag-bialystokonline","tag-biznes","tag-bstok","tag-dom","tag-drobne","tag-festyny-bialystok","tag-firm","tag-firmy","tag-hotele","tag-imprezy","tag-informacje","tag-katalog","tag-kina","tag-koncert","tag-lokale","tag-miejski","tag-mieszkanie","tag-motoryzacja","tag-nauka","tag-ogloszenia","tag-on-line","tag-online","tag-pl","tag-podlasie","tag-poland","tag-polish","tag-polska","tag-polski","tag-portal","tag-praca","tag-repertuar","tag-rozklad","tag-rozrywka","tag-teatr","tag-turystyka","tag-uroda","tag-urzedy","tag-wycieczka-rowerowa-szlakiem-bialostockich-stadionow-plenerowe","tag-zakupy","tag-zdrowie"],"share_on_mastodon":{"url":"https:\/\/pubeurope.com\/@pl\/116877782967982351","error":""},"_links":{"self":[{"href":"https:\/\/www.europesays.com\/pl\/wp-json\/wp\/v2\/posts\/540363","targetHints":{"allow":["GET"]}}],"collection":[{"href":"https:\/\/www.europesays.com\/pl\/wp-json\/wp\/v2\/posts"}],"about":[{"href":"https:\/\/www.europesays.com\/pl\/wp-json\/wp\/v2\/types\/post"}],"author":[{"embeddable":true,"href":"https:\/\/www.europesays.com\/pl\/wp-json\/wp\/v2\/users\/2"}],"replies":[{"embeddable":true,"href":"https:\/\/www.europesays.com\/pl\/wp-json\/wp\/v2\/comments?post=540363"}],"version-history":[{"count":0,"href":"https:\/\/www.europesays.com\/pl\/wp-json\/wp\/v2\/posts\/540363\/revisions"}],"wp:featuredmedia":[{"embeddable":true,"href":"https:\/\/www.europesays.com\/pl\/wp-json\/wp\/v2\/media\/540364"}],"wp:attachment":[{"href":"https:\/\/www.europesays.com\/pl\/wp-json\/wp\/v2\/media?parent=540363"}],"wp:term":[{"taxonomy":"category","embeddable":true,"href":"https:\/\/www.europesays.com\/pl\/wp-json\/wp\/v2\/categories?post=540363"},{"taxonomy":"post_tag","embeddable":true,"href":"https:\/\/www.europesays.com\/pl\/wp-json\/wp\/v2\/tags?post=540363"}],"curies":[{"name":"wp","href":"https:\/\/api.w.org\/{rel}","templated":true}]}}