{"id":540365,"date":"2026-07-07T08:37:29","date_gmt":"2026-07-07T08:37:29","guid":{"rendered":"https:\/\/www.europesays.com\/pl\/540365\/"},"modified":"2026-07-07T08:37:29","modified_gmt":"2026-07-07T08:37:29","slug":"dyplomy-artystyczne-2026-2026-aktualnosci-lublin","status":"publish","type":"post","link":"https:\/\/www.europesays.com\/pl\/540365\/","title":{"rendered":"Dyplomy artystyczne 2026 &#8211; 2026 &#8211; Aktualno\u015bci &#8211; Lublin"},"content":{"rendered":"<p>Zapraszamy na otwarcie wystawy dyplom\u00f3w artystycznych tegorocznych absolwent\u00f3w Instytutu Sztuk Pi\u0119knych. <\/p>\n<p>W przestrzeniach Chatki \u017baka zaprezentujemy pi\u0119\u0107 projekt\u00f3w artystycznych zrealizowanych w r\u00f3\u017cnych obszarach sztuki i technikach: malarstwie, grafice projektowej, obiektach, grafice warsztatowej i performance.\u00a0<\/p>\n<p>Podczas spaceru po wystawie oraz om\u00f3wie\u0144 prowadzonych przez m\u0142odych artyst\u00f3w dowiemy si\u0119 wi\u0119cej o zagadnieniach poruszanych w ich pracach oraz o procesie ich powstawania.<\/p>\n<p>Wernisa\u017c: 9.07.2026, godz. 18:00<br \/>\nGdzie? Galeria G\u0142\u00f3wna, Przestrze\u0144 Dzia\u0142a\u0144 Nieoczywistych, Foyer Ma\u0142ej Sali Widowiskowej, Foyer Sali Widowiskowej<br \/>\nWst\u0119p wolny!<\/p>\n<p>Uczestnicy:<br class=\"html-br\"\/>\u2022 Adam Bojaczuk (Przestrze\u0144 Dzia\u0142a\u0144 Nieoczywistych)<br class=\"html-br\"\/>\u2022 Amelia Filozof-Mazur (Galeria G\u0142\u00f3wna)<br class=\"html-br\"\/>\u2022 Kamila Szcz\u0119sna (Przestrze\u0144 Dzia\u0142a\u0144 Nieoczywistych)<br class=\"html-br\"\/>\u2022 Patrycja Tracz (Foyer Sali Widowiskowej)<br class=\"html-br\"\/>\u2022 Konstancja \u017bynel (Foyer Ma\u0142ej Sali Widowiskowej)<\/p>\n<p>Wystawa czynna do: 26.08.2026<\/p>\n","protected":false},"excerpt":{"rendered":"Zapraszamy na otwarcie wystawy dyplom\u00f3w artystycznych tegorocznych absolwent\u00f3w Instytutu Sztuk Pi\u0119knych. W przestrzeniach Chatki \u017baka zaprezentujemy pi\u0119\u0107 projekt\u00f3w&hellip;\n","protected":false},"author":2,"featured_media":540366,"comment_status":"","ping_status":"","sticky":false,"template":"","format":"standard","meta":{"footnotes":"","_share_on_mastodon":"0"},"categories":[51612],"tags":[106168,106157,89135,106169,106162,1081,106161,57378,106164,106159,106166,23578,43100,42,61799,38,40,39,41,59460,106163,106167,106155,80481,89991,51628,106160,106165,96162,68456,106156,106158],"class_list":["post-540365","post","type-post","status-publish","format-standard","has-post-thumbnail","category-lublin","tag-artystow","tag-artystycznych","tag-chatki","tag-dowiemy","tag-grafice","tag-lublin","tag-malarstwie","tag-mlodych","tag-obiektach","tag-obszarach","tag-omowien","tag-performance","tag-piec","tag-pl","tag-podczas","tag-poland","tag-polish","tag-polska","tag-polski","tag-projektow","tag-projektowej","tag-prowadzonych","tag-przestrzeniach","tag-roznych","tag-spaceru","tag-sztuki","tag-technikach","tag-warsztatowej","tag-wystawie","tag-zaka","tag-zaprezentujemy","tag-zrealizowanych"],"share_on_mastodon":{"url":"https:\/\/pubeurope.com\/@pl\/116877790156981914","error":""},"_links":{"self":[{"href":"https:\/\/www.europesays.com\/pl\/wp-json\/wp\/v2\/posts\/540365","targetHints":{"allow":["GET"]}}],"collection":[{"href":"https:\/\/www.europesays.com\/pl\/wp-json\/wp\/v2\/posts"}],"about":[{"href":"https:\/\/www.europesays.com\/pl\/wp-json\/wp\/v2\/types\/post"}],"author":[{"embeddable":true,"href":"https:\/\/www.europesays.com\/pl\/wp-json\/wp\/v2\/users\/2"}],"replies":[{"embeddable":true,"href":"https:\/\/www.europesays.com\/pl\/wp-json\/wp\/v2\/comments?post=540365"}],"version-history":[{"count":0,"href":"https:\/\/www.europesays.com\/pl\/wp-json\/wp\/v2\/posts\/540365\/revisions"}],"wp:featuredmedia":[{"embeddable":true,"href":"https:\/\/www.europesays.com\/pl\/wp-json\/wp\/v2\/media\/540366"}],"wp:attachment":[{"href":"https:\/\/www.europesays.com\/pl\/wp-json\/wp\/v2\/media?parent=540365"}],"wp:term":[{"taxonomy":"category","embeddable":true,"href":"https:\/\/www.europesays.com\/pl\/wp-json\/wp\/v2\/categories?post=540365"},{"taxonomy":"post_tag","embeddable":true,"href":"https:\/\/www.europesays.com\/pl\/wp-json\/wp\/v2\/tags?post=540365"}],"curies":[{"name":"wp","href":"https:\/\/api.w.org\/{rel}","templated":true}]}}