{"id":540480,"date":"2026-07-07T09:51:13","date_gmt":"2026-07-07T09:51:13","guid":{"rendered":"https:\/\/www.europesays.com\/pl\/540480\/"},"modified":"2026-07-07T09:51:13","modified_gmt":"2026-07-07T09:51:13","slug":"kobieta-podejrzewana-o-zamach-w-monako-odnaleziona-martwa-pod-kijowem","status":"publish","type":"post","link":"https:\/\/www.europesays.com\/pl\/540480\/","title":{"rendered":"Kobieta podejrzewana o zamach w Monako odnaleziona martwa pod Kijowem"},"content":{"rendered":"<p>Cia\u0142o poszukiwanej zosta\u0142o zakopane pod Kijowem i odnalezione w poniedzia\u0142ek 6 lipca ok. godz. 23. Dziennikarze ustalili, \u017ce kobieta przebywa\u0142a poza terytorium Ukrainy od 22 marca 2025 r. do 1 lipca 2026 r.<\/p>\n<p> Dalszy ci\u0105g artyku\u0142u pod materia\u0142em wideo \u015amier\u0107 poszukiwanej w sprawie zamachu w Monako. Dw\u00f3ch podejrzanych zatrzymanych<\/p>\n<p>W sprawie odnalezienia zw\u0142ok zatrzymanych zosta\u0142o ju\u017c dw\u00f3ch podejrzanych. Jednym z nich jest czynny oficer ukrai\u0144skiego wywiadu, a drugim by\u0142y funkcjonariusz s\u0142u\u017cb mundurowych.<\/p>\n<p> Ukraina gra Polsce na nosie. Ekspert: nie pozw\u00f3lmy sobie skaka\u0107 po g\u0142owie   <img class=\"ods-a-photo ods-a-photo--background\" src=\"https:\/\/www.europesays.com\/pl\/wp-content\/uploads\/2026\/07\/bY3k9lBaHR0cHM6Ly9vY2RuLmV1L3B1bHNjbXMvTURBXy84ZmNiNjZmZWNlNjVjODE4MWQ2ZTU3YjZlZGQxZTU5Ny5qcGeRlQLNA.jpeg\" height=\"300\" width=\"450\" alt=\"Wo\u0142odymyr Ze\u0142enski\" loading=\"lazy\" fetchpriority=\"low\" decoding=\"async\"\/>  <a href=\"https:\/\/wiadomosci.onet.pl\/swiat\/zamach-w-monako-anastasija-berezowska-poszukiwana-przez-interpol\/16d476e\" id=\"9f7ba61b-7302-481e-a56f-e56492f19448\" rel=\"nofollow noopener\" target=\"_blank\">Do ataku dosz\u0142o w poniedzia\u0142ek, 30 czerwca, w ekskluzywnej, p\u00f3\u0142nocno-wschodniej cz\u0119\u015bci Monako<\/a>. Monakijska prokuratura ustali\u0142a, \u017ce kobieta, by zmyli\u0107 po\u015bcig, przebra\u0142a si\u0119 za m\u0119\u017cczyzn\u0119, a po zdetonowaniu \u0142adunku rozpocz\u0119\u0142a ucieczk\u0119 przez Europ\u0119.     <\/p>\n<p>Mia\u0142a wcze\u015bniej \u015bledzi\u0107 rodzin\u0119 oligarchy i obserwowa\u0107 jego dom. \u0141adunek wybuchowy, kt\u00f3rego stopie\u0144 skomplikowania sugeruje pomoc os\u00f3b trzecich, zosta\u0142 zdetonowany zdalnie w krytycznym momencie: gdy do budynku wchodzi\u0142y trzy osoby.<\/p>\n<p> Kryzys zagl\u0105da Rosjanom do bak\u00f3w i portfeli. Koniec z twierdzeniem &#8222;to nie nasza wojna&#8221; [OPINIA]   <img class=\"ods-a-photo ods-a-photo--background\" src=\"https:\/\/www.europesays.com\/pl\/wp-content\/uploads\/2026\/07\/nFsk9lBaHR0cHM6Ly9vY2RuLmV1L3B1bHNjbXMvTURBXy9mM2Y2YmFlNzMyMWUyYWNkOTdkNTRjNGQyOWQ4NmFlMC5qcGeRlQLNA.jpeg\" height=\"290\" width=\"450\" alt=\"Prezydent Rosji W\u0142adimir Putin w Sankt Petersburgu w Rosji, 5 czerwca 2026 r. \" loading=\"lazy\" fetchpriority=\"low\" decoding=\"async\"\/>  W\u015br\u00f3d rannych znalaz\u0142 si\u0119 Jermo\u0142ajew. To przedsi\u0119biorca z bran\u017cy nieruchomo\u015bci i rolno-spo\u017cywczej, kt\u00f3ry od 2023 r. znajduje si\u0119 na ukrai\u0144skiej li\u015bcie sankcyjnej. Towarzysz\u0105cej mu kobiecie lekarze musieli amputowa\u0107 dwie nogi. Do szpitala trafi\u0142 tak\u017ce syn oligarchy. <a href=\"https:\/\/www.onet.pl\/styl-zycia\/onetkobieta\/zamach-w-monako-ukrainski-oligarcha-wybudzil-sie-ze-spiaczki\/qjcwz2x,2b83378a\" id=\"211336f4-104c-4cb8-b8fc-c90e864b5abf\" rel=\"nofollow noopener\" target=\"_blank\">Jermo\u0142ajew mia\u0142 zosta\u0107 ju\u017c wybudzony ze \u015bpi\u0105czki farmakologicznej<\/a>.     <\/p>\n<p>Interpol wyda\u0142 za poszukiwan\u0105 czerwon\u0105 not\u0119.<\/p>\n","protected":false},"excerpt":{"rendered":"Cia\u0142o poszukiwanej zosta\u0142o zakopane pod Kijowem i odnalezione w poniedzia\u0142ek 6 lipca ok. godz. 23. Dziennikarze ustalili, \u017ce&hellip;\n","protected":false},"author":2,"featured_media":540481,"comment_status":"","ping_status":"","sticky":false,"template":"","format":"standard","meta":{"footnotes":"","_share_on_mastodon":"0"},"categories":[14],"tags":[61195,32,33,27,1239,34,35,946,28,31,48,25,46,40,41,47,80,29,30,415,26,82,83,84,1152],"class_list":["post-540480","post","type-post","status-publish","format-standard","has-post-thumbnail","category-swiat","tag-bottomfeed_styl","tag-breaking-news","tag-breakingnews","tag-headlines","tag-kijow","tag-latest-news","tag-latestnews","tag-monako","tag-naglowki","tag-najwazniejsze-artykuly","tag-nat_styl","tag-news","tag-omp","tag-polish","tag-polski","tag-screening_general","tag-swiat","tag-top-stories","tag-topstories","tag-ukraina","tag-wiadomosci","tag-world","tag-world-news","tag-worldnews","tag-zamach"],"share_on_mastodon":{"url":"","error":""},"_links":{"self":[{"href":"https:\/\/www.europesays.com\/pl\/wp-json\/wp\/v2\/posts\/540480","targetHints":{"allow":["GET"]}}],"collection":[{"href":"https:\/\/www.europesays.com\/pl\/wp-json\/wp\/v2\/posts"}],"about":[{"href":"https:\/\/www.europesays.com\/pl\/wp-json\/wp\/v2\/types\/post"}],"author":[{"embeddable":true,"href":"https:\/\/www.europesays.com\/pl\/wp-json\/wp\/v2\/users\/2"}],"replies":[{"embeddable":true,"href":"https:\/\/www.europesays.com\/pl\/wp-json\/wp\/v2\/comments?post=540480"}],"version-history":[{"count":0,"href":"https:\/\/www.europesays.com\/pl\/wp-json\/wp\/v2\/posts\/540480\/revisions"}],"wp:featuredmedia":[{"embeddable":true,"href":"https:\/\/www.europesays.com\/pl\/wp-json\/wp\/v2\/media\/540481"}],"wp:attachment":[{"href":"https:\/\/www.europesays.com\/pl\/wp-json\/wp\/v2\/media?parent=540480"}],"wp:term":[{"taxonomy":"category","embeddable":true,"href":"https:\/\/www.europesays.com\/pl\/wp-json\/wp\/v2\/categories?post=540480"},{"taxonomy":"post_tag","embeddable":true,"href":"https:\/\/www.europesays.com\/pl\/wp-json\/wp\/v2\/tags?post=540480"}],"curies":[{"name":"wp","href":"https:\/\/api.w.org\/{rel}","templated":true}]}}