{"id":540534,"date":"2026-07-07T10:21:09","date_gmt":"2026-07-07T10:21:09","guid":{"rendered":"https:\/\/www.europesays.com\/pl\/540534\/"},"modified":"2026-07-07T10:21:09","modified_gmt":"2026-07-07T10:21:09","slug":"dymisje-w-ministerstwie-zdrowia-nie-naprawia-systemu-sebastian-goncerz-wskazuje-na-glowne-problemy","status":"publish","type":"post","link":"https:\/\/www.europesays.com\/pl\/540534\/","title":{"rendered":"Dymisje w Ministerstwie Zdrowia nie naprawi\u0105 systemu? Sebastian Goncerz wskazuje na g\u0142\u00f3wne problemy"},"content":{"rendered":"<p class=\"news__lead\">Dymisje w Ministerstwie Zdrowia mog\u0105 by\u0107 potrzebne jako odpowied\u017a na ujawnione nieprawid\u0142owo\u015bci, jednak \u2013 zdaniem Sebastiana Goncerza z Porozumienia Rezydent\u00f3w \u2013 nie rozwi\u0105\u017c\u0105 najwa\u017cniejszych problem\u00f3w ochrony zdrowia. Lekarze podkre\u015blaj\u0105, \u017ce system wymaga g\u0142\u0119bokich reform, a nie jedynie zmian personalnych. Tymczasem premier Donald Tusk oczekuje od resortu zdrowia konkretnych propozycji zmian dotycz\u0105cych mi\u0119dzy innymi e-rejestracji, komin\u00f3w p\u0142acowych i czasu pracy medyk\u00f3w.<\/p>\n<p>                                                                                                                                                                                                                                                                                    <a name=\"topic_0\">Dymisje w Ministerstwie Zdrowia nie rozwi\u0105\u017c\u0105 problem\u00f3w ochrony zdrowia<\/a>  <\/p>\n<p>Szef Porozumienia Rezydent\u00f3w, Sebastian Goncerz, uwa\u017ca, \u017ce osoby odpowiedzialne za zaniedbania w ochronie zdrowia powinny ponie\u015b\u0107 konsekwencje. Jednocze\u015bnie podkre\u015bla, \u017ce same zmiany personalne nie naprawi\u0105 systemu.<\/p>\n<p>Jak zaznaczy\u0142 podczas konferencji prasowej:\u00a0<\/p>\n<p>Dymisja to nie jest narz\u0119dzie naprawy systemu, to kara. System w dalszym ci\u0105gu b\u0119dzie wymaga\u0142 reform.<\/p>\n<p>Wed\u0142ug lekarza odej\u015bcie urz\u0119dnik\u00f3w mo\u017ce sprawia\u0107 wra\u017cenie dzia\u0142ania, jednak bez rzeczywistych zmian problemy pozostan\u0105.<\/p>\n<p>                                    Zobacz tak\u017ce:<br \/>\n                                    &#13;<br \/>\n                                        &#13;<\/p>\n<p>                                                <a href=\"https:\/\/politykazdrowotna.com\/artykul\/skrocenie-stazu-podyplomowego-n2327867\" rel=\"nofollow noopener\" target=\"_blank\"><img decoding=\"async\" src=\"https:\/\/www.europesays.com\/pl\/wp-content\/uploads\/2026\/07\/thumb__2327867_1780999705.webp\" alt=\"Skr\u00f3cenie sta\u017cu podyplomowego lekarzy dzieli \u015brodowisko medyczne. NIL i studenci m\u00f3wi\u0105 \u201enie\u201d\" class=\"content-more__img\"\/><\/a><br \/>\n                                            &#13;<br \/>\n                                                            <a href=\"https:\/\/politykazdrowotna.com\/artykul\/skrocenie-stazu-podyplomowego-n2327867\" class=\"content-more__link\" rel=\"nofollow noopener\" target=\"_blank\">&#13;<br \/>\n                                                Skr\u00f3cenie sta\u017cu podyplomowego lekarzy dzieli \u015brodowisko medyczne. NIL i studenci m\u00f3wi\u0105 \u201enie\u201d&#13;<br \/>\n                                            <\/a>&#13;<br \/>\n                                        &#13;<\/p>\n<p>                                  <a name=\"topic_1\">Porozumienie Rezydent\u00f3w: potrzebna jest reforma ochrony zdrowia<\/a>  <\/p>\n<p>Zdaniem Sebastiana Goncerza przygotowanie skutecznego planu naprawy ochrony zdrowia wymaga czasu. Lekarz oceni\u0142, \u017ce stworzenie kompleksowych rozwi\u0105za\u0144 w ci\u0105gu kilku dni nie jest mo\u017cliwe.<\/p>\n<p>Do tych s\u0142\u00f3w odni\u00f3s\u0142 si\u0119 w kontek\u015bcie zapowiedzi premiera Donalda Tuska, kt\u00f3ry oczekuje od Ministerstwa Zdrowia szczeg\u00f3\u0142owych propozycji zmian. Rz\u0105d zapowiedzia\u0142, \u017ce je\u015bli przedstawione rozwi\u0105zania nie spe\u0142ni\u0105 oczekiwa\u0144, mog\u0105 zapa\u015b\u0107 r\u00f3wnie\u017c decyzje personalne.<\/p>\n<p>Wiceprzewodnicz\u0105cy Porozumienia Rezydent\u00f3w, W\u0142adys\u0142aw Krajewski, oceni\u0142, \u017ce Ministerstwo Zdrowia nie reagowa\u0142o wystarczaj\u0105co skutecznie na ujawniane nieprawid\u0142owo\u015bci.<\/p>\n<p>Zwr\u00f3ci\u0142 tak\u017ce uwag\u0119, \u017ce cz\u0119ste zmiany kadrowe mog\u0105 dodatkowo utrudnia\u0107 prowadzenie reform. Jak podkre\u015bli\u0142, po ka\u017cdej zmianie wiele rozm\u00f3w i projekt\u00f3w trzeba rozpoczyna\u0107 od pocz\u0105tku. \u201eI oby zd\u0105\u017cy\u0142y si\u0119 sko\u0144czy\u0107 do kolejnej dymisji os\u00f3b odpowiedzialnych\u201d \u2013 zaznaczy\u0142.<\/p>\n<p>  <a name=\"topic_2\">Donald Tusk oczekuje zmian w ochronie zdrowia<\/a>  <\/p>\n<p>Premier Donald Tusk zapowiedzia\u0142, \u017ce oczekuje od Ministerstwa Zdrowia konkretnych rekomendacji dotycz\u0105cych funkcjonowania ochrony zdrowia.<\/p>\n<p>W\u015br\u00f3d obszar\u00f3w wymagaj\u0105cych zmian wymieni\u0142 mi\u0119dzy innymi saloniki VIP w szpitalach, przypadki omijania kolejek do \u015bwiadcze\u0144, a tak\u017ce bardzo wysokie zarobki cz\u0119\u015bci medyk\u00f3w. Resort ma przedstawi\u0107 propozycje dotycz\u0105ce centralnej e-rejestracji, komin\u00f3w p\u0142acowych oraz czasu pracy medyk\u00f3w.<\/p>\n<p>Rzeczniczka Ministerstwa Zdrowia, Anna Choszcz-Sendrowska, zapewni\u0142a, \u017ce odpowiednie rozwi\u0105zania zostan\u0105 przekazane premierowi w wyznaczonym terminie.<\/p>\n<p>                                    Zobacz tak\u017ce:<br \/>\n                                    &#13;<br \/>\n                                        &#13;<\/p>\n<p>                                                <a href=\"https:\/\/politykazdrowotna.com\/artykul\/donald-tusk-otrzyma-konkretne-n2401381\" rel=\"nofollow noopener\" target=\"_blank\"><img decoding=\"async\" src=\"https:\/\/www.europesays.com\/pl\/wp-content\/uploads\/2026\/07\/thumb__2401381_1783347982.webp\" alt=\"Donald Tusk otrzyma konkretne propozycje zmian w ochronie zdrowia\" class=\"content-more__img\"\/><\/a><br \/>\n                                            &#13;<br \/>\n                                                            <a href=\"https:\/\/politykazdrowotna.com\/artykul\/donald-tusk-otrzyma-konkretne-n2401381\" class=\"content-more__link\" rel=\"nofollow noopener\" target=\"_blank\">&#13;<br \/>\n                                                Donald Tusk otrzyma konkretne propozycje zmian w ochronie zdrowia&#13;<br \/>\n                                            <\/a>&#13;<br \/>\n                                        &#13;<\/p>\n<p>                                  <a name=\"topic_3\">Nieprawid\u0142owo\u015bci w Szpitalu Po\u0142udniowym w Warszawie<\/a>  <\/p>\n<p>Zapowiedzi zmian s\u0105 zwi\u0105zane z ujawnionymi nieprawid\u0142owo\u015bciami w Warszawskim Szpitalu Po\u0142udniowym. Wed\u0142ug opublikowanych informacji lekarz bez specjalizacji pe\u0142ni\u0142 funkcj\u0119 koordynatora SOR.<\/p>\n<p>Z przedstawionych danych wynika r\u00f3wnie\u017c, \u017ce w ubieg\u0142ym roku medyk zarobi\u0142 1,6 mln z\u0142, pracuj\u0105c w kilku plac\u00f3wkach. Tylko w Szpitalu Po\u0142udniowym w 2025 roku przepracowa\u0142 3976 godzin, co daje \u015brednio 331 godzin miesi\u0119cznie na podstawie um\u00f3w cywilnoprawnych i kontrakt\u00f3w.<\/p>\n<p>Sprawa dotyczy tak\u017ce informacji o mo\u017cliwym przyjmowaniu wybranych os\u00f3b poza standardow\u0105 kolejno\u015bci\u0105. Wed\u0142ug ujawnionych doniesie\u0144 politycy Koalicji Obywatelskiej mieli by\u0107 przyjmowani bez kolejki, a cz\u0119\u015b\u0107 bada\u0144 wykonywano niemal natychmiast po rejestracji. W\u0142a\u015bnie te informacje sta\u0142y si\u0119 jednym z powod\u00f3w zapowiedzi pilnych zmian w ochronie zdrowia.<\/p>\n<p>                                                                                                                                                                                                        ]]><\/p>\n","protected":false},"excerpt":{"rendered":"Dymisje w Ministerstwie Zdrowia mog\u0105 by\u0107 potrzebne jako odpowied\u017a na ujawnione nieprawid\u0142owo\u015bci, jednak \u2013 zdaniem Sebastiana Goncerza z&hellip;\n","protected":false},"author":2,"featured_media":540535,"comment_status":"","ping_status":"","sticky":false,"template":"","format":"standard","meta":{"footnotes":"","_share_on_mastodon":"0"},"categories":[62713],"tags":[106247,106246,1345,106240,106243,106244,106241,103261,104571,106242,104566,106245],"class_list":["post-540534","post","type-post","status-publish","format-standard","has-post-thumbnail","category-donald-tusk","tag-6-mln-zlmedycyna-i-zdrowie","tag-6-mln-zlzdrowie-publiczne","tag-donald-tusk","tag-dymisje-w-ministerstwie-zdrowia","tag-e-rejestracja-centralna","tag-omijanie-kolejek-w-szpitalach","tag-porozumienie-rezydentow","tag-reforma-ochrony-zdrowia","tag-saloniki-vip-w-szpitalach","tag-sebastian-goncerz","tag-szpital-poludniowy-warszawa","tag-zarobki-lekarzy-1"],"share_on_mastodon":{"url":"https:\/\/pubeurope.com\/@pl\/116878199736277426","error":""},"_links":{"self":[{"href":"https:\/\/www.europesays.com\/pl\/wp-json\/wp\/v2\/posts\/540534","targetHints":{"allow":["GET"]}}],"collection":[{"href":"https:\/\/www.europesays.com\/pl\/wp-json\/wp\/v2\/posts"}],"about":[{"href":"https:\/\/www.europesays.com\/pl\/wp-json\/wp\/v2\/types\/post"}],"author":[{"embeddable":true,"href":"https:\/\/www.europesays.com\/pl\/wp-json\/wp\/v2\/users\/2"}],"replies":[{"embeddable":true,"href":"https:\/\/www.europesays.com\/pl\/wp-json\/wp\/v2\/comments?post=540534"}],"version-history":[{"count":0,"href":"https:\/\/www.europesays.com\/pl\/wp-json\/wp\/v2\/posts\/540534\/revisions"}],"wp:featuredmedia":[{"embeddable":true,"href":"https:\/\/www.europesays.com\/pl\/wp-json\/wp\/v2\/media\/540535"}],"wp:attachment":[{"href":"https:\/\/www.europesays.com\/pl\/wp-json\/wp\/v2\/media?parent=540534"}],"wp:term":[{"taxonomy":"category","embeddable":true,"href":"https:\/\/www.europesays.com\/pl\/wp-json\/wp\/v2\/categories?post=540534"},{"taxonomy":"post_tag","embeddable":true,"href":"https:\/\/www.europesays.com\/pl\/wp-json\/wp\/v2\/tags?post=540534"}],"curies":[{"name":"wp","href":"https:\/\/api.w.org\/{rel}","templated":true}]}}