{"id":540675,"date":"2026-07-07T11:45:21","date_gmt":"2026-07-07T11:45:21","guid":{"rendered":"https:\/\/www.europesays.com\/pl\/540675\/"},"modified":"2026-07-07T11:45:21","modified_gmt":"2026-07-07T11:45:21","slug":"zdjecia-z-sklep-dino-w-jaworznie-coraz-blizej-ukonczenia-zdjecie-2026-07-06-183000","status":"publish","type":"post","link":"https:\/\/www.europesays.com\/pl\/540675\/","title":{"rendered":"Zdj\u0119cia z Sklep Dino w Jaworznie coraz bli\u017cej uko\u0144czenia &#8211; zdj\u0119cie &#8211; 2026-07-06 18:30:00"},"content":{"rendered":"<p>&#13;<br \/>\n    Zdj\u0119cia z Sklep Dino w Jaworznie coraz bli\u017cej uko\u0144czenia &#8211; zdj\u0119cie  &#8211; 2026-07-06 18:30:00 | foto z jaw.pl &#13;<br \/>\n    &#13;<br \/>\n    &#13;<br \/>\n    &#13;<br \/>\n    &#13;<br \/>\n    &#13;<br \/>\n    &#13;<br \/>\n    &#13;<br \/>\n    &#13;<br \/>\n            &#13;<br \/>\n                &#13;<br \/>\n                                                                                    &#13;<br \/>\n                                            &#13;<br \/>\n                                                                &#13;<br \/>\n    &#13;<br \/>\n            &#13;<br \/>\n                                &#13;<br \/>\n                        &#13;<br \/>\n        &#13;<br \/>\n                                                        &#13;<br \/>\n                &#13;<br \/>\n    &#13;<br \/>\n                        &#13;<br \/>\n                                    &#13;<br \/>\n                                    &#13;<br \/>\n                    &#13;<br \/>\n    &#13;<br \/>\n        &#13;<br \/>\n                &#13;<\/p>\n<p>&#13;<br \/>\n                                    &#13;<br \/>\n                                &#13;<br \/>\n            &#13;<br \/>\n            &#13;<br \/>\n            &#13;<br \/>\n                                                        &#13;<br \/>\n                                                                        &#13;<br \/>\n&#13;<br \/>\n                                                    &#13;<br \/>\n                &#13;<br \/>\n&#13;<br \/>\n                                    &#13;<br \/>\n                        &#13;<br \/>\n        &#13;<br \/>\n    &#13;<br \/>\n&#13;<br \/>\n&#13;<br \/>\n&#13;<br \/>\n&#13;<br \/>\n&#13;<br \/>\n                &#13;<br \/>\n&#13;<\/p>\n<p>                    Praca w Jaworznie, Drogi Jele\u0144 &#8211; zdj\u0119cia<\/p>\n<p>&#13;<\/p>\n<p>                    &#13;<br \/>\n                                                                                                                                                            &#13;<\/p>\n<p>                                            1 z 10<br \/>\n                                            <img decoding=\"async\" src=\"https:\/\/www.europesays.com\/pl\/wp-content\/uploads\/2026\/07\/599ee-dino-byczyna--11-.JPG\" alt=\"\" class=\"photo__img\"\/><br \/>\n                                        &#13;<\/p>\n<p class=\"photo__descr\">Budowa Dino w Byczynie<\/p>\n<p>&#13;<br \/>\n                                    &#13;<br \/>\n                                                                                                                                                                                                                                            &#13;<\/p>\n<p>                                            2 z 10<br \/>\n                                            <img decoding=\"async\" src=\"https:\/\/www.europesays.com\/pl\/wp-content\/uploads\/2026\/07\/aeb9c-dino-byczyna--4-.JPG\" alt=\"\" class=\"photo__img\"\/><br \/>\n                                        &#13;<\/p>\n<p class=\"photo__descr\">Budowa Dino w Byczynie<\/p>\n<p>&#13;<br \/>\n                                    &#13;<br \/>\n                                                                                                                                                                                                                                            &#13;<\/p>\n<p>                                            3 z 10<br \/>\n                                            <img decoding=\"async\" src=\"https:\/\/www.europesays.com\/pl\/wp-content\/uploads\/2026\/07\/10c9e-dino-byczyna--1-.JPG\" alt=\"\" class=\"photo__img\"\/><br \/>\n                                        &#13;<\/p>\n<p class=\"photo__descr\">Budowa Dino w Byczynie<\/p>\n<p>&#13;<br \/>\n                                    &#13;<br \/>\n                                                                                                                &#13;<br \/>\n                                                                                            &#13;<br \/>\n                                                &#13;<br \/>\n                                                                                    &#13;<br \/>\n                                                                                                                                                                                                        &#13;<\/p>\n<p>                                            4 z 10<br \/>\n                                            <img decoding=\"async\" src=\"https:\/\/www.europesays.com\/pl\/wp-content\/uploads\/2026\/07\/84900-dino-byczyna--3-.JPG\" alt=\"\" class=\"photo__img\"\/><br \/>\n                                        &#13;<\/p>\n<p class=\"photo__descr\">Budowa Dino w Byczynie<\/p>\n<p>&#13;<br \/>\n                                    &#13;<br \/>\n                                                                                                                                                                                                                                            &#13;<\/p>\n<p>                                            5 z 10<br \/>\n                                            <img decoding=\"async\" src=\"https:\/\/www.europesays.com\/pl\/wp-content\/uploads\/2026\/07\/429be-dino-byczyna--10-.JPG\" alt=\"\" class=\"photo__img\"\/><br \/>\n                                        &#13;<\/p>\n<p class=\"photo__descr\">Budowa Dino w Byczynie<\/p>\n<p>&#13;<br \/>\n                                    &#13;<\/p>\n","protected":false},"excerpt":{"rendered":"&#13; Zdj\u0119cia z Sklep Dino w Jaworznie coraz bli\u017cej uko\u0144czenia &#8211; zdj\u0119cie &#8211; 2026-07-06 18:30:00 | foto z&hellip;\n","protected":false},"author":2,"featured_media":540676,"comment_status":"","ping_status":"","sticky":false,"template":"","format":"standard","meta":{"footnotes":"","_share_on_mastodon":"0"},"categories":[52249],"tags":[97507,72830,857,41997,53718,53714,64215,42,38,40,39,41,53719,2777,106275,6783,53717],"class_list":["post-540675","post","type-post","status-publish","format-standard","has-post-thumbnail","category-dino-polska","tag-blizej","tag-coraz","tag-dino","tag-dino-polska","tag-dodane","tag-dotyczy","tag-jaworznie","tag-pl","tag-poland","tag-polish","tag-polska","tag-polski","tag-przez","tag-sklep","tag-ukonczenia","tag-zdjecie","tag-zostalo"],"share_on_mastodon":{"url":"https:\/\/pubeurope.com\/@pl\/116878530532056033","error":""},"_links":{"self":[{"href":"https:\/\/www.europesays.com\/pl\/wp-json\/wp\/v2\/posts\/540675","targetHints":{"allow":["GET"]}}],"collection":[{"href":"https:\/\/www.europesays.com\/pl\/wp-json\/wp\/v2\/posts"}],"about":[{"href":"https:\/\/www.europesays.com\/pl\/wp-json\/wp\/v2\/types\/post"}],"author":[{"embeddable":true,"href":"https:\/\/www.europesays.com\/pl\/wp-json\/wp\/v2\/users\/2"}],"replies":[{"embeddable":true,"href":"https:\/\/www.europesays.com\/pl\/wp-json\/wp\/v2\/comments?post=540675"}],"version-history":[{"count":0,"href":"https:\/\/www.europesays.com\/pl\/wp-json\/wp\/v2\/posts\/540675\/revisions"}],"wp:featuredmedia":[{"embeddable":true,"href":"https:\/\/www.europesays.com\/pl\/wp-json\/wp\/v2\/media\/540676"}],"wp:attachment":[{"href":"https:\/\/www.europesays.com\/pl\/wp-json\/wp\/v2\/media?parent=540675"}],"wp:term":[{"taxonomy":"category","embeddable":true,"href":"https:\/\/www.europesays.com\/pl\/wp-json\/wp\/v2\/categories?post=540675"},{"taxonomy":"post_tag","embeddable":true,"href":"https:\/\/www.europesays.com\/pl\/wp-json\/wp\/v2\/tags?post=540675"}],"curies":[{"name":"wp","href":"https:\/\/api.w.org\/{rel}","templated":true}]}}