{"id":540994,"date":"2026-07-07T14:57:08","date_gmt":"2026-07-07T14:57:08","guid":{"rendered":"https:\/\/www.europesays.com\/pl\/540994\/"},"modified":"2026-07-07T14:57:08","modified_gmt":"2026-07-07T14:57:08","slug":"sroda-kluczowa-dla-ministry-zdrowia-i-nfz-premier-zapowiada-szybkie-dzialania","status":"publish","type":"post","link":"https:\/\/www.europesays.com\/pl\/540994\/","title":{"rendered":"\u015aroda kluczowa dla ministry zdrowia i NFZ. Premier zapowiada szybkie dzia\u0142ania"},"content":{"rendered":"<p>Jakie ultimatum postawi\u0142 premier ministrowi zdrowia i szefowi NFZ.<\/p>\n<p>Dlaczego obsadzenie Jolanty Sobiera\u0144skiej-Grendy by\u0142o eksperymentem.<\/p>\n<p>Co musi przygotowa\u0107 minister zdrowia i prezes NFZ.<\/p>\n<p>Dlaczego reforma ochrony zdrowia jest pilna.<\/p>\n<p>    <a name=\"eztoc42206880_0_7\" id=\"eztoc42206880_0_7\"\/>Co dalej z ministr\u0105 zdrowia i szefem NFZ?<\/p>\n<p>Wa\u017c\u0105 si\u0119 losy ministry zdrowia Jolanty Sobiera\u0144skiej-Grendy i szefa NFZ.<br \/>\n<a href=\"https:\/\/wiadomosci.radiozet.pl\/polityka\/ultimatum-premiera-dobiega-konca-reforma-systemu-czy-dymisja\" target=\"_self\" rel=\"dofollow noopener\">We wtorek up\u0142yn\u0105\u0142 termin ultimatum, jakie postawi\u0142 premier Donald Tusk<\/a>.\u00a0&#8211; Je\u015bli do wtorku nie otrzymam rekomendacji dotycz\u0105cych ochrony zdrowia, w \u015brod\u0119 podejm\u0119 odpowiednie decyzje personalne &#8211; powiedzia\u0142 szef rz\u0105du 3 lipca.<\/p>\n<p>Premier w pi\u0105tek przypomnia\u0142, \u017ce, gdy powierzy\u0142 prowadzenie resortu zdrowia Jolancie Sobiera\u0144skiej-Grendzie, by\u0142y g\u0142osy, i\u017c obsadzenie na stanowisku szefa MZ osoby bez zaplecza politycznego jest eksperymentem, bo \u201ez tym si\u0119 mo\u017ce wi\u0105za\u0107 s\u0142abo\u015b\u0107 ministra\u201d. &#8211; Jej kompetencje s\u0105 niepodwa\u017calne. Natomiast czy starczy jej si\u0142y, determinacji, takiej przebojowo\u015bci, najbli\u017csze dni poka\u017c\u0105 &#8211; powiedzia\u0142 Tusk.<\/p>\n<p><a name=\"eztoc42206880_0_8\" id=\"eztoc42206880_0_8\"\/>Tusk jest ju\u017c po rozmowach z resortem<\/p>\n<p>Premier jest ju\u017c po rozmowach z ministr\u0105 i szefem NFZ. Ich wyniki mamy pozna\u0107 w \u015brod\u0119. Przed wtorkowym posiedzeniem rz\u0105du Donald Tusk powiedzia\u0142 jednak, \u017ce jego zadaniem nie jest \u201eszukanie koz\u0142\u00f3w ofiarnych&#8221;. &#8211;\u00a0Ci, kt\u00f3rzy odpowiadaj\u0105 za konkretne sytuacje w konkretnych szpitalach, jak wiecie, b\u0119d\u0105 odpowiada\u0107. Tak\u017ce niekt\u00f3rzy przed wymiarem sprawiedliwo\u015bci &#8211; m\u00f3wi\u0142.\u00a0<\/p>\n<p>Zaznaczy\u0142, \u017ce przed szefow\u0105 MZ i prezesem NFZ stoi \u201epilny obowi\u0105zek przygotowania konkretnych rozwi\u0105za\u0144\u201d. &#8211; Tak\u017ce systemowych, dotycz\u0105cych nieprawid\u0142owo\u015bci w systemie p\u0142ac, wyceny \u015bwiadcze\u0144, organizacji pracy szpitali. Nad tym siedzieli\u015bmy ostatnich kilkadziesi\u0105t godzin. Jeszcze dzisiaj b\u0119dziemy te rozmowy kontynuowa\u0107 i mam nadziej\u0119, \u017ce jutro pani minister i jej wsp\u00f3\u0142pracownicy b\u0119d\u0105 gotowi do prezentacji naszych ustale\u0144. B\u0119dziemy dalej dzia\u0142a\u0107 na rzecz uzdrowienia sytuacji w ochronie zdrowia &#8211; powiedzia\u0142 premier.<\/p>\n<p><a name=\"eztoc42206880_0_9\" id=\"eztoc42206880_0_9\"\/>Tusk: Zmiany zostan\u0105 wprowadzone szybko<\/p>\n<p>Szef rz\u0105du zapewni\u0142 jednocze\u015bnie, \u017ce zmiany, kt\u00f3rych dotycz\u0105\u00a0rozmowy z szefostwem resortu zdrowia zostan\u0105 wprowadzone szybko.\u00a0&#8211; Wszystko to, co jest mo\u017cliwe do zrobienia, moc\u0105 decyzji pani minister, rz\u0105du, Narodowego Funduszu Zdrowia, przeprowadzimy w trybie pilnym. Nie b\u0119d\u0105 to \u0142atwe zadania i nie wszystkim si\u0119 spodobaj\u0105, ale nie ma odwrotu od tej drogi &#8211; doda\u0142.\u00a0<\/p>\n<p>Dzia\u0142ania zwi\u0105zane z pilnym reformowaniem ochrony zdrowia s\u0105 pok\u0142osiem ujawnionych przez portal zero.pl\u00a0nieprawid\u0142owo\u015bci w Warszawskim Szpitalu Po\u0142udniowym, w kt\u00f3rym lekarz bez specjalizacji by\u0142 koordynatorem SOR. W ubieg\u0142ym roku medyk, pracuj\u0105c w kilku plac\u00f3wkach, zarobi\u0142 1,6 mln z\u0142., a tylko w Szpitalu Po\u0142udniowym w 2025 roku mia\u0142 wypracowa\u0107 \u0142\u0105cznie 3 976 godzin, co daje \u015brednio 331 godzin\u00a0miesi\u0119cznie na podstawie um\u00f3w cywilnoprawnych\/kontraktowych. Lekarz by\u0142 tak\u017ce radnym dzielnicy Ursus z ramienia KO. Na prowadzonym przez niego oddziale politycy Koalicji Obywatelskiej mieli by\u0107 przyjmowani bez kolejki.<\/p>\n<p>\u0179r\u00f3d\u0142o: Radio ZET\/PAP<\/p>\n<p>By\u0142e\u015b \u015bwiadkiem czego\u015b niespodziewanego? Masz temat, kt\u00f3rym powinni\u015bmy si\u0119 zaj\u0105\u0107?<\/p>\n<p>Zg\u0142o\u015b spraw\u0119 przez <a href=\"https:\/\/wiadomosci.radiozet.pl\/czerwony-telefon\" target=\"_blank\" title=\"Czerwony telefon Radia Zet\" rel=\"nofollow noopener\">Czerwony telefon Radia ZET<\/a><\/p>\n","protected":false},"excerpt":{"rendered":"Jakie ultimatum postawi\u0142 premier ministrowi zdrowia i szefowi NFZ. Dlaczego obsadzenie Jolanty Sobiera\u0144skiej-Grendy by\u0142o eksperymentem. Co musi przygotowa\u0107&hellip;\n","protected":false},"author":2,"featured_media":540995,"comment_status":"","ping_status":"","sticky":false,"template":"","format":"standard","meta":{"footnotes":"","_share_on_mastodon":"0"},"categories":[62713],"tags":[11215,1345,11341],"class_list":["post-540994","post","type-post","status-publish","format-standard","has-post-thumbnail","category-donald-tusk","tag-afera","tag-donald-tusk","tag-ministerstwo-zdrowia"],"share_on_mastodon":{"url":"https:\/\/pubeurope.com\/@pl\/116879284563868307","error":""},"_links":{"self":[{"href":"https:\/\/www.europesays.com\/pl\/wp-json\/wp\/v2\/posts\/540994","targetHints":{"allow":["GET"]}}],"collection":[{"href":"https:\/\/www.europesays.com\/pl\/wp-json\/wp\/v2\/posts"}],"about":[{"href":"https:\/\/www.europesays.com\/pl\/wp-json\/wp\/v2\/types\/post"}],"author":[{"embeddable":true,"href":"https:\/\/www.europesays.com\/pl\/wp-json\/wp\/v2\/users\/2"}],"replies":[{"embeddable":true,"href":"https:\/\/www.europesays.com\/pl\/wp-json\/wp\/v2\/comments?post=540994"}],"version-history":[{"count":0,"href":"https:\/\/www.europesays.com\/pl\/wp-json\/wp\/v2\/posts\/540994\/revisions"}],"wp:featuredmedia":[{"embeddable":true,"href":"https:\/\/www.europesays.com\/pl\/wp-json\/wp\/v2\/media\/540995"}],"wp:attachment":[{"href":"https:\/\/www.europesays.com\/pl\/wp-json\/wp\/v2\/media?parent=540994"}],"wp:term":[{"taxonomy":"category","embeddable":true,"href":"https:\/\/www.europesays.com\/pl\/wp-json\/wp\/v2\/categories?post=540994"},{"taxonomy":"post_tag","embeddable":true,"href":"https:\/\/www.europesays.com\/pl\/wp-json\/wp\/v2\/tags?post=540994"}],"curies":[{"name":"wp","href":"https:\/\/api.w.org\/{rel}","templated":true}]}}