{"id":54113,"date":"2025-10-17T14:34:06","date_gmt":"2025-10-17T14:34:06","guid":{"rendered":"https:\/\/www.europesays.com\/pl\/54113\/"},"modified":"2025-10-17T14:34:06","modified_gmt":"2025-10-17T14:34:06","slug":"tunel-na-granicy-z-bialorusia-odkryli-go-funkcjonariusze-strazy-granicznej","status":"publish","type":"post","link":"https:\/\/www.europesays.com\/pl\/54113\/","title":{"rendered":"Tunel na granicy z Bia\u0142orusi\u0105. Odkryli go funkcjonariusze Stra\u017cy Granicznej"},"content":{"rendered":"<p class=\"ods-c-paragraph \">Stra\u017c Graniczna natkn\u0119\u0142a si\u0119 na tunel na granicy polsko-bia\u0142oruskiej. Jego celem by\u0142o omini\u0119cie zapory. Tunel zaczyna\u0142 si\u0119 na Bia\u0142orusi i ko\u0144czy\u0142 ok. 20 m po polskiej stronie granicy.<\/p>\n<p class=\"ods-c-paragraph \">O podkopie poinformowa\u0142 minister spraw wewn\u0119trznych i administracji Marcin Kierwi\u0144ski. &#8222;Dzi\u0119ki zaawansowanym systemom elektronicznym na barierze granica polsko-bia\u0142oruska jest skutecznie chroniona!&#8221; \u2014 czytamy we wpisie ministra.<\/p>\n<p>Dalszy ci\u0105g artyku\u0142u pod materia\u0142em wideo<br \/>\nKolejny podkop pod granic\u0105 polsko-bia\u0142orusk\u0105<\/p>\n<p class=\"ods-c-paragraph \">To kolejna tego typu sytuacja w ostatnim czasie. Migranci pr\u00f3buj\u0105cy przedosta\u0107 si\u0119 z Bia\u0142orusi do Polski wykopali tunel pod zapor\u0105 zbudowan\u0105 w pasie granicznym \u2014 <a href=\"https:\/\/wiadomosci.onet.pl\/bialystok\/przekop-pod-zapora-na-granicy-z-bialorusia-tak-zareagowala-straz-graniczna\/12fr1jz\" id=\"a4d52566-2d8c-45c3-8fa0-a000e359cc94\" rel=\"nofollow noopener\" target=\"_blank\">poinformowa\u0142a we wrze\u015bniu Stra\u017c Graniczna<\/a>. Funkcjonariusze zaalarmowali o tym zdarzeniu patrole w terenie, kt\u00f3re udaremni\u0142y pr\u00f3b\u0119 nielegalnego przekroczenia granicy przez czterech cudzoziemc\u00f3w. Zostali oni zawr\u00f3ceni na Bia\u0142oru\u015b.<\/p>\n<p class=\"ods-c-paragraph \">Na 186 km granicy z Bia\u0142orusi\u0105 stoi \u2014 wzniesiona w 2022 r. \u2014 stalowa zapora o wysoko\u015bci 5,5 m. Jest g\u0142\u00f3wnym elementem zabezpieczenia tej granicy przed nielegaln\u0105 migracj\u0105. Uzupe\u0142nia j\u0105 tzw. bariera elektroniczna, kt\u00f3ra obejmuje zapor\u0119, a tak\u017ce odcinki rzeczne. W minionym roku zmodernizowano obie zapory, na stalowej zamontowano dodatkowe poziome prz\u0119s\u0142a, a tak\u017ce zwoje concertiny.<\/p>\n","protected":false},"excerpt":{"rendered":"Stra\u017c Graniczna natkn\u0119\u0142a si\u0119 na tunel na granicy polsko-bia\u0142oruskiej. Jego celem by\u0142o omini\u0119cie zapory. Tunel zaczyna\u0142 si\u0119 na&hellip;\n","protected":false},"author":2,"featured_media":54114,"comment_status":"","ping_status":"","sticky":false,"template":"","format":"standard","meta":{"footnotes":""},"categories":[12],"tags":[699,32,33,36,37,5960,27,49,34,35,1680,28,31,48,25,46,42,38,40,39,41,47,515,29,30,26],"class_list":{"0":"post-54113","1":"post","2":"type-post","3":"status-publish","4":"format-standard","5":"has-post-thumbnail","7":"category-polska","8":"tag-bialorus","9":"tag-breaking-news","10":"tag-breakingnews","11":"tag-featured-news","12":"tag-featurednews","13":"tag-granica_polsko_bialoruska","14":"tag-headlines","15":"tag-kraj","16":"tag-latest-news","17":"tag-latestnews","18":"tag-marcin_kierwinski","19":"tag-naglowki","20":"tag-najwazniejsze-artykuly","21":"tag-nat_styl","22":"tag-news","23":"tag-omp","24":"tag-pl","25":"tag-poland","26":"tag-polish","27":"tag-polska","28":"tag-polski","29":"tag-screening_general","30":"tag-straz_graniczna","31":"tag-top-stories","32":"tag-topstories","33":"tag-wiadomosci"},"share_on_mastodon":{"url":"","error":""},"_links":{"self":[{"href":"https:\/\/www.europesays.com\/pl\/wp-json\/wp\/v2\/posts\/54113","targetHints":{"allow":["GET"]}}],"collection":[{"href":"https:\/\/www.europesays.com\/pl\/wp-json\/wp\/v2\/posts"}],"about":[{"href":"https:\/\/www.europesays.com\/pl\/wp-json\/wp\/v2\/types\/post"}],"author":[{"embeddable":true,"href":"https:\/\/www.europesays.com\/pl\/wp-json\/wp\/v2\/users\/2"}],"replies":[{"embeddable":true,"href":"https:\/\/www.europesays.com\/pl\/wp-json\/wp\/v2\/comments?post=54113"}],"version-history":[{"count":0,"href":"https:\/\/www.europesays.com\/pl\/wp-json\/wp\/v2\/posts\/54113\/revisions"}],"wp:featuredmedia":[{"embeddable":true,"href":"https:\/\/www.europesays.com\/pl\/wp-json\/wp\/v2\/media\/54114"}],"wp:attachment":[{"href":"https:\/\/www.europesays.com\/pl\/wp-json\/wp\/v2\/media?parent=54113"}],"wp:term":[{"taxonomy":"category","embeddable":true,"href":"https:\/\/www.europesays.com\/pl\/wp-json\/wp\/v2\/categories?post=54113"},{"taxonomy":"post_tag","embeddable":true,"href":"https:\/\/www.europesays.com\/pl\/wp-json\/wp\/v2\/tags?post=54113"}],"curies":[{"name":"wp","href":"https:\/\/api.w.org\/{rel}","templated":true}]}}