{"id":541749,"date":"2026-07-07T22:54:15","date_gmt":"2026-07-07T22:54:15","guid":{"rendered":"https:\/\/www.europesays.com\/pl\/541749\/"},"modified":"2026-07-07T22:54:15","modified_gmt":"2026-07-07T22:54:15","slug":"rzad-mial-czas-na-reforme-ochrony-zdrowia-pawel-salek-mowi-jasno","status":"publish","type":"post","link":"https:\/\/www.europesays.com\/pl\/541749\/","title":{"rendered":"Rz\u0105d mia\u0142 czas na reform\u0119 ochrony zdrowia? Pawe\u0142 Sa\u0142ek m\u00f3wi jasno"},"content":{"rendered":"<p>OGL\u0104DAJ. Pawe\u0142 Sa\u0142ek go\u015bciem Paw\u0142a Paw\u0142owskiego:<\/p>\n<p class=\"font-primary mb-8 text-lg leading-[1.55] [&amp;_a]:text-[#23437D] [&amp;_a]:underline [&amp;_a]:font-bold\"><a href=\"https:\/\/polskieradio24.pl\/polityka\/tusk-zapowiada-pilne-reformy-w-ochronie-zdrowia-nie-wszystkim-sie-to-spodoba\" rel=\"nofollow noopener\" target=\"_blank\">Donald Tusk zapowiedzia\u0142 pilne zmiany w ochronie zdrowia<\/a>. Podkre\u015bli\u0142, \u017ce przed ministr\u0105 Jolant\u0105 Sobiera\u0144sk\u0105-Grend\u0105 i szefostwem Narodowego Funduszu Zdrowia &#8222;stoi<br \/>\nbardzo pilny obowi\u0105zek przygotowania konkretnych rozwi\u0105za\u0144 &#8211; tak\u017ce systemowych<br \/>\n&#8211; dotycz\u0105cych nieprawid\u0142owo\u015bci w systemie p\u0142ac, wyceny \u015bwiadcze\u0144 i organizacji<br \/>\npracy szpitali&#8221;.<\/p>\n<p>Redakcja poleca<\/p>\n<p class=\"font-primary mb-8 text-lg leading-[1.55] [&amp;_a]:text-[#23437D] [&amp;_a]:underline [&amp;_a]:font-bold\">Pawe\u0142 Sa\u0142ek zapytany w Polskim Radiu 24 o to, czy szefowa resortu zdrowia<br \/>\npowinna zosta\u0107 zdymisjonowana, stwierdzi\u0142, \u017ce jest to pytanie do szefa rz\u0105du. &#8211;<br \/>\nDzia\u0142ania, kt\u00f3re dzisiaj s\u0105 w s\u0142u\u017cbie zdrowia, w ministerstwie oraz problemy<br \/>\nbie\u017c\u0105cego funkcjonowania ochrony zdrowia s\u0105 oczywi\u015bcie bardzo powa\u017cne. Pani minister, nie<br \/>\nukrywajmy, nie daje sobie rady i premier pewnie doszed\u0142 do wniosku, \u017ce trzeba<br \/>\ndokona\u0107 zmiany personalnej, aby uspokoi\u0107 atmosfer\u0119 &#8211; oceni\u0142 pose\u0142 Prawa i<br \/>\nSprawiedliwo\u015bci. <\/p>\n<p>Kryzys w ochronie zdrowia. &#8222;To problemy rz\u0105du&#8221;<\/p>\n<p class=\"font-primary mb-8 text-lg leading-[1.55] [&amp;_a]:text-[#23437D] [&amp;_a]:underline [&amp;_a]:font-bold\">\u00a0&#8211; Aczkolwiek te<br \/>\nsprawy i te problemy, kt\u00f3re wyst\u0119puj\u0105 w s\u0142u\u017cbie zdrowia, to s\u0105 problemy rz\u0105du,<br \/>\na nie pani minister Grendy, czy wcze\u015bniej pani minister Leszczyny &#8211; doda\u0142 polityk.<br \/>\nJak wskaza\u0142, istotne jest to, \u017ce &#8222;dzisiaj Narodowy Fundusz Zdrowia nie ma<br \/>\npieni\u0119dzy, ma deficyt&#8221;. &#8211; Podobny, bardzo du\u017cy deficyt, wyst\u0119puje w bud\u017cecie<br \/>\npa\u0144stwa. Dzi\u015b polityczn\u0105 odpowiedzialno\u015b\u0107, czy te\u017c personaln\u0105, za t\u0119<br \/>\nsytuacj\u0119 bierze pan premier Donald Tusk i ca\u0142a koalicja rz\u0105dowa, kt\u00f3ra sk\u0142ada si\u0119 z<br \/>\nkilku podmiot\u00f3w &#8211; podkre\u015bli\u0142 Pawe\u0142 Sa\u0142ek. &#8211; Natomiast je\u015bli pan premier Donald<br \/>\nTusk doszed\u0142 do wniosku, \u017ce trzeba pani\u0105 minister Sobiera\u0144sk\u0105-Grend\u0119 wymieni\u0107,<br \/>\nto pewnie to uczyni &#8211; doda\u0142. <\/p>\n<p class=\"font-primary mb-8 text-lg leading-[1.55] [&amp;_a]:text-[#23437D] [&amp;_a]:underline [&amp;_a]:font-bold\">Odni\u00f3s\u0142 si\u0119 r\u00f3wnie\u017c do pi\u0119ciodniowego ultimatum, kt\u00f3re szef<br \/>\nrz\u0105du postawi\u0142 ministrze zdrowia i szefowi NFZ, daj\u0105c im czas na przygotowanie reformy systemu<br \/>\nochrony zdrowia. &#8211; Przypomn\u0119, \u017ce koalicja rz\u0105dowa jest ju\u017c przy w\u0142adzy blisko<br \/>\ntrzy lata. Naprawd\u0119 by\u0142 czas na to, aby dokonywa\u0107 reformy, poprawy<br \/>\nfunkcjonowania ochrony zdrowia. A dzi\u015b na kolonoskopi\u0119 czy inne badania na<br \/>\ngastrologii czeka si\u0119 dwa lata. To s\u0105 rzeczywiste problemy. Nie wiem czy jest<br \/>\nmo\u017cliwe, \u017ceby pani minister przygotowa\u0142a w pi\u0119\u0107 dni reform\u0119, je\u015bli pan Tusk nie<br \/>\nprzeprowadzi\u0142 jej od pocz\u0105tku kadencji &#8211; powiedzia\u0142 pose\u0142 Prawa i<br \/>\nSprawiedliwo\u015bci. <\/p>\n<p>Redakcja poleca<\/p>\n","protected":false},"excerpt":{"rendered":"OGL\u0104DAJ. Pawe\u0142 Sa\u0142ek go\u015bciem Paw\u0142a Paw\u0142owskiego: Donald Tusk zapowiedzia\u0142 pilne zmiany w ochronie zdrowia. Podkre\u015bli\u0142, \u017ce przed ministr\u0105&hellip;\n","protected":false},"author":2,"featured_media":541750,"comment_status":"","ping_status":"","sticky":false,"template":"","format":"standard","meta":{"footnotes":"","_share_on_mastodon":"0"},"categories":[62713],"tags":[89335,1345,11341,2462,28424],"class_list":["post-541749","post","type-post","status-publish","format-standard","has-post-thumbnail","category-donald-tusk","tag-24-pytania","tag-donald-tusk","tag-ministerstwo-zdrowia","tag-polska-polityka","tag-publicystyka"],"share_on_mastodon":{"url":"https:\/\/pubeurope.com\/@pl\/116881159791401670","error":""},"_links":{"self":[{"href":"https:\/\/www.europesays.com\/pl\/wp-json\/wp\/v2\/posts\/541749","targetHints":{"allow":["GET"]}}],"collection":[{"href":"https:\/\/www.europesays.com\/pl\/wp-json\/wp\/v2\/posts"}],"about":[{"href":"https:\/\/www.europesays.com\/pl\/wp-json\/wp\/v2\/types\/post"}],"author":[{"embeddable":true,"href":"https:\/\/www.europesays.com\/pl\/wp-json\/wp\/v2\/users\/2"}],"replies":[{"embeddable":true,"href":"https:\/\/www.europesays.com\/pl\/wp-json\/wp\/v2\/comments?post=541749"}],"version-history":[{"count":0,"href":"https:\/\/www.europesays.com\/pl\/wp-json\/wp\/v2\/posts\/541749\/revisions"}],"wp:featuredmedia":[{"embeddable":true,"href":"https:\/\/www.europesays.com\/pl\/wp-json\/wp\/v2\/media\/541750"}],"wp:attachment":[{"href":"https:\/\/www.europesays.com\/pl\/wp-json\/wp\/v2\/media?parent=541749"}],"wp:term":[{"taxonomy":"category","embeddable":true,"href":"https:\/\/www.europesays.com\/pl\/wp-json\/wp\/v2\/categories?post=541749"},{"taxonomy":"post_tag","embeddable":true,"href":"https:\/\/www.europesays.com\/pl\/wp-json\/wp\/v2\/tags?post=541749"}],"curies":[{"name":"wp","href":"https:\/\/api.w.org\/{rel}","templated":true}]}}