{"id":541801,"date":"2026-07-07T23:32:15","date_gmt":"2026-07-07T23:32:15","guid":{"rendered":"https:\/\/www.europesays.com\/pl\/541801\/"},"modified":"2026-07-07T23:32:15","modified_gmt":"2026-07-07T23:32:15","slug":"ostrzezenie-3-stopnia-przed-silnym-sztormem-do-11-stopni-w-skali-beauforta","status":"publish","type":"post","link":"https:\/\/www.europesays.com\/pl\/541801\/","title":{"rendered":"Ostrze\u017cenie 3. stopnia przed silnym sztormem. Do 11 stopni w skali Beauforta"},"content":{"rendered":"<p>            <a href=\"https:\/\/s-trojmiasto.pl\/zdj\/c\/n\/9\/4366\/1110x0\/4366138-IMGW-PIB-Centralne-Biuro-Meteorologicznych-Prognoz-Morskich-w-Gdyni-wydalo-ostrzezenie-3-stopnia-przed-silnym-sztormem.webp\" target=\"_blank\" data-slide-name=\"849516\" data-lightbox-target=\"photo full\" data-sub-html=\"&lt;h4&gt;IMGW-PIB Centralne Biuro Meteorologicznych Prognoz Morskich w Gdyni wyda\u0142o ostrze\u017cenie 3. stopnia przed silnym sztormem.&lt;\/h4&gt;&lt;p&gt;mat. IMiGW&lt;\/p&gt;&#010;\" class=\"photoMarker__link\" data-filter-brightness=\"brightness--100\" rel=\"nofollow noopener\"><\/p>\n<p>    <img decoding=\"async\" style=\"height:358px; aspect-ratio: 2.09434\/1; filter:brightness(1);\" alt=\"IMGW-PIB Centralne Biuro Meteorologicznych Prognoz Morskich w Gdyni wyda\u0142o ostrze\u017cenie 3. stopnia przed silnym sztormem.\" src=\"https:\/\/www.europesays.com\/pl\/wp-content\/uploads\/2026\/07\/4366138-IMGW-PIB-Centralne-Biuro-Meteorologicznych-Prognoz-Morskich-w-Gdyni-wydalo.webp\" class=\"photoMarker__img \" data-slider=\"img\" fetchpriority=\"high\"\/><\/p>\n<p>            <\/a><\/p>\n<p class=\"lead\">IMGW-PIB wyda\u0142o ostrze\u017cenie 3. stopnia przed silnym sztormem dla wschodniej strefy brzegowej. Prognozowany jest silny wiatr, kt\u00f3ry w\u00a0porywach mo\u017ce osi\u0105gn\u0105\u0107 10 &#8211; 11 stopni w\u00a0skali Beauforta. Wcze\u015bniej, w\u00a0godzinach porannych, mieszka\u0144cy otrzymali alert dotycz\u0105cy silnych wiatr\u00f3w.<\/p>\n<p>Aktualizacja, godz. 22:10<\/p>\n<p>Z uwagi na ostrze\u017cenia o\u00a0silnym wietrze w\u00a0porywach do 10 \/11 w\u00a0skali B\u00a0i mo\u017cliwo\u015bci wyst\u0105pienia burz, zamkni\u0119te zosta\u0142o molo w\u00a0Brze\u017anie.<\/p>\n<p>Zakaz wej\u015bcia na molo obowi\u0105zuje do odwo\u0142ania. Mieszka\u0144cy Gda\u0144ska oraz tury\u015bci proszeni s\u0105 o\u00a0dostosowanie si\u0119 do wprowadzonego obostrzenia.<\/p>\n<p>Poranny alert o\u00a0silnym wietrze<\/p>\n<p>O sytuacji zwi\u0105zanej z\u00a0silnym wiatrem informowali\u015bmy ju\u017c rano. W\u00a0godzinach porannych mieszka\u0144cy otrzymali alert dotycz\u0105cy prognozowanych niebezpiecznych warunk\u00f3w pogodowych.<\/p>\n<p><a href=\"https:\/\/www.trojmiasto.pl\/wiadomosci\/Silne-wiatry-n222337.html\" data-tklik=\"317830\" class=\"marker-news component newsMarker\" rel=\"nofollow noopener\" target=\"_blank\"><br \/>\n            <img decoding=\"async\" src=\"https:\/\/www.europesays.com\/pl\/wp-content\/uploads\/2026\/07\/4365423__c_343_28_779_545__kr.webp\" alt=\"Do Tr\u00f3jmiasta zbli\u017ca si\u0119 wichura. Alerty IMGW i ostrze\u017cenie RCB dla mieszka\u0144c\u00f3w\" class=\"lazy newsMarker__img\"\/><br \/>\n        Do Tr\u00f3jmiasta zbli\u017ca si\u0119 wichura. Alerty IMGW i ostrze\u017cenie RCB dla mieszka\u0144c\u00f3w<br \/>\n<\/a><\/p>\n<p>Od tego czasu IMGW wyda\u0142o kolejne ostrze\u017cenie i\u00a0podnios\u0142o stopie\u0144 zagro\u017cenia dla wschodniej strefy brzegowej.<\/p>\n<p><a data-tklik=\"638312\" target=\"_blank\" href=\"https:\/\/www.trojmiasto.pl\/pogoda\/gdansk\" class=\"link-info-box link-info-box--icon\" rel=\"nofollow noopener\"><\/p>\n<p>Prognoza pogody w Tr\u00f3jmie\u015bcie &gt;&gt;&gt;<\/p>\n<p><\/a><\/p>\n<p>Ostrze\u017cenie 3. stopnia przed silnym sztormem<\/p>\n<p>IMGW-PIB Centralne Biuro Meteorologicznych Prognoz Morskich w\u00a0Gdyni wyda\u0142o ostrze\u017cenie 3. stopnia przed silnym sztormem.<\/p>\n<p>Ostrze\u017cenie obowi\u0105zuje od godz. 19:00 we wtorek, 7 lipca 2026 roku, do godz. 13:00 w\u00a0\u015brod\u0119, 8 lipca 2026 roku.<\/p>\n<p>            <a href=\"https:\/\/www.trojmiasto.pl\/tv\/szukaj.html?s=sztorm+na+morzu+&amp;from=&amp;to=\" rel=\"nofollow noopener\" target=\"_blank\">Sztormy na filmach naszych czytelnik\u00f3w<\/a><\/p>\n<p>                <a href=\"https:\/\/www.trojmiasto.pl\/tv\/szukaj.html?s=sztorm+na+morzu+&amp;from=&amp;to=\" rel=\"nofollow noopener\" target=\"_blank\">wi\u0119cej  <\/a><\/p>\n<p>Wiatr mo\u017ce osi\u0105gn\u0105\u0107 11 stopni w\u00a0skali Beauforta<\/p>\n<p>Z prognozy wynika, \u017ce wiatr z\u00a0kierunku zachodniego do p\u00f3\u0142nocno-zachodniego b\u0119dzie pocz\u0105tkowo wia\u0142 z\u00a0si\u0142\u0105 5 &#8211; 6 w\u00a0skali Beauforta, w\u00a0porywach osi\u0105gaj\u0105c 7 &#8211; 8 stopni.<\/p>\n<p>Nast\u0119pnie jego si\u0142a wzro\u015bnie do 7 &#8211; 9 stopni w\u00a0skali Beauforta, a\u00a0porywy mog\u0105 osi\u0105ga\u0107 10 &#8211; 11 stopni.<\/p>\n<p>Synoptycy wskazuj\u0105 r\u00f3wnie\u017c, \u017ce w\u00a0czasie obowi\u0105zywania ostrze\u017cenia mo\u017cliwe jest wyst\u0119powanie burz.<\/p>\n<p>    <a class=\"property__img\" href=\"https:\/\/ogloszenia.trojmiasto.pl\/sprzedam-jachty-i-lodzie\/nowa-lodz-marinello-cabin-590-590m6os-osobne-wc-boatcenter-pl-ogl65781771.html\" data-action=\"click-&gt;ga--dom#propertyItem\" data-tklik=\"677088\" rel=\"nofollow noopener\" target=\"_blank\"><br \/>\n        <img decoding=\"async\" class=\"lazy\" src=\"https:\/\/www.europesays.com\/pl\/wp-content\/uploads\/2026\/07\/94591132_18_Nowa-lodz-Marinello-Cabin-590-590m6-osob-Kabina-Osobne-WC.jpg\" alt=\"\"\/><\/p>\n<p>    <\/a><\/p>\n<p>                <a href=\"https:\/\/ogloszenia.trojmiasto.pl\/sprzedam-jachty-i-lodzie\/\" data-tklik=\"677088\" rel=\"nofollow noopener\" target=\"_blank\"><br \/>\n                    Wi\u0119cej w serwisie Og\u0142oszenia<br \/>\n                    (114)<\/p>\n<p>                <\/a><\/p>\n<p>S\u0142u\u017cby apeluj\u0105 o\u00a0zachowanie ostro\u017cno\u015bci <\/p>\n<p>W zwi\u0105zku z\u00a0prognozowanymi trudnymi warunkami pogodowymi, s\u0142u\u017cby przypominaj\u0105 o\u00a0konieczno\u015bci zachowania szczeg\u00f3lnej ostro\u017cno\u015bci. Silny wiatr mo\u017ce powodowa\u0107 niebezpieczne sytuacje, dlatego warto \u015bledzi\u0107 aktualne komunikaty meteorologiczne i\u00a0stosowa\u0107 si\u0119 do zalece\u0144 s\u0142u\u017cb.<\/p>\n<p>Nale\u017cy unika\u0107 przebywania w\u00a0miejscach nara\u017conych na dzia\u0142anie silnych podmuch\u00f3w wiatru oraz zachowa\u0107 ostro\u017cno\u015b\u0107 w\u00a0pobli\u017cu wybrze\u017ca i\u00a0akwen\u00f3w wodnych.\n                <\/p>\n","protected":false},"excerpt":{"rendered":"IMGW-PIB wyda\u0142o ostrze\u017cenie 3. stopnia przed silnym sztormem dla wschodniej strefy brzegowej. Prognozowany jest silny wiatr, kt\u00f3ry w\u00a0porywach&hellip;\n","protected":false},"author":2,"featured_media":541802,"comment_status":"","ping_status":"","sticky":false,"template":"","format":"standard","meta":{"footnotes":"","_share_on_mastodon":"0"},"categories":[51610],"tags":[54932,37311,106541,19161,106542,168,106539,1048,1064,167,101898,3757,12239,3803,38530,4798,42,78,38,40,39,41,106540,21109,8729,38529,1063,38525,21828,98377,6786,4000,10570,9257,39395],"class_list":["post-541801","post","type-post","status-publish","format-standard","has-post-thumbnail","category-gdansk","tag-akwen","tag-alert","tag-beaufort","tag-brzeg","tag-brzegowa","tag-burza","tag-centralne-biuro-meteorologicznych-prognoz-morskich","tag-gdansk","tag-gdynia","tag-imgw","tag-imgw-pib","tag-kierunek","tag-komunikat","tag-mieszkaniec","tag-ostroznosc","tag-ostrzezenie","tag-pl","tag-pogoda","tag-poland","tag-polish","tag-polska","tag-polski","tag-poryw","tag-prognoza","tag-skala","tag-sluzba","tag-sopot","tag-stopien","tag-strefa","tag-synoptyk","tag-sztorm","tag-trojmiasto","tag-warunek","tag-wiatr","tag-wybrzeze"],"share_on_mastodon":{"url":"https:\/\/pubeurope.com\/@pl\/116881310328237430","error":""},"_links":{"self":[{"href":"https:\/\/www.europesays.com\/pl\/wp-json\/wp\/v2\/posts\/541801","targetHints":{"allow":["GET"]}}],"collection":[{"href":"https:\/\/www.europesays.com\/pl\/wp-json\/wp\/v2\/posts"}],"about":[{"href":"https:\/\/www.europesays.com\/pl\/wp-json\/wp\/v2\/types\/post"}],"author":[{"embeddable":true,"href":"https:\/\/www.europesays.com\/pl\/wp-json\/wp\/v2\/users\/2"}],"replies":[{"embeddable":true,"href":"https:\/\/www.europesays.com\/pl\/wp-json\/wp\/v2\/comments?post=541801"}],"version-history":[{"count":0,"href":"https:\/\/www.europesays.com\/pl\/wp-json\/wp\/v2\/posts\/541801\/revisions"}],"wp:featuredmedia":[{"embeddable":true,"href":"https:\/\/www.europesays.com\/pl\/wp-json\/wp\/v2\/media\/541802"}],"wp:attachment":[{"href":"https:\/\/www.europesays.com\/pl\/wp-json\/wp\/v2\/media?parent=541801"}],"wp:term":[{"taxonomy":"category","embeddable":true,"href":"https:\/\/www.europesays.com\/pl\/wp-json\/wp\/v2\/categories?post=541801"},{"taxonomy":"post_tag","embeddable":true,"href":"https:\/\/www.europesays.com\/pl\/wp-json\/wp\/v2\/tags?post=541801"}],"curies":[{"name":"wp","href":"https:\/\/api.w.org\/{rel}","templated":true}]}}