{"id":541941,"date":"2026-07-08T01:06:15","date_gmt":"2026-07-08T01:06:15","guid":{"rendered":"https:\/\/www.europesays.com\/pl\/541941\/"},"modified":"2026-07-08T01:06:15","modified_gmt":"2026-07-08T01:06:15","slug":"oficjalnie-jakub-kaminski-dolaczyl-do-giganta","status":"publish","type":"post","link":"https:\/\/www.europesays.com\/pl\/541941\/","title":{"rendered":"Oficjalnie: Jakub Kami\u0144ski do\u0142\u0105czy\u0142 do giganta!"},"content":{"rendered":"\n<p class=\"contentpart contentpart--default contentpart--text\" data-position=\"0\">W poniedzia\u0142ek, 6 lipca, <a href=\"https:\/\/sportowefakty.wp.pl\/pilka-nozna\/jakub-kaminski\" rel=\"nofollow noopener\" target=\"_blank\">Jakub Kami\u0144ski<\/a>\u00a0wyl\u0105dowa\u0142 na lotnisku Tires w Cascais, sk\u0105d uda\u0142 si\u0119 bezpo\u015brednio do kliniki, by przej\u015b\u0107 testy medyczne i dope\u0142ni\u0107 wszelkich formalno\u015bci przed podpisaniem kontraktu z <a href=\"https:\/\/sportowefakty.wp.pl\/pilka-nozna\/benfica-lizbona\" rel=\"nofollow noopener\" target=\"_blank\">Benfic\u0105<\/a>\u00a0obowi\u0105zuj\u0105cego do po\u0142owy 2031 roku.<\/p>\n<p class=\"contentpart contentpart--default contentpart--text\" data-position=\"1\">Sprowadzenie reprezentanta Polski kosztowa\u0142o dzia\u0142aczy z Estadio da Luz 20 mln euro.<\/p>\n<p>  <img decoding=\"async\" src=\"https:\/\/v.wpimg.pl\/X3dwLnN2d1IFFTpdYUl6R0ZNbgcnEHQREVV2TGEGbUtRT2MdOlZ2RBQUKABgQjQcDRotCStBd1IAAWMeIlM7VgwYIAorQAdEFFk_GCkQJQ\" alt=\"\" width=\"45\" height=\"58\" loading=\"lazy\"\/>  <\/p>\n<p class=\"contentpart contentpart--default contentpart--text\" data-position=\"2\">ZOBACZ WIDEO: Yamal kontra Ronaldo. &#8222;Pojedynek dw\u00f3ch \u015bwiat\u00f3w&#8221;<\/p>\n<p>Wielki krok w karierze wychowanka Lecha Pozna\u0144<\/p>\n<p class=\"contentpart contentpart--default contentpart--text\" data-position=\"5\">Dla 24-letniego zawodnika, kt\u00f3ry w minionym sezonie strzeli\u0142 siedem goli i zanotowa\u0142 pi\u0119\u0107 asyst w trzydziestu czterech wyst\u0119pach w <a href=\"https:\/\/sportowefakty.wp.pl\/pilka-nozna\/1fc-koeln\" rel=\"nofollow noopener\" target=\"_blank\">1.FC Koeln<\/a>\u00a0w Bundeslidze, przenosiny na P\u00f3\u0142wysep Iberyjski to ogromna szansa na regularne wyst\u0119py w europejskich pucharach.<\/p>\n<p class=\"contentpart contentpart--default contentpart--text\" data-position=\"6\">Pi\u0142karz ma za sob\u0105 r\u00f3wnie\u017c okres gry w Wolfsburgu oraz mistrzostwo Polski wywalczone z &#8222;Kolejorzem&#8221; (w sezonie 2021\/2022).<\/p>\n<p>  <img decoding=\"async\" src=\"https:\/\/v.wpimg.pl\/X3dwLnN2d1IFFTpdYUl6R0ZNbgcnEHQREVV2TGEGbUtRT2MdOlZ2RBQUKABgQjQcDRotCStBd1IAAWMeIlM7VgwYIAorQAdEFFk_GCkQJQ\" alt=\"\" width=\"45\" height=\"58\" loading=\"lazy\"\/>  <\/p>\n<p class=\"contentpart contentpart--default contentpart--text\" data-position=\"7\">Tu\u017c po opuszczeniu terminalu lotniczego, nowy nabytek portugalskiego giganta nie ukrywa\u0142 swojej rado\u015bci oraz gotowo\u015bci do walki o miejsce w wyj\u015bciowej jedenastce.<\/p>\n<p class=\"contentpart contentpart--default contentpart--text\" data-position=\"8\">&#8211; Bardzo si\u0119 ciesz\u0119, \u017ce tu jestem. Mam du\u017ce oczekiwania, jestem gotowy do gry w pierwszym sk\u0142adzie i pokazania swoich umiej\u0119tno\u015bci w zespole. Mam nadziej\u0119, \u017ce dzisiaj wszystko p\u00f3jdzie dobrze i podpisz\u0119 kontrakt &#8211; wyzna\u0142 Polak, cytowany przez portal abola.com (wi\u0119cej <a href=\"https:\/\/sportowefakty.wp.pl\/pilka-nozna\/1260978\/media-hitowy-transfer-kadrowicza-na-ostatniej-prostej\" rel=\"nofollow noopener\" target=\"blank\">TUTAJ&gt;&gt;<\/a>).<\/p>\n<p class=\"contentpart contentpart--default contentpart--text\" data-position=\"9\">Pasjonuj\u0105co dla polskich kibic\u00f3w zapowiadaj\u0105 si\u0119 w nowym sezonie mecze Benfiki z FC Porto, w kt\u00f3rym wyst\u0119puj\u0105 <a href=\"https:\/\/sportowefakty.wp.pl\/pilka-nozna\/jan-bednarek\" rel=\"nofollow noopener\" target=\"_blank\">Jan Bednarek<\/a>, <a href=\"https:\/\/sportowefakty.wp.pl\/pilka-nozna\/jakub-kiwior\" rel=\"nofollow noopener\" target=\"_blank\">Jakub Kiwior<\/a> i <a href=\"https:\/\/sportowefakty.wp.pl\/pilka-nozna\/oskar-pietuszewski\" rel=\"nofollow noopener\" target=\"_blank\">Oskar Pietuszewski<\/a>.<\/p>\n","protected":false},"excerpt":{"rendered":"W poniedzia\u0142ek, 6 lipca, Jakub Kami\u0144ski\u00a0wyl\u0105dowa\u0142 na lotnisku Tires w Cascais, sk\u0105d uda\u0142 si\u0119 bezpo\u015brednio do kliniki, by&hellip;\n","protected":false},"author":2,"featured_media":541942,"comment_status":"","ping_status":"","sticky":false,"template":"","format":"standard","meta":{"footnotes":"","_share_on_mastodon":"0"},"categories":[24],"tags":[6996,6997,269,42,38,40,39,41,988,498,127,126,97570,2817],"class_list":["post-541941","post","type-post","status-publish","format-standard","has-post-thumbnail","category-sport","tag-1-fc-koeln","tag-jakub-kaminski","tag-pilka-nozna","tag-pl","tag-poland","tag-polish","tag-polska","tag-polski","tag-portugalia","tag-sl-benfica","tag-sport","tag-sports","tag-studio-mundial","tag-transfery"],"share_on_mastodon":{"url":"https:\/\/pubeurope.com\/@pl\/116881680028515591","error":""},"_links":{"self":[{"href":"https:\/\/www.europesays.com\/pl\/wp-json\/wp\/v2\/posts\/541941","targetHints":{"allow":["GET"]}}],"collection":[{"href":"https:\/\/www.europesays.com\/pl\/wp-json\/wp\/v2\/posts"}],"about":[{"href":"https:\/\/www.europesays.com\/pl\/wp-json\/wp\/v2\/types\/post"}],"author":[{"embeddable":true,"href":"https:\/\/www.europesays.com\/pl\/wp-json\/wp\/v2\/users\/2"}],"replies":[{"embeddable":true,"href":"https:\/\/www.europesays.com\/pl\/wp-json\/wp\/v2\/comments?post=541941"}],"version-history":[{"count":0,"href":"https:\/\/www.europesays.com\/pl\/wp-json\/wp\/v2\/posts\/541941\/revisions"}],"wp:featuredmedia":[{"embeddable":true,"href":"https:\/\/www.europesays.com\/pl\/wp-json\/wp\/v2\/media\/541942"}],"wp:attachment":[{"href":"https:\/\/www.europesays.com\/pl\/wp-json\/wp\/v2\/media?parent=541941"}],"wp:term":[{"taxonomy":"category","embeddable":true,"href":"https:\/\/www.europesays.com\/pl\/wp-json\/wp\/v2\/categories?post=541941"},{"taxonomy":"post_tag","embeddable":true,"href":"https:\/\/www.europesays.com\/pl\/wp-json\/wp\/v2\/tags?post=541941"}],"curies":[{"name":"wp","href":"https:\/\/api.w.org\/{rel}","templated":true}]}}