{"id":541989,"date":"2026-07-08T01:38:10","date_gmt":"2026-07-08T01:38:10","guid":{"rendered":"https:\/\/www.europesays.com\/pl\/541989\/"},"modified":"2026-07-08T01:38:10","modified_gmt":"2026-07-08T01:38:10","slug":"dowodztwo-usa-wydalo-komunikat-potezne-uderzenia-na-iran","status":"publish","type":"post","link":"https:\/\/www.europesays.com\/pl\/541989\/","title":{"rendered":"Dow\u00f3dztwo USA wyda\u0142o komunikat. &#8222;Pot\u0119\u017cne uderzenia na Iran&#8221;"},"content":{"rendered":"<p>Ira\u0144ska telewizja informuje o co najmniej sze\u015bciu eksplozjach na wyspie Keszm w Cie\u015bninie Ormuz. S\u0142upy dymu unosz\u0105 si\u0119 r\u00f3wnie\u017c nad miastami Bandar Abbas i Bandar Sirik na po\u0142udniu Iranu.<\/p>\n<p>Dow\u00f3dztwo USA wskaza\u0142o w komunikacie, \u017ce &#8222;ataki Stan\u00f3w Zjednoczonych s\u0105 odpowiedzi\u0105 na ira\u0144skie ataki na trzy statki handlowe, kt\u00f3re przep\u0142ywa\u0142y przez Cie\u015bnin\u0119 Ormuz&#8221;. &#8222;Okazana przez Iran agresja by\u0142a nieuzasadniona, niebezpieczna i stanowi\u0142a wyra\u017ane naruszenie zawieszenia broni&#8221; \u2014 czytamy.<\/p>\n<p> Ataki Iranu w cie\u015bninie Ormuz<\/p>\n<p>Dzie\u0144 wcze\u015bniej ira\u0144skie wojsko wystrzeli\u0142o rakiety, trafiaj\u0105c i uszkadzaj\u0105c co najmniej dwa statki przep\u0142ywaj\u0105ce przez cie\u015bnin\u0119 Ormuz \u2014 poda\u0142 portal Axios, powo\u0142uj\u0105c si\u0119 na ameryka\u0144skiego urz\u0119dnika.<\/p>\n<p>      Iran. Kto tam tak naprawd\u0119 rz\u0105dzi? [WYJA\u015aNIAMY]  <\/p>\n<p class=\"ods-o-frame-in-text__paragraph\"><a href=\"https:\/\/www.onet.pl\/informacje\/onetwiadomosci\/iran-kto-tam-tak-naprawde-rzadzi\/s39hddr,79cfc278\" id=\"c3ea2f56-83cb-473a-8ded-0210d22bee3a\" rel=\"nofollow noopener\" target=\"_blank\">PRZECZYTAJ CA\u0141Y ARTYKU\u0141<\/a><\/p>\n<p>   <img class=\"ods-a-photo ods-a-photo--background\" src=\"https:\/\/www.europesays.com\/pl\/wp-content\/uploads\/2026\/07\/BFYk9lBaHR0cHM6Ly9vY2RuLmV1L3B1bHNjbXMvTURBXy9hNTI2YTQyZTQ1NGNhNGI2M2ZjN2JmMjE2NTcxZmJiZC5wbmeRlQLNA.jpeg\" height=\"253\" width=\"450\" alt=\"Na mniejszym zdj\u0119ciu uczestnicy pogrzebu gromadz\u0105 si\u0119 pod rozpylaczami wody, aby och\u0142odzi\u0107 si\u0119 w upale, sk\u0142adaj\u0105c ostatni ho\u0142d zamordowanemu przyw\u00f3dcy Iranu, ajatollahowi Ali Chamenei, podczas drugiego dnia uroczysto\u015bci pogrzebowych w Teheranie w Iranie, 5 lipca 2026 r. W tle grafika uwzgl\u0119dniaj\u0105ca flagi Iranu i USA\" loading=\"lazy\" fetchpriority=\"low\" decoding=\"async\"\/>  <\/p>\n<p>Trafione przez Iran statki odnios\u0142y znacz\u0105ce zniszczenia, lecz nie odnotowano \u017cadnych ofiar w ludziach. Wcze\u015bniej brytyjska agencja monitoruj\u0105ca bezpiecze\u0144stwo \u017ceglugi UKMTO poda\u0142a, \u017ce otrzyma\u0142a informacje o uszkodzeniu tankowca p\u0142yn\u0105cego blisko wybrze\u017ca Omanu. Statek mia\u0142 stan\u0105\u0107 w ogniu.<\/p>\n<p>Ameryka\u0144ski departament skarbu cofn\u0105\u0142 we wtorek wydan\u0105 wcze\u015bniej licencj\u0119, zawieszaj\u0105c\u0105 sankcje na sprzeda\u017c ira\u0144skiej ropy naftowej. Pozwoli\u0142 jednocze\u015bnie na dalsze kupowanie ira\u0144skiego surowca do 17 lipca, o ile \u015brodki b\u0119d\u0105 wp\u0142acane na kontrolowane przez USA konto.<\/p>\n","protected":false},"excerpt":{"rendered":"Ira\u0144ska telewizja informuje o co najmniej sze\u015bciu eksplozjach na wyspie Keszm w Cie\u015bninie Ormuz. S\u0142upy dymu unosz\u0105 si\u0119&hellip;\n","protected":false},"author":2,"featured_media":541990,"comment_status":"","ping_status":"","sticky":false,"template":"","format":"standard","meta":{"footnotes":"","_share_on_mastodon":"0"},"categories":[14],"tags":[905,61195,32,33,45486,27,663,34,35,28,31,48,25,46,40,41,47,80,6627,29,30,71,26,82,83,84],"class_list":["post-541989","post","type-post","status-publish","format-standard","has-post-thumbnail","category-swiat","tag-bliski_wschod","tag-bottomfeed_styl","tag-breaking-news","tag-breakingnews","tag-ciesnina_ormuz","tag-headlines","tag-iran","tag-latest-news","tag-latestnews","tag-naglowki","tag-najwazniejsze-artykuly","tag-nat_styl","tag-news","tag-omp","tag-polish","tag-polski","tag-screening_general","tag-swiat","tag-teheran","tag-top-stories","tag-topstories","tag-usa","tag-wiadomosci","tag-world","tag-world-news","tag-worldnews"],"share_on_mastodon":{"url":"","error":""},"_links":{"self":[{"href":"https:\/\/www.europesays.com\/pl\/wp-json\/wp\/v2\/posts\/541989","targetHints":{"allow":["GET"]}}],"collection":[{"href":"https:\/\/www.europesays.com\/pl\/wp-json\/wp\/v2\/posts"}],"about":[{"href":"https:\/\/www.europesays.com\/pl\/wp-json\/wp\/v2\/types\/post"}],"author":[{"embeddable":true,"href":"https:\/\/www.europesays.com\/pl\/wp-json\/wp\/v2\/users\/2"}],"replies":[{"embeddable":true,"href":"https:\/\/www.europesays.com\/pl\/wp-json\/wp\/v2\/comments?post=541989"}],"version-history":[{"count":0,"href":"https:\/\/www.europesays.com\/pl\/wp-json\/wp\/v2\/posts\/541989\/revisions"}],"wp:featuredmedia":[{"embeddable":true,"href":"https:\/\/www.europesays.com\/pl\/wp-json\/wp\/v2\/media\/541990"}],"wp:attachment":[{"href":"https:\/\/www.europesays.com\/pl\/wp-json\/wp\/v2\/media?parent=541989"}],"wp:term":[{"taxonomy":"category","embeddable":true,"href":"https:\/\/www.europesays.com\/pl\/wp-json\/wp\/v2\/categories?post=541989"},{"taxonomy":"post_tag","embeddable":true,"href":"https:\/\/www.europesays.com\/pl\/wp-json\/wp\/v2\/tags?post=541989"}],"curies":[{"name":"wp","href":"https:\/\/api.w.org\/{rel}","templated":true}]}}