{"id":542015,"date":"2026-07-08T02:00:23","date_gmt":"2026-07-08T02:00:23","guid":{"rendered":"https:\/\/www.europesays.com\/pl\/542015\/"},"modified":"2026-07-08T02:00:23","modified_gmt":"2026-07-08T02:00:23","slug":"kosiniak-kamysz-polska-przekazala-pociski-ukrainie-na-wniosek-nato-i-usa","status":"publish","type":"post","link":"https:\/\/www.europesays.com\/pl\/542015\/","title":{"rendered":"Kosiniak-Kamysz: Polska przekaza\u0142a pociski Ukrainie na wniosek NATO i USA"},"content":{"rendered":"<p>W\u0142adys\u0142aw Kosiniak-Kamysz, wicepremier i minister obrony narodowej, poinformowa\u0142, \u017ce pro\u015bby o przekazanie rakiet do systemu Patriot dla Ukrainy wp\u0142ywa\u0142y do gen. Wies\u0142awa Kuku\u0142y, szefa Sztabu Generalnego Wojska Polskiego, od dow\u00f3dc\u00f3w si\u0142 USA w Europie. Or\u0119downikiem tej inicjatywy by\u0142 r\u00f3wnie\u017c sekretarz generalny NATO Mark Rutte. Deklaracje pad\u0142y podczas konferencji prasowej na szczycie Sojuszu w Ankarze.<\/p>\n<p> Dalszy ci\u0105g artyku\u0142u pod materia\u0142em wideo <\/p>\n<p>Dziennikarze pytali ministra, czy dostawa rakiet do baterii Patriot odbywa\u0142a si\u0119 w porozumieniu z Amerykanami, czy te\u017c stanowi\u0142a bezpo\u015bredni\u0105 odpowied\u017a na ich pro\u015bb\u0119. Kosiniak-Kamysz przyzna\u0142, \u017ce w tej sprawie prowadzono liczne rozmowy z sekretarzem generalnym Sojuszu. Wed\u0142ug niego Rutte &#8222;bardzo mocno wspiera\u0142 t\u0119 inicjatyw\u0119, sta\u0142 za ni\u0105, mo\u017cna powiedzie\u0107, i by\u0142 jej or\u0119downikiem&#8221;.<\/p>\n<p>     Wnioski ameryka\u0144skich sojusznik\u00f3w w sprawie rakiet<\/p>\n<p>Minister obrony zaznaczy\u0142, \u017ce Amerykanie kierowali sygna\u0142y do polskiego wojska przez wiele miesi\u0119cy. Jak doda\u0142, &#8222;te same wnioski przez wiele miesi\u0119cy by\u0142y kierowane przez g\u0142\u00f3wnodowodz\u0105cych wojskami ameryka\u0144skimi w Europie do szefa Sztabu Generalnego Wojska Polskiego&#8221;. Podkre\u015bli\u0142, \u017ce by\u0142a to pro\u015bba pochodz\u0105ca od kluczowych partner\u00f3w Polski w ramach Sojuszu P\u00f3\u0142nocnoatlantyckiego.<\/p>\n<p>      Patriot i pociski PAC-3. Dlaczego s\u0105 dzi\u015b dla Polski na wag\u0119 z\u0142ota [WYJA\u015aNIAMY]   <img class=\"ods-a-photo ods-a-photo--background\" src=\"https:\/\/www.europesays.com\/pl\/wp-content\/uploads\/2026\/07\/9dik9lBaHR0cHM6Ly9vY2RuLmV1L3B1bHNjbXMvTURBXy8wNjlmZmUyMjRhYzQ5MTZiMjdhYTYwZWFmZjU4MjVmMC5qcGeRlQLNA.jpeg\" height=\"300\" width=\"450\" alt=\"Bateria systemu obrony powietrznej Patriot \u2014 kluczowego uzbrojenia potrzebnego do ochrony Ukrainy przed rosyjskimi atakami (zdj. ilustracyjne)\" loading=\"lazy\" fetchpriority=\"low\" decoding=\"async\"\/>  <\/p>\n<p>Wicepremier zapewni\u0142, \u017ce bierze pe\u0142n\u0105 odpowiedzialno\u015b\u0107 zar\u00f3wno za wszelkie formy przekazywania sprz\u0119tu Ukrainie, jak i za utrzymywanie relacji z zagranicznymi partnerami. Odni\u00f3s\u0142 si\u0119 w ten spos\u00f3b do zarzut\u00f3w, \u017ce nie chce w pe\u0142ni ponie\u015b\u0107 odpowiedzialno\u015bci za decyzj\u0119 o transferze uzbrojenia dla Kijowa.<\/p>\n<p>Kosiniak-Kamysz o wezwaniu sojusznik\u00f3w do pomocy Ukrainie<\/p>\n<p>Minister w mocnych s\u0142owach opisa\u0142 logik\u0119 stoj\u0105c\u0105 za polskimi decyzjami dotycz\u0105cymi wsparcia militarnego dla walcz\u0105cego s\u0105siada. \u2014 Tak, je\u017celi mnie sojusznicy z Ameryki wzywaj\u0105 do tego, \u017ceby pom\u00f3c Ukrainie, b\u0119d\u0119 pomaga\u0142 Ukrainie. Je\u017celi mnie wzywa Sekretarz Generalny do tego i jest to mo\u017cliwe, i nie zagra\u017ca to fundamentalnym podstawom bezpiecze\u0144stwa pa\u0144stwa polskiego \u2014 b\u0119d\u0119 pomaga\u0142, b\u0119dziemy pomaga\u0107 Ukrainie. Je\u017celi to jest sojusznicze wezwanie do tego, \u017ceby t\u0119 pomoc udziela\u0107 pa\u0144stwu, kt\u00f3re walczy i zu\u017cywa Federacj\u0119 Rosyjsk\u0105, tak, b\u0119dziemy tej pomocy udziela\u0107 \u2014 podkre\u015bli\u0142 szef MON.<\/p>\n<p>      Afera wok\u00f3\u0142 pocisk\u00f3w dla Ukrainy. Rz\u0105d odtajni dokumenty, opozycja protestuje [WYJA\u015aNIAMY]   <img class=\"ods-a-photo ods-a-photo--background\" src=\"https:\/\/www.europesays.com\/pl\/wp-content\/uploads\/2026\/07\/uBhk9lBaHR0cHM6Ly9vY2RuLmV1L3B1bHNjbXMvTURBXy8yY2E4ZDQ4MmM3Mjk1MjNmODU5MjQ3MThlZGQ3YzM4MS5wbmeRlQLNA.jpeg\" height=\"253\" width=\"450\" alt=\"W\u0142adys\u0142aw Kosiniak-Kamysz, system rakietowy Patriot, Krzysztof Bosak\" loading=\"lazy\" fetchpriority=\"low\" decoding=\"async\"\/>  <\/p>\n<p>Wicepremier zadeklarowa\u0142 r\u00f3wnie\u017c, \u017ce stanowisko rz\u0105du w sprawie dalszego wspierania Kijowa nie ulegnie zmianie pod wp\u0142ywem nacisk\u00f3w politycznych ze strony przeciwnik\u00f3w obozu rz\u0105dz\u0105cego. Zaznaczy\u0142, \u017ce pomoc b\u0119dzie kontynuowana niezale\u017cnie od tego, &#8222;czy to si\u0119 naszej opozycji podoba, czy to si\u0119 PiS-owi podoba, Konfederacji, komukolwiek z Pa\u0142acu Prezydenckiego&#8221;. Jak doda\u0142, kontynuacja tego wsparcia le\u017cy w polskim interesie narodowym.<\/p>\n","protected":false},"excerpt":{"rendered":"W\u0142adys\u0142aw Kosiniak-Kamysz, wicepremier i minister obrony narodowej, poinformowa\u0142, \u017ce pro\u015bby o przekazanie rakiet do systemu Patriot dla Ukrainy&hellip;\n","protected":false},"author":2,"featured_media":542016,"comment_status":"","ping_status":"","sticky":false,"template":"","format":"standard","meta":{"footnotes":"","_share_on_mastodon":"0"},"categories":[12],"tags":[61195,189,13445,48,46,3030,42,38,40,39,41,47,80,415,71,617],"class_list":["post-542015","post","type-post","status-publish","format-standard","has-post-thumbnail","category-polska","tag-bottomfeed_styl","tag-europa","tag-mark_rutte","tag-nat_styl","tag-omp","tag-patriot","tag-pl","tag-poland","tag-polish","tag-polska","tag-polski","tag-screening_general","tag-swiat","tag-ukraina","tag-usa","tag-wladyslaw_kosiniak_kamysz"],"share_on_mastodon":{"url":"https:\/\/pubeurope.com\/@pl\/116881892249874546","error":""},"_links":{"self":[{"href":"https:\/\/www.europesays.com\/pl\/wp-json\/wp\/v2\/posts\/542015","targetHints":{"allow":["GET"]}}],"collection":[{"href":"https:\/\/www.europesays.com\/pl\/wp-json\/wp\/v2\/posts"}],"about":[{"href":"https:\/\/www.europesays.com\/pl\/wp-json\/wp\/v2\/types\/post"}],"author":[{"embeddable":true,"href":"https:\/\/www.europesays.com\/pl\/wp-json\/wp\/v2\/users\/2"}],"replies":[{"embeddable":true,"href":"https:\/\/www.europesays.com\/pl\/wp-json\/wp\/v2\/comments?post=542015"}],"version-history":[{"count":0,"href":"https:\/\/www.europesays.com\/pl\/wp-json\/wp\/v2\/posts\/542015\/revisions"}],"wp:featuredmedia":[{"embeddable":true,"href":"https:\/\/www.europesays.com\/pl\/wp-json\/wp\/v2\/media\/542016"}],"wp:attachment":[{"href":"https:\/\/www.europesays.com\/pl\/wp-json\/wp\/v2\/media?parent=542015"}],"wp:term":[{"taxonomy":"category","embeddable":true,"href":"https:\/\/www.europesays.com\/pl\/wp-json\/wp\/v2\/categories?post=542015"},{"taxonomy":"post_tag","embeddable":true,"href":"https:\/\/www.europesays.com\/pl\/wp-json\/wp\/v2\/tags?post=542015"}],"curies":[{"name":"wp","href":"https:\/\/api.w.org\/{rel}","templated":true}]}}