{"id":542036,"date":"2026-07-08T02:11:20","date_gmt":"2026-07-08T02:11:20","guid":{"rendered":"https:\/\/www.europesays.com\/pl\/542036\/"},"modified":"2026-07-08T02:11:20","modified_gmt":"2026-07-08T02:11:20","slug":"afera-w-ochronie-zdrowia-donald-tusk-zapowiada-pilne-reformy","status":"publish","type":"post","link":"https:\/\/www.europesays.com\/pl\/542036\/","title":{"rendered":"Afera w ochronie zdrowia. Donald Tusk zapowiada pilne reformy"},"content":{"rendered":"<p>Premier o aferach w ochronie zdrowia. Zapowiedzia\u0142 kolejne kroki<\/p>\n<p class=\"font-primary mb-8 text-lg leading-[1.55] [&amp;_a]:text-[#23437D] [&amp;_a]:underline [&amp;_a]:font-bold\">Premier Donald Tusk przyzna\u0142 przed posiedzeniem Rady<br \/>\nMinistr\u00f3w, \u017ce ostatnie doniesienia medialne ujawni\u0142y liczne mankamenty systemu<br \/>\nochrony zdrowia. <\/p>\n<p class=\"text-dark text-center text-lg leading-[1.35] font-semibold italic md:!text-2xl\">Chc\u0119 od razu pa\u0144stwa uprzedzi\u0107, a niekt\u00f3rych uspokoi\u0107: moim zadaniem, jako premiera rz\u0105du, nie jest szukanie koz\u0142\u00f3w ofiarnych. Ci, kt\u00f3rzy odpowiadaj\u0105 za konkretne sytuacje w konkretnych szpitalach, b\u0119d\u0105 odpowiada\u0107 &#8211; niekt\u00f3rzy przed wymiarem sprawiedliwo\u015bci. B\u0119dziemy kontynuowa\u0107 proces kontroli i egzekucji przepis\u00f3w prawa i przyzwoito\u015bci<\/p>\n<p>&#8211; powiedzia\u0142.<\/p>\n<p class=\"font-primary mb-8 text-lg leading-[1.55] [&amp;_a]:text-[#23437D] [&amp;_a]:underline [&amp;_a]:font-bold\">Podkre\u015bli\u0142, \u017ce przed ministr\u0105 zdrowia Jolant\u0105<br \/>\nSobiera\u0144sk\u0105-Grend\u0105 i szefostwem Narodowego Funduszu Zdrowia &#8222;stoi bardzo pilny<br \/>\nobowi\u0105zek przygotowania konkretnych rozwi\u0105za\u0144 &#8211; tak\u017ce systemowych &#8211; dotycz\u0105cych<br \/>\nnieprawid\u0142owo\u015bci w systemie p\u0142ac, wyceny \u015bwiadcze\u0144, organizacji prac szpitali&#8221;.<\/p>\n<p>Redakcja poleca<\/p>\n<p class=\"font-primary mb-8 text-lg leading-[1.55] [&amp;_a]:text-[#23437D] [&amp;_a]:underline [&amp;_a]:font-bold\">&#8211; Siedzieli\u015bmy nad tym ostatnich kilkadziesi\u0105t godzin. Jeszcze<br \/>\ndzisiaj b\u0119dziemy kontynuowa\u0107 te rozmowy i mam nadziej\u0119, \u017ce jutro pani minister<br \/>\ni jej wsp\u00f3\u0142pracownicy b\u0119d\u0105 gotowi do prezentacji naszych ustale\u0144 i b\u0119dziemy<br \/>\ndalej dzia\u0142a\u0107 na rzecz nomen omen uzdrowienia sytuacji w ochronie zdrowia &#8211; wsz\u0119dzie tam, gdzie w trybie pilnym jest to mo\u017cliwe &#8211; wskaza\u0142.<\/p>\n<p>Rz\u0105d szykuje pilne reformy. &#8222;Nie ma odwrotu od tej drogi&#8221;<\/p>\n<p class=\"font-primary mb-8 text-lg leading-[1.55] [&amp;_a]:text-[#23437D] [&amp;_a]:underline [&amp;_a]:font-bold\">Tusk zaznaczy\u0142, \u017ce w kilku zasadniczych obszarach niezb\u0119dne<br \/>\noka\u017c\u0105 si\u0119 zmiany w przepisach. &#8211; Jeste\u015bmy do tego te\u017c gotowi, chocia\u017c to b\u0119dzie<br \/>\noczywi\u015bcie oznacza\u0142o wi\u0119cej czasu. Natomiast wszystko to, co jest mo\u017cliwe do<br \/>\nzrobienia moc\u0105 decyzji pani minister, rz\u0105du, Narodowego Funduszu Zdrowia,<br \/>\nprzeprowadzimy w trybie pilnym. Nie b\u0119d\u0105 to \u0142atwe zadania i nie wszystkim si\u0119<br \/>\nspodobaj\u0105, ale nie ma odwrotu od tej drogi &#8211; t\u0142umaczy\u0142.<\/p>\n<p class=\"font-primary mb-8 text-lg leading-[1.55] [&amp;_a]:text-[#23437D] [&amp;_a]:underline [&amp;_a]:font-bold\">&#8211; Nie mam \u017cadnych w\u0105tpliwo\u015bci, \u017ce wszyscy z du\u017cym<br \/>\nzainteresowaniem i narastaj\u0105c\u0105 niecierpliwo\u015bci\u0105 czekaj\u0105 na sprawiedliwe i<br \/>\nuczciwe rozstrzygni\u0119cia w tych najbardziej bulwersuj\u0105cych kwestiach &#8211; doda\u0142 premier.<\/p>\n<p>Milionowe zarobki i zarzuty omijania kolejek. Tak zacz\u0119\u0142a si\u0119 afera<\/p>\n<p class=\"font-primary mb-8 text-lg leading-[1.55] [&amp;_a]:text-[#23437D] [&amp;_a]:underline [&amp;_a]:font-bold\">Dzia\u0142ania zwi\u0105zane z pilnym reformowaniem ochrony zdrowia s\u0105<br \/>\npok\u0142osiem ujawnionych przez portal zero.pl nieprawid\u0142owo\u015bci w <a href=\"https:\/\/polskieradio24.pl\/polska\/afera-w-prosektorium-szpitala-poludniowego-proponowal-mi-handel-cialami\" rel=\"nofollow noopener\" target=\"_blank\">Warszawskim<br \/>\nSzpitalu Po\u0142udniowym<\/a>, w kt\u00f3rym lekarz bez specjalizacji by\u0142 koordynatorem SOR.<br \/>\nW ubieg\u0142ym roku medyk, pracuj\u0105c w kilku plac\u00f3wkach, zarobi\u0142 1,6 mln z\u0142., a<br \/>\ntylko w Szpitalu Po\u0142udniowym w 2025 roku wypracowa\u0142 \u0142\u0105cznie 3 976 godzin, co<br \/>\ndaje \u015brednio miesi\u0119cznie 331 godzin na podstawie um\u00f3w<br \/>\ncywilnoprawnych\/kontraktowych.<\/p>\n<p class=\"font-primary mb-8 text-lg leading-[1.55] [&amp;_a]:text-[#23437D] [&amp;_a]:underline [&amp;_a]:font-bold\">Lekarz by\u0142 tak\u017ce radnym dzielnicy Ursus z ramienia KO. Na<br \/>\nprowadzonym przez niego oddziale politycy Koalicji Obywatelskiej mieli by\u0107<br \/>\nprzyjmowani bez kolejki, a kompleksowe badania mia\u0142y by\u0107 im wykonywane niemal<br \/>\nbezpo\u015brednio po dokonaniu przez nich rejestracji.<\/p>\n<p>Redakcja poleca<\/p>\n","protected":false},"excerpt":{"rendered":"Premier o aferach w ochronie zdrowia. Zapowiedzia\u0142 kolejne kroki Premier Donald Tusk przyzna\u0142 przed posiedzeniem Rady Ministr\u00f3w, \u017ce&hellip;\n","protected":false},"author":2,"featured_media":542037,"comment_status":"","ping_status":"","sticky":false,"template":"","format":"standard","meta":{"footnotes":"","_share_on_mastodon":"0"},"categories":[62713],"tags":[1345,11341,2462,380],"class_list":["post-542036","post","type-post","status-publish","format-standard","has-post-thumbnail","category-donald-tusk","tag-donald-tusk","tag-ministerstwo-zdrowia","tag-polska-polityka","tag-rzad"],"share_on_mastodon":{"url":"https:\/\/pubeurope.com\/@pl\/116881934523952920","error":""},"_links":{"self":[{"href":"https:\/\/www.europesays.com\/pl\/wp-json\/wp\/v2\/posts\/542036","targetHints":{"allow":["GET"]}}],"collection":[{"href":"https:\/\/www.europesays.com\/pl\/wp-json\/wp\/v2\/posts"}],"about":[{"href":"https:\/\/www.europesays.com\/pl\/wp-json\/wp\/v2\/types\/post"}],"author":[{"embeddable":true,"href":"https:\/\/www.europesays.com\/pl\/wp-json\/wp\/v2\/users\/2"}],"replies":[{"embeddable":true,"href":"https:\/\/www.europesays.com\/pl\/wp-json\/wp\/v2\/comments?post=542036"}],"version-history":[{"count":0,"href":"https:\/\/www.europesays.com\/pl\/wp-json\/wp\/v2\/posts\/542036\/revisions"}],"wp:featuredmedia":[{"embeddable":true,"href":"https:\/\/www.europesays.com\/pl\/wp-json\/wp\/v2\/media\/542037"}],"wp:attachment":[{"href":"https:\/\/www.europesays.com\/pl\/wp-json\/wp\/v2\/media?parent=542036"}],"wp:term":[{"taxonomy":"category","embeddable":true,"href":"https:\/\/www.europesays.com\/pl\/wp-json\/wp\/v2\/categories?post=542036"},{"taxonomy":"post_tag","embeddable":true,"href":"https:\/\/www.europesays.com\/pl\/wp-json\/wp\/v2\/tags?post=542036"}],"curies":[{"name":"wp","href":"https:\/\/api.w.org\/{rel}","templated":true}]}}