{"id":542282,"date":"2026-07-08T05:10:09","date_gmt":"2026-07-08T05:10:09","guid":{"rendered":"https:\/\/www.europesays.com\/pl\/542282\/"},"modified":"2026-07-08T05:10:09","modified_gmt":"2026-07-08T05:10:09","slug":"studenci-pg-zapraszaja-na-prezentacje-nowego-bolidu","status":"publish","type":"post","link":"https:\/\/www.europesays.com\/pl\/542282\/","title":{"rendered":"Studenci PG zapraszaj\u0105 na prezentacj\u0119 nowego bolidu"},"content":{"rendered":"<p>            <a href=\"https:\/\/s-trojmiasto.pl\/zdj\/c\/n\/9\/4366\/1080x0\/4366199-Enigmatyczna-zapowiedz-nowej-generacji-bolidu__c_0_268_1080_724.webp\" target=\"_blank\" data-slide-name=\"849521\" data-lightbox-target=\"photo full\" data-sub-html=\"&lt;h4&gt;Enigmatyczna zapowied\u017a nowej generacji bolidu. &lt;\/h4&gt;&lt;p&gt;mat. prasowe&lt;\/p&gt;&#010;\" class=\"photoMarker__link\" data-filter-brightness=\"brightness--100\" rel=\"nofollow noopener\"><\/p>\n<p>    <img decoding=\"async\" style=\"height:502px; aspect-ratio: 1.49171\/1; filter:brightness(1);\" alt=\"Enigmatyczna zapowied\u017a nowej generacji bolidu. \" src=\"https:\/\/www.europesays.com\/pl\/wp-content\/uploads\/2026\/07\/4366199-Enigmatyczna-zapowiedz-nowej-generacji-bolidu__c_0_268_1080_724.webp\" class=\"photoMarker__img \" data-slider=\"img\" fetchpriority=\"high\"\/><\/p>\n<p>            <\/a><\/p>\n<p class=\"lead\">W najbli\u017cszy pi\u0105tek, 10 lipca, studencki zesp\u00f3\u0142 PGRacing Team zaprasza na premierowy pokaz swojej najnowszej konstrukcji &#8211; bolidu wy\u015bcigowego PGR-09. Pocz\u0105tek wydarzenia o\u00a0godz. 18, a\u00a0wst\u0119p jest wolny. <\/p>\n<p>PGRacing Team od lat rywalizuje w\u00a0mi\u0119dzynarodowych zawodach Formula Student. To jeden z\u00a011 polskich zespo\u0142\u00f3w w\u00a0cyklu. Miniony rok by\u0142 zdecydowanie najlepszym w\u00a0historii gda\u0144skiego zespo\u0142u. A\u00a0ten najwi\u0119kszy sukces zawdzi\u0119czaj\u0105 zbudowanemu przez siebie bolidowi PGR-08 EVO. To w\u0142a\u015bnie za jego kierownic\u0105 studenci Politechniki Gda\u0144skiej zwyci\u0119\u017cyli w\u00a0klasyfikacji generalnej Formula Student Netherlands 2025.<\/p>\n<p>Teraz przysz\u0142a pora na zupe\u0142nie now\u0105, 9. generacj\u0119 bolidu, kt\u00f3ra b\u0119dzie reprezentowa\u0107 uczelni\u0119 podczas mi\u0119dzynarodowych zawod\u00f3w Formula Student.<\/p>\n<p>                                    <a data-tklik=\"910864\" href=\"https:\/\/katalog.trojmiasto.pl\/nauka_i_szkolnictwo\/szkoly_wyzsze\/\" rel=\"nofollow noopener\" target=\"_blank\"><br \/>\n                                                    Katalog.trojmiasto.pl \u2013<br \/>\n                                                                    Szko\u0142y wy\u017csze w Tr\u00f3jmie\u015bcie<br \/>\n                                                                    <\/a><\/p>\n<p>                <a data-tklik=\"910864\" href=\"https:\/\/katalog.trojmiasto.pl\/nauka_i_szkolnictwo\/szkoly_wyzsze\/\" rel=\"nofollow noopener\" target=\"_blank\"><br \/>\n                    wi\u0119cej<\/p>\n<p>                <\/a><\/p>\n<p>10 lipca o\u00a0godz. 18 b\u0119dziemy \u015bwiadkami oficjalnego debiutu nowego bolidu PGR-09. Uroczysty pokaz odb\u0119dzie si\u0119 na <a data-tklik=\"458629\" href=\"https:\/\/mapa.trojmiasto.pl\/#\/location\/-77.62,151.48\/map\/-77.5,151.97,7,b\" onclick=\"openMap(this.href); return false;\" target=\"_blank\" title=\"zobacz na mapie Gda\u0144ska\" rel=\"nofollow noopener\">Dziedzi\u0144cu Fahrenheita w Gmachu G\u0142\u00f3wnym Politechniki Gda\u0144skiej<img decoding=\"async\" class=\"icon-map\" src=\"https:\/\/www.trojmiasto.pl\/_img\/svg\/ico-map-flat.svg\" alt=\"Mapka\"\/><\/a>.<\/p>\n<p>Prezentacja nowego bolidu to jedno z\u00a0najwa\u017cniejszych wydarze\u0144 w\u00a0kalendarzu zespo\u0142u. Ods\u0142oni\u0119cie konstrukcji stanowi zwie\u0144czenie wielu miesi\u0119cy intensywnej pracy, projektowania, test\u00f3w i\u00a0po\u015bwi\u0119ce\u0144 student\u00f3w, kt\u00f3rzy samodzielnie opracowali oraz zbudowali pojazd.<\/p>\n<p>Ju\u017c tydzie\u0144 po premierze zesp\u00f3\u0142 rozpocznie tegoroczny sezon start\u00f3w. Pierwszym przystankiem b\u0119d\u0105 zawody Formula Student Czech. To pierwsza z\u00a0czterech mi\u0119dzynarodowych edycji, w\u00a0kt\u00f3rych PGRacing Team we\u017amie udzia\u0142 w\u00a0tym roku.<\/p>\n<p>                <a href=\"https:\/\/ogloszenia.trojmiasto.pl\/nauka-jezyka\/\" data-tklik=\"355155\" rel=\"nofollow noopener\" target=\"_blank\"><br \/>\n                    Wi\u0119cej w serwisie Og\u0142oszenia<br \/>\n                    (76)<\/p>\n<p>                <\/a><\/p>\n","protected":false},"excerpt":{"rendered":"W najbli\u017cszy pi\u0105tek, 10 lipca, studencki zesp\u00f3\u0142 PGRacing Team zaprasza na premierowy pokaz swojej najnowszej konstrukcji &#8211; bolidu&hellip;\n","protected":false},"author":2,"featured_media":542283,"comment_status":"","ping_status":"","sticky":false,"template":"","format":"standard","meta":{"footnotes":"","_share_on_mastodon":"0"},"categories":[51610],"tags":[7750,3112,14818,49988,14816,1048,9558,8807,34662,14814,14817,14815,1232,106686,106685,15186,42,41529,38,40,39,41,1367,9948,14819,9104,35996,3355,14820,30508,22920,10819],"class_list":["post-542282","post","type-post","status-publish","format-standard","has-post-thumbnail","category-gdansk","tag-artykuly","tag-auto","tag-autohandel","tag-bolid","tag-czesci-zamienne","tag-gdansk","tag-komis","tag-konstrukcja","tag-lipiec","tag-modele","tag-moto","tag-motocykle","tag-motoryzacja","tag-pgr-09","tag-pgracing-team","tag-piatek","tag-pl","tag-pokaz","tag-poland","tag-polish","tag-polska","tag-polski","tag-porady","tag-prezentacja","tag-salon-samochodowy","tag-samochody","tag-student","tag-testy","tag-uslugi-motoryzacyjne","tag-wstep","tag-wydarzenie","tag-zespol"],"share_on_mastodon":{"url":"https:\/\/pubeurope.com\/@pl\/116882638526761253","error":""},"_links":{"self":[{"href":"https:\/\/www.europesays.com\/pl\/wp-json\/wp\/v2\/posts\/542282","targetHints":{"allow":["GET"]}}],"collection":[{"href":"https:\/\/www.europesays.com\/pl\/wp-json\/wp\/v2\/posts"}],"about":[{"href":"https:\/\/www.europesays.com\/pl\/wp-json\/wp\/v2\/types\/post"}],"author":[{"embeddable":true,"href":"https:\/\/www.europesays.com\/pl\/wp-json\/wp\/v2\/users\/2"}],"replies":[{"embeddable":true,"href":"https:\/\/www.europesays.com\/pl\/wp-json\/wp\/v2\/comments?post=542282"}],"version-history":[{"count":0,"href":"https:\/\/www.europesays.com\/pl\/wp-json\/wp\/v2\/posts\/542282\/revisions"}],"wp:featuredmedia":[{"embeddable":true,"href":"https:\/\/www.europesays.com\/pl\/wp-json\/wp\/v2\/media\/542283"}],"wp:attachment":[{"href":"https:\/\/www.europesays.com\/pl\/wp-json\/wp\/v2\/media?parent=542282"}],"wp:term":[{"taxonomy":"category","embeddable":true,"href":"https:\/\/www.europesays.com\/pl\/wp-json\/wp\/v2\/categories?post=542282"},{"taxonomy":"post_tag","embeddable":true,"href":"https:\/\/www.europesays.com\/pl\/wp-json\/wp\/v2\/tags?post=542282"}],"curies":[{"name":"wp","href":"https:\/\/api.w.org\/{rel}","templated":true}]}}