{"id":542318,"date":"2026-07-08T05:31:13","date_gmt":"2026-07-08T05:31:13","guid":{"rendered":"https:\/\/www.europesays.com\/pl\/542318\/"},"modified":"2026-07-08T05:31:13","modified_gmt":"2026-07-08T05:31:13","slug":"kghm-zaglebie-lubin-nie-ma-konkretnych-ofert-za-marcela-regule","status":"publish","type":"post","link":"https:\/\/www.europesays.com\/pl\/542318\/","title":{"rendered":"KGHM Zag\u0142\u0119bie Lubin nie ma konkretnych ofert za Marcela Regu\u0142\u0119"},"content":{"rendered":"<p>Nie ulega w\u0105tpliwo\u015bci, \u017ce w\u015br\u00f3d wielu utalentowanych m\u0142odych pi\u0142karzy KGHM Zag\u0142\u0119bia Lubin Marcel Regu\u0142a od dawna wzbudza najwi\u0119ksza zainteresowanie. 19-latek ma za sob\u0105 pierwszy pe\u0142ny sezon w pierwszym zespole, kt\u00f3ry okrasi\u0142 siedmioma bramkami i pi\u0119cioma asystami w lidze oraz Pucharze Polski. To nie lada dorobek, bior\u0105c pod uwag\u0119 nie tylko jego kr\u00f3tki sta\u017c w seniorskiej pi\u0142ce, ale r\u00f3wnie\u017c charakterystyk\u0119 gry Miedziowych, bo ci co prawda do ko\u0144ca liczyli si\u0119 w walce o europejskie puchary, jednak cechowa\u0142a ich pi\u0142ka do b\u00f3lu pragmatyczna. O Regule g\u0142o\u015bno jest jednak zdecydowanie d\u0142u\u017cej, bo ju\u017c jesieni\u0105 2024 roku pi\u0142karska Polska pozna\u0142a go dzi\u0119ki kapitalnej bramce przewrotk\u0105 w derbach ze \u015al\u0105skiem Wroc\u0142aw (3:0). KGHM Zag\u0142\u0119bie musi liczy\u0107 si\u0119 z tym, \u017ce straci swojego wychowanka przed rozpocz\u0119ciem nowego sezonu.<\/p>\n<p>      Dalszy ci\u0105g artyku\u0142u pod materia\u0142em wideo Bez konkret\u00f3w w sprawie Regu\u0142y     <\/p>\n<p>\u2013 W sprawie Marcela do tej pory by\u0142y jedynie kuluarowe rozmowy i nieoficjalne zapytania. Je\u017celi chodzi o konkrety, nad niczym w klubie si\u0119 nie pochylamy \u2013 zdradza nam dyrektor sportowy KGHM Zag\u0142\u0119bia Rafa\u0142 Ulatowski. Regu\u0142a w Lubinie typowany jest do roli zawodnika, kt\u00f3ry zapisze si\u0119 w transferowej historii klubu, bo w kontek\u015bcie jego przysz\u0142ego transferu padaj\u0105 kwoty zbli\u017cone nawet do 10 milion\u00f3w euro.<\/p>\n<p>          <img class=\"ods-a-photo ods-a-photo--background\" src=\"https:\/\/www.europesays.com\/pl\/wp-content\/uploads\/2026\/07\/-zqk9lBaHR0cHM6Ly9vY2RuLmV1L3B1bHNjbXMvTURBXy83NDEyYzA4N2UyM2JlMGNjNDJkYzgyMzk3NzVjNTFkZC5qcGeRkwXNB.jpeg\" height=\"530\" width=\"940\" alt=\"Dyrektor sportowy KGHM Zag\u0142\u0119bia Lubin Rafa\u0142 Ulatowski\" loading=\"lazy\" fetchpriority=\"auto\" decoding=\"auto\"\/>    <\/p>\n<p>MIROSLAW SZOZDA \/ 400mm.pl\/ newspix.pl \/ newspix.pl<\/p>\n<p>  Dyrektor sportowy KGHM Zag\u0142\u0119bia Lubin Rafa\u0142 Ulatowski  <\/p>\n<p>Taki wynik by\u0142by dwukrotnie wy\u017cszy od tego, jaki w 2020 roku sta\u0142 si\u0119 udzia\u0142em Bartosza Bia\u0142ka w momencie przenosin do VfL Wolfsburg (w ostatnim czasie ten zawodnik by\u0142 zreszt\u0105 r\u00f3wnie\u017c \u0142\u0105czony z powrotem w szeregi KGHM Zag\u0142\u0119bia). \u2013 Pami\u0119tajmy, \u017ce okienko transferowe oficjalnie trwa dopiero od pocz\u0105tku lipca. Najwi\u0119ksze ligi startuj\u0105 zdecydowanie p\u00f3\u017aniej od PKO BP Ekstraklasy, a ich przedstawiciele i tak na razie skoncentrowani s\u0105 na fazie pucharowej mistrzostw \u015bwiata \u2013 przypomina dyrektor Ulatowski.<\/p>\n<p>Regu\u0142\u0119 w trwaj\u0105cym okienku wymieniano jako kandydata do przenosin mi\u0119dzy innymi do francuskiego RC Strasbourg, czyli klubu, kt\u00f3rego barwy reprezentuj\u0105 ju\u017c Maxi Oyedele oraz Mi\u0142osz Piekutowski. Jeszcze przed ko\u0144cem sezonu 2025\/26 nazwisko m\u0142odzie\u017cowca KGHM Zag\u0142\u0119bia Lubin przewija\u0142o si\u0119 natomiast w kontek\u015bcie Benfiki Lizbona, a przedstawiciele portugalskiego klubu potwierdzali w rodzimych mediach zbieranie informacji o zawodniku.<\/p>\n<p>Regu\u0142a na swoj\u0105 warto\u015b\u0107 pracuje nie tylko na krajowych boiskach, ale r\u00f3wnie\u017c w m\u0142odzie\u017cowej reprezentacji Polski, kt\u00f3ra jest o w\u0142os od przypiecz\u0119towania awansu na przysz\u0142oroczne MME. W uk\u0142adance selekcjonera Jerzego Brz\u0119czka 19-letni skrzyd\u0142owy z Lubina jest zdecydowanie jednym z najwa\u017cniejszych element\u00f3w.<\/p>\n<p>     <img class=\"ods-a-photo ods-a-photo--background\" src=\"https:\/\/www.europesays.com\/pl\/wp-content\/uploads\/2026\/07\/EdLk9lBaHR0cHM6Ly9vY2RuLmV1L3B1bHNjbXMvTURBXy8yZjE2MDAzZWJkZjlkMDgyNTUxODNmYmFhZTlmZjZjMy5qcGeRkwXNB.jpeg\" height=\"530\" width=\"940\" alt=\"Marcel Regu\u0142a w barwach m\u0142odzie\u017cowej reprezentacji Polski\" loading=\"lazy\" fetchpriority=\"auto\" decoding=\"auto\"\/>    <\/p>\n<p>FOTO MICHAL STANCZYK \/ CYFRASPORT \/ NEWSPIX.PL \/ newspix.pl<\/p>\n<p>  Marcel Regu\u0142a w barwach m\u0142odzie\u017cowej reprezentacji Polski  <\/p>\n<p>   Zag\u0142\u0119bie zim\u0105 straci\u0142o ju\u017c Roch\u0119<\/p>\n<p>Ewentualna strata Regu\u0142y przed rozpocz\u0119ciem sezonu by\u0142aby wymiernym os\u0142abieniem zespo\u0142u trenera Leszka Ojrzy\u0144skiego, kt\u00f3ry nadspodziewanie wysokim 7. miejscem na koniec poprzednich rozgrywek rozbudzi\u0142 oczekiwania kibic\u00f3w. KGHM Zag\u0142\u0119bie mia\u0142o walczy\u0107 o utrzymanie, a zamiast tego, wiosn\u0105 przez chwil\u0119 by\u0142o nawet liderem tabeli i do samego ko\u0144ca walczy\u0142o o powr\u00f3t na aren\u0119 mi\u0119dzynarodow\u0105.<\/p>\n<p>Kr\u00f3tko przed rozpocz\u0119ciem drugiej cz\u0119\u015bci zmaga\u0144 ponios\u0142o jednak strat\u0119 por\u00f3wnywaln\u0105 do tej, jak\u0105 mog\u0142oby by\u0107 odej\u015bcie Regu\u0142y. Miedziowi zim\u0105, po d\u0142ugich negocjacjach, nie zdecydowali si\u0119 na wykupienie Leonardo Rochy z Rakowa Cz\u0119stochowa, co w po\u0142\u0105czeniu z kilkoma innymi absencjami spowodowanymi kontuzjami, by\u0142o p\u00f3\u017aniej wdzi\u0119czn\u0105 wym\u00f3wk\u0105 przy niepowodzeniach.<\/p>\n<p>Trener Ojrzy\u0144ski, nawet niepytany, na kilku wiosennych konferencjach pomeczowych wylicza\u0142, \u017ce to jego zesp\u00f3\u0142 przyst\u0105pi\u0142 do wiosny najbardziej os\u0142abiony w PKO BP Ekstraklasy, a to z kolei skutecznie wygasza\u0142o ambicje si\u0119gaj\u0105ce nawet medali mistrzostw Polski. Gdyby w razie ewentualnego odej\u015bcia Regu\u0142y klub z Dolnego \u015al\u0105ska nie zadba\u0142 o warto\u015bciowe zast\u0119pstwo, losy kolejnych rozgrywek znowu opiera\u0142yby si\u0119 na niezwyk\u0142ej umiej\u0119tno\u015bci dzia\u0142ania Ojrzy\u0144skiego w sytuacjach wi\u0119cej ni\u017c wymagaj\u0105cych.<\/p>\n<p>Sam szkoleniowiec nie ukrywa\u0142 r\u00f3wnie\u017c, ile pracy indywidualnej musia\u0142 po\u015bwi\u0119ci\u0107 na zbudowanie warto\u015bciowej roli Regu\u0142y dla swojego zespo\u0142u, bo mi\u0119dzy s\u0142owami przyznawa\u0142 cz\u0119sto, \u017ce jest to zawodnik nie\u0142atwy do prowadzenia. Swoj\u0105 chimeryczno\u015b\u0107, jak w soczewce, skupi\u0142 cho\u0107by w jednym z ostatnich mecz\u00f3w poprzedniego sezonu przeciwko Bruk-Betowi Termalice Nieciecza (1:2), kiedy najpierw by\u0142 jednym z najlepszych zawodnik\u00f3w na boisku, co udokumentowa\u0142 bramk\u0105, a p\u00f3\u017aniej w zupe\u0142nie niegro\u017anych sytuacjach dwukrotnie zosta\u0142 ukarany \u017c\u00f3\u0142tymi kartkami.<\/p>\n<p>     <img class=\"ods-a-photo ods-a-photo--background\" src=\"https:\/\/www.europesays.com\/pl\/wp-content\/uploads\/2026\/07\/4hEk9lBaHR0cHM6Ly9vY2RuLmV1L3B1bHNjbXMvTURBXy9iNDVkNGZhZTVlMzRiZDE4YmI4YzY5Y2YxZTY5MzY5ZC5qcGeRkwXNB.jpeg\" height=\"530\" width=\"940\" alt=\"Trener KGHM Zag\u0142\u0119bia Lubin Leszek Ojrzy\u0144ski\" loading=\"lazy\" fetchpriority=\"auto\" decoding=\"auto\"\/>    <\/p>\n<p>P.Dziurman \/ 400mm.pl \/ NEWSPIX.PL \/ newspix.pl<\/p>\n<p>  Trener KGHM Zag\u0142\u0119bia Lubin Leszek Ojrzy\u0144ski  <\/p>\n<p>   Kerk wzmocni\u0142 KGHM Zag\u0142\u0119bie<\/p>\n<p>Na nieco ponad dwa tygodnie przed rozpocz\u0119ciem nowego sezonu KGHM Zag\u0142\u0119bie pochwali\u0142o si\u0119 ju\u017c pi\u0119cioma transferami, jednak wi\u0119kszo\u015b\u0107 z nich trudno okre\u015bli\u0107, jako wymierne wzmocnienia ofensywy, kt\u00f3re przygotowywa\u0142yby na ewentualne zwi\u0119kszenie prawdopodobie\u0144stwa sprzeda\u017cy Regu\u0142y.<\/p>\n<p>     <img class=\"ods-a-photo ods-a-photo--background\" src=\"https:\/\/www.europesays.com\/pl\/wp-content\/uploads\/2026\/07\/dpdk9lBaHR0cHM6Ly9vY2RuLmV1L3B1bHNjbXMvTURBXy80MzZhN2JlOTk2YzUyNmMwMGNhYTYyNzQ4MmQyZDZkYy5qcGeRkwXNB.jpeg\" height=\"530\" width=\"940\" alt=\"KGHM Zag\u0142\u0119bie od dawna chcia\u0142o pozyska\u0107 Sebastiana Kerka\" loading=\"lazy\" fetchpriority=\"auto\" decoding=\"auto\"\/>    <\/p>\n<p>Marcin Gadomski \/ Arena Akcji\/NEWSPIX.PL \/ newspix.pl<\/p>\n<p>  KGHM Zag\u0142\u0119bie od dawna chcia\u0142o pozyska\u0107 Sebastiana Kerka  <\/p>\n<p>Nowym liderem formacji \u015brodka pola ma zosta\u0107 Sebastian Kerk za kt\u00f3rym spadek z PKO BP Ekstraklasy w barwach Arki Gdynia, a kontrakty podpisali r\u00f3wnie\u017c m\u0142odzi Szymon \u0141yczko z pierwszoligowej Stali Rzesz\u00f3w i Pawe\u0142 Kosmalski z drugoligowych rezerw \u015al\u0105ska Wroc\u0142aw.<\/p>\n<p>Defensyw\u0119 wzmocnili z kolei niezwykle do\u015bwiadczony bramkarz Zlatan Alomerovi\u0107, kt\u00f3ry w niedalekiej przesz\u0142o\u015bci by\u0142 filarem Jagiellonii Bia\u0142ystok w drodze po historyczne mistrzostwo Polski, a tak\u017ce chorwacki obro\u0144ca David \u0106olina.<\/p>\n","protected":false},"excerpt":{"rendered":"Nie ulega w\u0105tpliwo\u015bci, \u017ce w\u015br\u00f3d wielu utalentowanych m\u0142odych pi\u0142karzy KGHM Zag\u0142\u0119bia Lubin Marcel Regu\u0142a od dawna wzbudza najwi\u0119ksza&hellip;\n","protected":false},"author":2,"featured_media":542319,"comment_status":"","ping_status":"","sticky":false,"template":"","format":"standard","meta":{"footnotes":"","_share_on_mastodon":"0"},"categories":[52220],"tags":[56,61195,3106,274,3953,52221,23506,48,46,55,948,42,38,40,39,41,55677,47,130,3376],"class_list":["post-542318","post","type-post","status-publish","format-standard","has-post-thumbnail","category-kghm","tag-article_premium","tag-bottomfeed_styl","tag-dzis_pisza_dla_was","tag-ekstraklasa","tag-kghm","tag-kghm-polska-miedz","tag-marcel_regula","tag-nat_styl","tag-omp","tag-phx","tag-pilka_nozna","tag-pl","tag-poland","tag-polish","tag-polska","tag-polski","tag-rafal_ulatowski","tag-screening_general","tag-wiadomosci_sportowe","tag-zaglebie_lubin"],"share_on_mastodon":{"url":"https:\/\/pubeurope.com\/@pl\/116882721967873734","error":""},"_links":{"self":[{"href":"https:\/\/www.europesays.com\/pl\/wp-json\/wp\/v2\/posts\/542318","targetHints":{"allow":["GET"]}}],"collection":[{"href":"https:\/\/www.europesays.com\/pl\/wp-json\/wp\/v2\/posts"}],"about":[{"href":"https:\/\/www.europesays.com\/pl\/wp-json\/wp\/v2\/types\/post"}],"author":[{"embeddable":true,"href":"https:\/\/www.europesays.com\/pl\/wp-json\/wp\/v2\/users\/2"}],"replies":[{"embeddable":true,"href":"https:\/\/www.europesays.com\/pl\/wp-json\/wp\/v2\/comments?post=542318"}],"version-history":[{"count":0,"href":"https:\/\/www.europesays.com\/pl\/wp-json\/wp\/v2\/posts\/542318\/revisions"}],"wp:featuredmedia":[{"embeddable":true,"href":"https:\/\/www.europesays.com\/pl\/wp-json\/wp\/v2\/media\/542319"}],"wp:attachment":[{"href":"https:\/\/www.europesays.com\/pl\/wp-json\/wp\/v2\/media?parent=542318"}],"wp:term":[{"taxonomy":"category","embeddable":true,"href":"https:\/\/www.europesays.com\/pl\/wp-json\/wp\/v2\/categories?post=542318"},{"taxonomy":"post_tag","embeddable":true,"href":"https:\/\/www.europesays.com\/pl\/wp-json\/wp\/v2\/tags?post=542318"}],"curies":[{"name":"wp","href":"https:\/\/api.w.org\/{rel}","templated":true}]}}