{"id":542813,"date":"2026-07-08T10:28:12","date_gmt":"2026-07-08T10:28:12","guid":{"rendered":"https:\/\/www.europesays.com\/pl\/542813\/"},"modified":"2026-07-08T10:28:12","modified_gmt":"2026-07-08T10:28:12","slug":"amerykanka-mowi-o-roznicach-miedzy-polska-i-usa-to-byl-dla-mnie-wielki-szok","status":"publish","type":"post","link":"https:\/\/www.europesays.com\/pl\/542813\/","title":{"rendered":"Amerykanka m\u00f3wi o r\u00f3\u017cnicach mi\u0119dzy Polsk\u0105 i USA. \u201eTo by\u0142 dla mnie wielki szok\u201d"},"content":{"rendered":"<p>Jak r\u00f3\u017cni si\u0119 podej\u015bcie do wody w restauracjach w Polsce i USA.<\/p>\n<p>Dlaczego Amerykanie widz\u0105 Polak\u00f3w jako mniej u\u015bmiechni\u0119tych.<\/p>\n<p>Jakie jeszcze r\u00f3\u017cnice zauwa\u017cy\u0142a Sarah mi\u0119dzy Polsk\u0105 a USA.<\/p>\n<p>    <a name=\"eztoc42214445_0_5\" id=\"eztoc42214445_0_5\"\/>R\u00f3\u017cnice mi\u0119dzy Polsk\u0105 a USA<\/p>\n<p>Sarah to Amerykanka polskiego pochodzenia, kt\u00f3ra zyska\u0142a popularno\u015b\u0107 w mediach spo\u0142eczno\u015bciowych. Jej konto na TikToku obserwuje ponad 150 tys. os\u00f3b, a ona sama publikuje przede wszystkim nagrania, na kt\u00f3rych por\u00f3wnuje polskie i ameryka\u0144skie realia, takie jak np. jedzenie w obydwu krajach. Teraz nagra\u0142a kolejny film, w kt\u00f3rym opowiada o r\u00f3\u017cnicach mi\u0119dzy<br \/>\n<a href=\"https:\/\/wiadomosci.radiozet.pl\/polska\" target=\"_self\" rel=\"dofollow noopener\">Polsk\u0105<\/a> i<br \/>\n<a href=\"https:\/\/wiadomosci.radiozet.pl\/tag\/kategoria\/usa\" target=\"_self\" rel=\"dofollow noopener\">USA<\/a>. Wymieni\u0142a trzy rzeczy, na kt\u00f3re zwr\u00f3ci\u0142a uwag\u0119 podczas wizyty w Polsce.<\/p>\n<p>Pierwsz\u0105 rzecz\u0105, kt\u00f3ra zaskoczy\u0142a Amerykank\u0119, by\u0142 fakt, \u017ce w polskich restauracjach trzeba p\u0142aci\u0107 za wod\u0119. &#8211; To by\u0142 dla mnie wielki szok, jak by\u0142am w Polsce. W Stanach, jak idziesz do restauracji, woda jest darmowa, bo jest z kranu. Dlaczego w Polsce trzeba p\u0142aci\u0107 za wod\u0119? &#8211; zastanawia\u0142a si\u0119 tiktokerka.<\/p>\n<p>\t\t\t\t                                    \t<a name=\"eztoc42214445_0_6\" id=\"eztoc42214445_0_6\"\/>W Polsce ludzie mniej si\u0119 u\u015bmiechaj\u0105?<\/p>\n<p>Sarah zauwa\u017cy\u0142a r\u00f3\u017cnic\u0119 tak\u017ce w samych ludziach. Jej zdaniem w Polsce nie wygl\u0105daj\u0105 na weso\u0142ych. Zupe\u0142nie inaczej jest w Ameryce, gdzie &#8211; jak twierdzi &#8211; u\u015bmiech jest wr\u0119cz obowi\u0105zkowy. &#8211; W Stanach nawet jak nie jeste\u015b weso\u0142y, musisz wygl\u0105da\u0107 na weso\u0142ego. Jak wejdziesz do windy, to normalne, \u017ce ludzie pytaj\u0105: jak si\u0119 masz? M\u00f3wimy na to small talk i to jest bardzo normalne &#8211; wyja\u015bni\u0142a.<\/p>\n<p>To jednak nie wszystko, na co zwr\u00f3ci\u0142a uwag\u0119. Amerykanka wspomnia\u0142a tak\u017ce o du\u017co mniejszej popularno\u015bci klimatyzacji w Polsce. &#8211; Gdyby Amerykanie dowiedzieli si\u0119, \u017ce wszyscy w Polsce nie maj\u0105 klimatyzacji, to by by\u0142 koniec. W Stanach wszyscy maj\u0105 klimatyzacj\u0119. Nie daliby\u015bmy rady \u017cy\u0107 bez tego. A w Polsce? Wszyscy tego nie maj\u0105 &#8211; dodawa\u0142a.\u00a0<\/p>\n<p>\u0179r\u00f3d\u0142o: Radio ZET<\/p>\n<p>By\u0142e\u015b \u015bwiadkiem czego\u015b niespodziewanego? Masz temat, kt\u00f3rym powinni\u015bmy si\u0119 zaj\u0105\u0107?<\/p>\n<p>Zg\u0142o\u015b spraw\u0119 przez <a href=\"https:\/\/wiadomosci.radiozet.pl\/czerwony-telefon\" target=\"_blank\" title=\"Czerwony telefon Radia Zet\" rel=\"nofollow noopener\">Czerwony telefon Radia ZET<\/a><\/p>\n","protected":false},"excerpt":{"rendered":"Jak r\u00f3\u017cni si\u0119 podej\u015bcie do wody w restauracjach w Polsce i USA. Dlaczego Amerykanie widz\u0105 Polak\u00f3w jako mniej&hellip;\n","protected":false},"author":2,"featured_media":542814,"comment_status":"","ping_status":"","sticky":false,"template":"","format":"standard","meta":{"footnotes":"","_share_on_mastodon":"0"},"categories":[12],"tags":[3957,208,42,38,40,39,41,71],"class_list":["post-542813","post","type-post","status-publish","format-standard","has-post-thumbnail","category-polska","tag-ameryka","tag-ciekawostki","tag-pl","tag-poland","tag-polish","tag-polska","tag-polski","tag-usa"],"share_on_mastodon":{"url":"https:\/\/pubeurope.com\/@pl\/116883889035828713","error":""},"_links":{"self":[{"href":"https:\/\/www.europesays.com\/pl\/wp-json\/wp\/v2\/posts\/542813","targetHints":{"allow":["GET"]}}],"collection":[{"href":"https:\/\/www.europesays.com\/pl\/wp-json\/wp\/v2\/posts"}],"about":[{"href":"https:\/\/www.europesays.com\/pl\/wp-json\/wp\/v2\/types\/post"}],"author":[{"embeddable":true,"href":"https:\/\/www.europesays.com\/pl\/wp-json\/wp\/v2\/users\/2"}],"replies":[{"embeddable":true,"href":"https:\/\/www.europesays.com\/pl\/wp-json\/wp\/v2\/comments?post=542813"}],"version-history":[{"count":0,"href":"https:\/\/www.europesays.com\/pl\/wp-json\/wp\/v2\/posts\/542813\/revisions"}],"wp:featuredmedia":[{"embeddable":true,"href":"https:\/\/www.europesays.com\/pl\/wp-json\/wp\/v2\/media\/542814"}],"wp:attachment":[{"href":"https:\/\/www.europesays.com\/pl\/wp-json\/wp\/v2\/media?parent=542813"}],"wp:term":[{"taxonomy":"category","embeddable":true,"href":"https:\/\/www.europesays.com\/pl\/wp-json\/wp\/v2\/categories?post=542813"},{"taxonomy":"post_tag","embeddable":true,"href":"https:\/\/www.europesays.com\/pl\/wp-json\/wp\/v2\/tags?post=542813"}],"curies":[{"name":"wp","href":"https:\/\/api.w.org\/{rel}","templated":true}]}}