{"id":543361,"date":"2026-07-08T15:44:09","date_gmt":"2026-07-08T15:44:09","guid":{"rendered":"https:\/\/www.europesays.com\/pl\/543361\/"},"modified":"2026-07-08T15:44:09","modified_gmt":"2026-07-08T15:44:09","slug":"skolim-zaspiewal-a-cappella-w-programie-daniela-nawrockiego-wspomnial-o-zarzutach-o-playback","status":"publish","type":"post","link":"https:\/\/www.europesays.com\/pl\/543361\/","title":{"rendered":"Skolim za\u015bpiewa\u0142 a cappella w programie Daniela Nawrockiego. Wspomnia\u0142 o zarzutach o playback"},"content":{"rendered":"<p itemprop=\"description\">Skolim zaskoczy\u0142 wszystkich i pojawi\u0142 si\u0119 w programie Daniela Nawrockiego w programie \u201ePasmo\u201d. W pewnym momencie syn prezydenta RP poprosi\u0142 swojego go\u015bcia, by ten zaprezentowa\u0142 swoje umiej\u0119tno\u015bci wokalne i za\u015bpiewa\u0142 w studiu a cappella. Po wyst\u0119pie polskiego kr\u00f3la latino widzowie mogli us\u0142ysze\u0107 wymowny komentarz.<\/p>\n<p>    <img decoding=\"async\" src=\"https:\/\/www.europesays.com\/pl\/wp-content\/uploads\/2026\/07\/skolim-zaspiewal-u-nawrockiego-potem-padly-te-slowa.jpg\" data-action=\"load-&gt;publisher-image-placeholder#load error-&gt;publisher-image-placeholder#error\" data-publisher-image-placeholder-target=\"image\" width=\"1200\" height=\"800\" alt=\"Skolim za\u015bpiewa\u0142 u Nawrockiego. Potem pad\u0142y te s\u0142owa\" class=\"publisher-image__img\" fetchpriority=\"high\" loading=\"eager\"\/><\/p>\n<p class=\"copyright\">Ga\u0142\u0105zka\/AKPA\/WOJCIECH STROZYK\/REPORTER<\/p>\n<p>Wyst\u0119p Skolima w programie Daniela Nawrockiego \u201ePasmo\u201d b\u0142yskawicznie przyci\u0105gn\u0105\u0142 uwag\u0119 fan\u00f3w.W studiu pad\u0142a prosta propozycja: za\u015bpiewaj bez podk\u0142adu i poka\u017c, jak brzmisz bez podk\u0142adu. Konrad Skolimowski przyj\u0105\u0142 wyzwanie i wykona\u0142 a cappella fragment \u201eDziewczyno pi\u0119kna\u201d, a temat oskar\u017ce\u0144 o playback wr\u00f3ci\u0142 z pe\u0142n\u0105 moc\u0105.<\/p>\n<p>            <img decoding=\"async\" alt=\"player placeholder\" class=\"player-graybox\" src=\"data:image\/png;base64,iVBORw0KGgoAAAANSUhEUgAAAoAAAAFoCAIAAABIUN0GAAAACXBIWXMAAA7EAAAOxAGVKw4bAAAEf0lEQVR42u3VMQEAIADDsIJ\/jdOCC65EQp+ebQEAf10JAMCAAcCAAQADBgADBgAMGAAMGAAwYAAwYADAgAHAgAHAgAEAAwYAAwYADBgADBgAMGAAMGAAwIABwIABwIABAAMGAAMGAAwYAAwYADBgADBgAMCAAcCAAcCAAQADBgADBgAMGAAMGAAwYAAwYADAgAHAgAHAgAEAAwYAAwYADBgADBgAMGAAMGAAwIABwIABwIABAAMGAAMGAAwYAAwYADBgADBgAMCAAcCAAcCAAQADBgADBgAMGAAMGAAwYAAwYADAgAHAgAHAgAEAAwYAAwYADBgADBgAMGAAMGAAwIABwIABwIABAAMGAAMGAAwYAAwYADBgADBgAMCAAcCAAcCAAQADBgADBgAMGAAMGAAwYAAwYADAgAHAgAEAAwYAAwYAAwYADBgADBgAMGAAMGAAwIABwIABAAMGAAMGAAMGAAwYAAwYADBgADBgAMCAAcCAAQADBgADBgADBgAMGAAMGAAwYAAwYADAgAHAgAEAAwYAAwYAAwYADBgADBgAMGAAMGAAwIABwIABAAMGAAMGAAMGAAwYAAwYADBgADBgAMCAAcCAAQADBgADBgADBgAMGAAMGAAwYAAwYADAgAHAgAEAAwYAAwYAAwYADBgADBgAMGAAMGAAwIABwIABAAMGAAMGAAMGAAwYAAwYADBgADBgAMCAAcCAAQADBgADBgADBgAMGAAMGAAwYAAwYADAgAHAgAEAAwYAAwYADBgADBgADBgAMGAAMGAAwIABwIABAAMGAAMGAAwYAAwYAAwYADBgADBgAMCAAcCAAQADBgADBgAMGAAMGAAMGAAwYAAwYADAgAHAgAEAAwYAAwYADBgADBgADBgAMGAAMGAAwIABwIABAAMGAAMGAAwYAAwYAAwYADBgADBgAMCAAcCAAQADBgADBgAMGAAMGAAMGAAwYAAwYADAgAHAgAEAAwYAAwYADBgADBgADBgAMGAAMGAAwIABwIABAAMGAAMGAAwYAAwYAAwYADBgADBgAMCAAcCAAQADBgADBgAMGAAMGAAMGAAwYAAwYADAgAHAgAEAAwYAAwYADBgADBgADFgCADBgADBgAMCAAcCAAQADBgADBgAMGAAMGAAwYAAwYAAwYADAgAHAgAEAAwYAAwYADBgADBgAMGAAMGAAMGAAwIABwIABAAMGAAMGAAwYAAwYADBgADBgADBgAMCAAcCAAQADBgADBgAMGAAMGAAwYAAwYAAwYADAgAHAgAEAAwYAAwYADBgADBgAMGAAMGAAMGAAwIABwIABAAMGAAMGAAwYAAwYADBgADBgADBgAMCAAcCAAQADBgADBgAMGAAMGAAwYAAwYAAwYADAgAHAgAEAAwYAAwYADBgADBgAMGAAMGAAMGAAwIABwIABAAMGAAMGAAwYAAwYADBgADBgADBgAMCAAcCAAQADBgADBgAMGAAMGAAwYAAwYADAgAHAgAHAgAEAAwYAAwYADBgADBgAMGAAMGAAoOoBvh0FaqwwF9kAAAAASUVORK5CYII=\"\/><\/p>\n<p>Skolim za\u015bpiewa\u0142 a cappella w programie Daniela Nawrockiego<\/p>\n<p>Skolim od lat s\u0142yszy komentarze, \u017ce na koncertach mo\u017ce wspiera\u0107 si\u0119 nagranym wokalem. Tym razem sytuacja by\u0142a wyj\u0105tkowo klarowna: prowadz\u0105cy zaproponowa\u0142 szybki sprawdzian na oczach widz\u00f3w, bez muzyki i bez miejsca na niedom\u00f3wienia. Artysta nie pr\u00f3bowa\u0142 zmienia\u0107 tematu ani roz\u0142adowywa\u0107 go \u017cartem. Po prostu za\u015bpiewa\u0142.<\/p>\n<p>Chcia\u0142bym, \u017ceby\u015b za\u015bpiewa\u0142 nam a cappella<br \/>&#8211; powiedzia\u0142 Daniel Nawrocki.<\/p>\n<p>Wyb\u00f3r pad\u0142 na rozpoznawalny utw\u00f3r \u201eDziewczyno pi\u0119kna\u201d, czyli numer, kt\u00f3ry publiczno\u015b\u0107 kojarzy od pierwszych sekund. Taki fragment \u0142atwo wychwyci\u0107, trudniej ukry\u0107 si\u0119 za aran\u017cem, dlatego a cappella od razu sta\u0142o si\u0119 momentem programu. Reakcje w\u015br\u00f3d fan\u00f3w by\u0142y mocne: cz\u0119\u015b\u0107 odebra\u0142a to jako dow\u00f3d pewno\u015bci siebie, inni zwracali uwag\u0119, \u017ce nawet taki ruch nie zamknie dyskusji, bo Internet i tak potrafi dopisa\u0107 w\u0142asn\u0105 wersj\u0119 wydarze\u0144.<\/p>\n<p>I tak b\u0119d\u0105 m\u00f3wi\u0107, \u017ce z playbacku!<br \/>&#8211; czytamy w komentarzach.<\/p>\n<p>Warto przypomnie\u0107, \u017ce niedawno sami <a href=\"https:\/\/party.pl\/wideo\/zapytalismy-skolima-o-playback-zaskakujaca-odpowiedz\/\" rel=\"nofollow noopener\" target=\"_blank\">zapytali\u015bmy Skolima o playback<\/a>. Odpowied\u017a by\u0142a do\u015b\u0107 zaskakuj\u0105ca.<\/p>\n<p>Skolim walczy z zarzutami o granie z playbacku<\/p>\n<p>W tle ca\u0142ej sytuacji przewija si\u0119 to, co ju\u017c wcze\u015bniej komunikowano z otoczenia Skolima. W maju jego gitarzysta publicznie podkre\u015bla\u0142, \u017ce zesp\u00f3\u0142 gra na \u017cywo, a zasady wyst\u0119p\u00f3w maj\u0105 by\u0107 zapisane w umowach. Wspomina\u0142 te\u017c, \u017ce na pocz\u0105tku zdarza\u0142y si\u0119 problemy przy realizacjach telewizyjnych, ale z czasem wszyscy mieli nabra\u0107 do\u015bwiadczenia i dzi\u015b wyst\u0119py maj\u0105 odbywa\u0107 si\u0119 wy\u0142\u0105cznie na \u017cywo.<\/p>\n<p>Dla mnie nie wypada po prostu gra\u0107 z playbacku. My gramy zawsze na \u017cywo. Mamy taki zapis w umowie. Na pocz\u0105tku na koncertach telewizyjnych by\u0142 problem. Dzisiaj si\u0119 wszyscy nauczyli.\u00a0Zapraszaj\u0105c z Skolima wiedz\u0105 &#8211; jakakolwiek to jest telewizja &#8211; \u017ce tylko i wy\u0142\u0105cznie na \u017cywo. Tak\u017ce kochani, je\u017celi chcecie wyst\u0119p najlepszej jako\u015bci na \u017cywo, tylko Skolim<br \/>&#8211; m\u00f3wi\u0142 na \u0142amach Plejady gitarzysta Skolima.<\/p>\n<p>Skolim, czyli Konrad Skolimowski, jest rozpoznawalny nie tylko ze sceny. Ma na koncie rol\u0119 w serialu \u201eBarwy szcz\u0119\u015bcia\u201d, a muzycznie buduje pozycj\u0119 jako samozwa\u0144czy \u201ekr\u00f3l latino\u201d. Jego piosenki trafiaj\u0105 na imprezowe playlisty, a on sam ch\u0119tnie bawi si\u0119 wizerunkiem &#8211; ostatnio zwr\u00f3ci\u0142 uwag\u0119 cho\u0107by zmian\u0105 koloru w\u0142os\u00f3w na r\u00f3\u017cowy.<\/p>\n<p>Zobacz tak\u017ce:<\/p>\n<p>\u00a0<\/p>\n","protected":false},"excerpt":{"rendered":"Skolim zaskoczy\u0142 wszystkich i pojawi\u0142 si\u0119 w programie Daniela Nawrockiego w programie \u201ePasmo\u201d. W pewnym momencie syn prezydenta&hellip;\n","protected":false},"author":2,"featured_media":543362,"comment_status":"","ping_status":"","sticky":false,"template":"","format":"standard","meta":{"footnotes":"","_share_on_mastodon":"0"},"categories":[62712],"tags":[32,509,8504,690,1005,6566,2201],"class_list":["post-543361","post","type-post","status-publish","format-standard","has-post-thumbnail","category-karol-nawrocki","tag-breaking-news","tag-gwiazdy","tag-instagram","tag-karol-nawrocki","tag-prezydent","tag-skolim","tag-wywiad"],"share_on_mastodon":{"url":"","error":""},"_links":{"self":[{"href":"https:\/\/www.europesays.com\/pl\/wp-json\/wp\/v2\/posts\/543361","targetHints":{"allow":["GET"]}}],"collection":[{"href":"https:\/\/www.europesays.com\/pl\/wp-json\/wp\/v2\/posts"}],"about":[{"href":"https:\/\/www.europesays.com\/pl\/wp-json\/wp\/v2\/types\/post"}],"author":[{"embeddable":true,"href":"https:\/\/www.europesays.com\/pl\/wp-json\/wp\/v2\/users\/2"}],"replies":[{"embeddable":true,"href":"https:\/\/www.europesays.com\/pl\/wp-json\/wp\/v2\/comments?post=543361"}],"version-history":[{"count":0,"href":"https:\/\/www.europesays.com\/pl\/wp-json\/wp\/v2\/posts\/543361\/revisions"}],"wp:featuredmedia":[{"embeddable":true,"href":"https:\/\/www.europesays.com\/pl\/wp-json\/wp\/v2\/media\/543362"}],"wp:attachment":[{"href":"https:\/\/www.europesays.com\/pl\/wp-json\/wp\/v2\/media?parent=543361"}],"wp:term":[{"taxonomy":"category","embeddable":true,"href":"https:\/\/www.europesays.com\/pl\/wp-json\/wp\/v2\/categories?post=543361"},{"taxonomy":"post_tag","embeddable":true,"href":"https:\/\/www.europesays.com\/pl\/wp-json\/wp\/v2\/tags?post=543361"}],"curies":[{"name":"wp","href":"https:\/\/api.w.org\/{rel}","templated":true}]}}