{"id":543387,"date":"2026-07-08T16:00:11","date_gmt":"2026-07-08T16:00:11","guid":{"rendered":"https:\/\/www.europesays.com\/pl\/543387\/"},"modified":"2026-07-08T16:00:11","modified_gmt":"2026-07-08T16:00:11","slug":"europarlament-wstawil-sie-za-polska-w-sporze-z-ukraina-o-upa","status":"publish","type":"post","link":"https:\/\/www.europesays.com\/pl\/543387\/","title":{"rendered":"Europarlament wstawi\u0142 si\u0119 za Polsk\u0105 w sporze z Ukrain\u0105 o UPA"},"content":{"rendered":"<p>Poprawki odnosz\u0105ce si\u0119 do niedawnego upami\u0119tnienia przez UPA w armii ukrai\u0144skiej zg\u0142asza\u0142y r\u00f3\u017cne frakcje. Ostatecznie przyj\u0119ta zosta\u0142a ta zg\u0142oszona przez najwi\u0119ksz\u0105 \u2014 Europejsk\u0105 Parti\u0119 Ludow\u0105. Poprawk\u0119, g\u0142osowan\u0105 w pi\u0119ciu cz\u0119\u015bciach, przyj\u0119to znacz\u0105c\u0105 wi\u0119kszo\u015bci\u0105. Np. za jej 5. cz\u0119\u015bci\u0105 g\u0142osowa\u0142o 592 europos\u0142\u00f3w, 42 by\u0142o przeciw, a 11 wstrzyma\u0142o si\u0119 od g\u0142osu. Za ca\u0142o\u015bci\u0105 rezolucji g\u0142osowa\u0142o 460 europos\u0142\u00f3w, przeciwko by\u0142o 136, wstrzyma\u0142o si\u0119 59.<\/p>\n<p>Parlament Europejski wyrazi\u0142 ubolewanie &#8222;nad niedawn\u0105 niepotrzebn\u0105 i niesprowokowan\u0105 eskalacj\u0105 spowodowan\u0105 przez prezydenta Wo\u0142odymyra Ze\u0142enskiego polegaj\u0105c\u0105 na nadaniu elitarnej jednostce Si\u0142 Zbrojnych Ukrainy imienia Bohater\u00f3w UPA&#8221;. Wyrazi\u0142 te\u017c ubolewanie, \u017ce zw\u0142aszcza w \u015bwietle niezachwianego wsparcia Polski dla Ukrainy w walce z rosyjsk\u0105 agresj\u0105 zaniedbano fakt, \u017ce kwestia ta jest delikatna i bolesna dla polskiego spo\u0142ecze\u0144stwa w kontek\u015bcie szacowanej na wiele dziesi\u0105tk\u00f3w tysi\u0119cy liczby ofiar UPA i ich rodzin.<\/p>\n<p>Izba zwr\u00f3ci\u0142a te\u017c uwag\u0119, \u017ce decyzja ta szkodzi stosunkom dobros\u0105siedzkim oraz wcze\u015bniejszym wysi\u0142kom na rzecz rozwi\u0105zania nierozstrzygni\u0119tych i bolesnych aspekt\u00f3w dwustronnych w stosunkach historycznych w duchu prawdziwego i szczerego pojednania, a tak\u017ce nie jest zgodna z warto\u015bciami europejskimi. Europarlament wezwa\u0142 do deeskalacji i wznowienia wysi\u0142k\u00f3w w dobrej wierze na rzecz pojednania.<\/p>\n<p>W przeg\u0142osowanym tek\u015bcie znalaz\u0142o si\u0119 tak\u017ce przypomnienie o rezolucji z zesz\u0142ego roku w tej samej sprawie, w kt\u00f3rej tak\u017ce zamieszczono odniesienie do rzezi wo\u0142y\u0144skiej. W\u00f3wczas PE przyj\u0105\u0142 z zadowoleniem &#8222;wszelkie dzia\u0142ania podejmowane przez Ukrain\u0119 i pa\u0144stwa cz\u0142onkowskie UE na rzecz uregulowania nierozwi\u0105zanych kwestii historycznych stosunk\u00f3w dwustronnych i regionalnych, na przyk\u0142ad rzezi wo\u0142y\u0144skiej, w duchu prawdziwego i szczerego pojednania&#8221;.<\/p>\n<p>UPA pozostaje jednym z najbardziej spornych temat\u00f3w w relacjach polsko-ukrai\u0144skich. Wed\u0142ug polskich historyk\u00f3w w lipcu 1943 r. oddzia\u0142y UPA przeprowadzi\u0142y skoordynowane ataki na oko\u0142o 150 miejscowo\u015bci zamieszkanych przez Polak\u00f3w na Wo\u0142yniu, co sta\u0142o si\u0119 kulminacj\u0105 zbrodni okre\u015blanej w Polsce jako ludob\u00f3jstwo wo\u0142y\u0144skie. \u0141\u0105cznie od lutego 1943 r. do wiosny 1945 r. na Wo\u0142yniu i w tzw. Galicji Wschodniej (nazywanej przez Polak\u00f3w przed wojn\u0105 Ma\u0142opolsk\u0105 Wschodni\u0105) zgin\u0119\u0142o wed\u0142ug badaczy ponad 100 tys. Polak\u00f3w. Za sprawc\u00f3w uznawani s\u0105 cz\u0142onkowie Organizacji Ukrai\u0144skich Nacjonalist\u00f3w frakcji Stepana Bandery (ideologa nacjonalizmu ukrai\u0144skiego, kt\u00f3ry w\u00f3wczas by\u0142 wi\u0119ziony przez Niemc\u00f3w) oraz podporz\u0105dkowanej jej UPA.<\/p>\n<p>W odwecie polskie oddzia\u0142y Armii Krajowej czy Batalion\u00f3w Ch\u0142opskich zabi\u0142y ok. 10 tys. ukrai\u0144skich cywil\u00f3w.<\/p>\n<p>Wed\u0142ug ukrai\u0144skiej polityki historycznej UPA zas\u0142u\u017cy\u0142a si\u0119 przede wszystkim po II wojnie \u015bwiatowej w walce z Armi\u0105 Czerwon\u0105 i NKWD, a zbrodnie na Wo\u0142yniu s\u0105 przedstawiane albo jako <a rel=\"nofollow noopener\" href=\"https:\/\/centrumeuropy.pl\/93903126\/banderowcy-nigdy-nie-wystapili-przeciwko-ludnosci-czego-ucza-sie-w-szkole-mlodzi-ukraincy\" id=\"81c90b4e-0552-4348-bb06-0a5917565873\" target=\"_blank\">skutek walk podziemia polskiego i ukrai\u0144skiego, albo prowokacje partyzantki sowieckiej<\/a>.<\/p>\n<p>centrumeuropy.pl wg zaxid.net, PAP<\/p>\n","protected":false},"excerpt":{"rendered":"Poprawki odnosz\u0105ce si\u0119 do niedawnego upami\u0119tnienia przez UPA w armii ukrai\u0144skiej zg\u0142asza\u0142y r\u00f3\u017cne frakcje. Ostatecznie przyj\u0119ta zosta\u0142a ta&hellip;\n","protected":false},"author":2,"featured_media":543388,"comment_status":"","ping_status":"","sticky":false,"template":"","format":"standard","meta":{"footnotes":"","_share_on_mastodon":"0"},"categories":[12],"tags":[27365,61195,399,48,46,55,42,38,40,39,41,47],"class_list":["post-543387","post","type-post","status-publish","format-standard","has-post-thumbnail","category-polska","tag-belsatpl","tag-bottomfeed_styl","tag-informacje","tag-nat_styl","tag-omp","tag-phx","tag-pl","tag-poland","tag-polish","tag-polska","tag-polski","tag-screening_general"],"share_on_mastodon":{"url":"https:\/\/pubeurope.com\/@pl\/116885194269869250","error":""},"_links":{"self":[{"href":"https:\/\/www.europesays.com\/pl\/wp-json\/wp\/v2\/posts\/543387","targetHints":{"allow":["GET"]}}],"collection":[{"href":"https:\/\/www.europesays.com\/pl\/wp-json\/wp\/v2\/posts"}],"about":[{"href":"https:\/\/www.europesays.com\/pl\/wp-json\/wp\/v2\/types\/post"}],"author":[{"embeddable":true,"href":"https:\/\/www.europesays.com\/pl\/wp-json\/wp\/v2\/users\/2"}],"replies":[{"embeddable":true,"href":"https:\/\/www.europesays.com\/pl\/wp-json\/wp\/v2\/comments?post=543387"}],"version-history":[{"count":0,"href":"https:\/\/www.europesays.com\/pl\/wp-json\/wp\/v2\/posts\/543387\/revisions"}],"wp:featuredmedia":[{"embeddable":true,"href":"https:\/\/www.europesays.com\/pl\/wp-json\/wp\/v2\/media\/543388"}],"wp:attachment":[{"href":"https:\/\/www.europesays.com\/pl\/wp-json\/wp\/v2\/media?parent=543387"}],"wp:term":[{"taxonomy":"category","embeddable":true,"href":"https:\/\/www.europesays.com\/pl\/wp-json\/wp\/v2\/categories?post=543387"},{"taxonomy":"post_tag","embeddable":true,"href":"https:\/\/www.europesays.com\/pl\/wp-json\/wp\/v2\/tags?post=543387"}],"curies":[{"name":"wp","href":"https:\/\/api.w.org\/{rel}","templated":true}]}}