{"id":543444,"date":"2026-07-08T16:32:14","date_gmt":"2026-07-08T16:32:14","guid":{"rendered":"https:\/\/www.europesays.com\/pl\/543444\/"},"modified":"2026-07-08T16:32:14","modified_gmt":"2026-07-08T16:32:14","slug":"media-expert-oszalal-bylo-3199-zl-a-jest-999-zl","status":"publish","type":"post","link":"https:\/\/www.europesays.com\/pl\/543444\/","title":{"rendered":"Media Expert oszala\u0142. By\u0142o 3199 z\u0142, a jest 999 z\u0142"},"content":{"rendered":"<p>2200 z\u0142. W\u0142a\u015bnie tyle mniej trzeba zap\u0142aci\u0107 w MediaExpert za kolumny g\u0142o\u015bnikowe Sony SA-RS5. Sk\u0105d taka promocja? Wygl\u0105da na to, \u017ce sklep wyprzedaje ostatnie sztuki. Owszem, nie jest to jedyne miejsce, w kt\u00f3rym mo\u017cna kupi\u0107 te kolumny za mniej, ni\u017c 3199 z\u0142. Jednak wci\u0105\u017c to jedyny sklep, gdzie s\u0105 one za mniej, ni\u017c 1000 z\u0142.<\/p>\n<p>Co do samych kolumn, to s\u0105 one dedykowane do wsp\u00f3\u0142pracy z soundbarami Sony. Ka\u017cda z nich oferuje przetwornik o mocy znamionowej 90 W oraz pasmo przenoszenia 200 &#8211; 20000. Mo\u017cna wi\u0119c liczy\u0107 na i\u015bcie kinowe do\u015bwiadczenia w swoim w\u0142asnym salonie. A wszystko to za <a href=\"https:\/\/www.telepolis.pl\/go\/3d3f95\" rel=\"nofollow noopener\" target=\"_blank\">jedyne 999 z\u0142<\/a>.\u00a0<\/p>\n<p>Oczywi\u015bcie sama moc to nie wszystko. Dzi\u0119ki skierowaniu \u017ar\u00f3d\u0142a w g\u00f3r\u0119 d\u017awi\u0119k odbija si\u0119 od sufitu, a sterowanie nim pozwala na osi\u0105gni\u0119cie tak zwanych pozornych g\u0142o\u015bnik\u00f3w. Tym samym s\u0142yszymy wszystko tak, jakby\u015bmy byli przez nie otoczeni. I chocia\u017c g\u0142o\u015bnik ten jest na\u015bcienny, to nie musimy si\u0119 martwi\u0107 o kable, poniewa\u017c ma wbudowany akumulator, kt\u00f3ry pozwala na do 10 godzin pracy na jednym \u0142adowaniu.\u00a0<\/p>\n","protected":false},"excerpt":{"rendered":"2200 z\u0142. W\u0142a\u015bnie tyle mniej trzeba zap\u0142aci\u0107 w MediaExpert za kolumny g\u0142o\u015bnikowe Sony SA-RS5. Sk\u0105d taka promocja? Wygl\u0105da&hellip;\n","protected":false},"author":2,"featured_media":543445,"comment_status":"","ping_status":"","sticky":false,"template":"","format":"standard","meta":{"footnotes":"","_share_on_mastodon":"0"},"categories":[20],"tags":[106966,120,118,119,42,38,40,39,41,116,114,115,4199,106967,629,121,117],"class_list":["post-543444","post","type-post","status-publish","format-standard","has-post-thumbnail","category-nauka-i-technika","tag-glosniki","tag-nauka","tag-nauka-i-technika","tag-naukatechnika","tag-pl","tag-poland","tag-polish","tag-polska","tag-polski","tag-science","tag-science-and-technology","tag-sciencetechnology","tag-sony","tag-sony-sa-rs5","tag-sprzet","tag-technika","tag-technology"],"share_on_mastodon":{"url":"https:\/\/pubeurope.com\/@pl\/116885320365603105","error":""},"_links":{"self":[{"href":"https:\/\/www.europesays.com\/pl\/wp-json\/wp\/v2\/posts\/543444","targetHints":{"allow":["GET"]}}],"collection":[{"href":"https:\/\/www.europesays.com\/pl\/wp-json\/wp\/v2\/posts"}],"about":[{"href":"https:\/\/www.europesays.com\/pl\/wp-json\/wp\/v2\/types\/post"}],"author":[{"embeddable":true,"href":"https:\/\/www.europesays.com\/pl\/wp-json\/wp\/v2\/users\/2"}],"replies":[{"embeddable":true,"href":"https:\/\/www.europesays.com\/pl\/wp-json\/wp\/v2\/comments?post=543444"}],"version-history":[{"count":0,"href":"https:\/\/www.europesays.com\/pl\/wp-json\/wp\/v2\/posts\/543444\/revisions"}],"wp:featuredmedia":[{"embeddable":true,"href":"https:\/\/www.europesays.com\/pl\/wp-json\/wp\/v2\/media\/543445"}],"wp:attachment":[{"href":"https:\/\/www.europesays.com\/pl\/wp-json\/wp\/v2\/media?parent=543444"}],"wp:term":[{"taxonomy":"category","embeddable":true,"href":"https:\/\/www.europesays.com\/pl\/wp-json\/wp\/v2\/categories?post=543444"},{"taxonomy":"post_tag","embeddable":true,"href":"https:\/\/www.europesays.com\/pl\/wp-json\/wp\/v2\/tags?post=543444"}],"curies":[{"name":"wp","href":"https:\/\/api.w.org\/{rel}","templated":true}]}}