{"id":543468,"date":"2026-07-08T16:46:14","date_gmt":"2026-07-08T16:46:14","guid":{"rendered":"https:\/\/www.europesays.com\/pl\/543468\/"},"modified":"2026-07-08T16:46:14","modified_gmt":"2026-07-08T16:46:14","slug":"autobus-polskiej-stolicy-kultury-2026-przyjedzie-do-lublina-plac-lokietka-zamieni-sie-w-artystyczna-przestrzen-spotkan","status":"publish","type":"post","link":"https:\/\/www.europesays.com\/pl\/543468\/","title":{"rendered":"Autobus Polskiej Stolicy Kultury 2026 przyjedzie do Lublina. Plac \u0141okietka zamieni si\u0119 w artystyczn\u0105 przestrze\u0144 spotka\u0144"},"content":{"rendered":"<p>Bielsko-Bia\u0142a, pierwsza Polska Stolica Kultury, ju\u017c wkr\u00f3tce zaprezentuje swoj\u0105 energi\u0119, tw\u00f3rczo\u015b\u0107 i artystyczny dorobek w Lublinie. W niedziel\u0119, 12 lipca, na Placu Kr\u00f3la W\u0142adys\u0142awa \u0141okietka stanie Autobus Polskiej Stolicy Kultury 2026 \u2014 mobilna przestrze\u0144 sztuki, spotka\u0144 i dzia\u0142a\u0144 kreatywnych.<\/p>\n<p>Projekt ma charakter og\u00f3lnopolskiej podr\u00f3\u017cy bielskiego \u015brodowiska artystycznego. Jego celem jest nie tylko prezentacja kultury Bielska-Bia\u0142ej, ale r\u00f3wnie\u017c wymiana do\u015bwiadcze\u0144, inspiracji i dobrych praktyk z mieszka\u0144cami oraz tw\u00f3rcami odwiedzanych miast.<\/p>\n<p>Bielsko-Bia\u0142a odwiedzi Lublin z wyj\u0105tkowym projektem<\/p>\n<p>Wizyta Autobusu Polskiej Stolicy Kultury w Lublinie wpisuje si\u0119 w szersz\u0105 ide\u0119 budowania wsp\u00f3\u0142pracy mi\u0119dzy miastami aktywnie uczestnicz\u0105cymi w \u017cyciu kulturalnym kraju. Lublin, przygotowuj\u0105cy si\u0119 do obj\u0119cia tytu\u0142u Europejskiej Stolicy Kultury w 2029 roku, b\u0119dzie jednym z wa\u017cnych przystank\u00f3w na trasie projektu.<\/p>\n<p>\u2014 Jest nam niezmiernie mi\u0142o, \u017ce Bielsko-Bia\u0142a, pierwsza w historii Polska Stolica Kultury odwiedzi nasze miasto ze swoim wyj\u0105tkowym projektem. Autobus Polskiej Stolicy Kultury 2026 doskonale wpisuje si\u0119 w za\u0142o\u017cenia integracji oraz wzajemnego czerpania z do\u015bwiadcze\u0144, dorobku kulturowego, tradycji i historii, kt\u00f3re przy\u015bwiecaj\u0105 idei RE, b\u0119d\u0105cej has\u0142em przewodnim naszej zwyci\u0119skiej aplikacji o tytu\u0142 Europejskiej Stolicy Kultury 2029. Jestem pewien, \u017ce ta niezwyk\u0142a mobilna przestrze\u0144 artystyczna b\u0119dzie niezapomnianym do\u015bwiadczeniem, kt\u00f3re zaanga\u017cuje mieszkanki i mieszka\u0144c\u00f3w Lublina, przyczyniaj\u0105c si\u0119 do tworzenia kulturowej wsp\u00f3lnoty \u2014 m\u00f3wi Krzysztof \u017buk, Prezydent Miasta Lublin.<\/p>\n<p>Warsztaty, wystawy, teatr lalek i muzyka elektroniczna<\/p>\n<p>Pierwsze dzia\u0142ania dla mieszka\u0144c\u00f3w rozpoczn\u0105 si\u0119 w niedziel\u0119 o godz. 16.00. W programie znalaz\u0142a si\u0119 strefa warsztatowa, wystawy fotografii Micha\u0142a \u201eMi\u015bka\u201d Baranowskiego i Doroty Koperskiej, a tak\u017ce prezentacje autorskich plakat\u00f3w Sebastiana Kubicy i Justyny J\u0119drysek.<\/p>\n<p>Uczestnicy b\u0119d\u0105 mogli zobaczy\u0107 r\u00f3wnie\u017c performatywne czytania poezji prowadzone przez Bo Jaroszka. W trakcie wydarzenia cyklicznie pojawia\u0107 si\u0119 b\u0119d\u0105 etiudy teatru lalek, czyli kr\u00f3tkie sceny teatralne opowiadaj\u0105ce o codziennym \u017cyciu zwyk\u0142ego cz\u0142owieka. Przygotuj\u0105 je aktorzy Teatru Lalek Banialuka.<\/p>\n<p>Organizatorzy zaprosz\u0105 tak\u017ce do kopu\u0142y artystycznej \u2014 przestrzeni spotka\u0144, rozm\u00f3w i dzia\u0142a\u0144 kreatywnych. Towarzyszy\u0107 jej b\u0119dzie oprawa muzyczna Soulcore Collective.<\/p>\n<p>Wieczorem Autobus Polskiej Stolicy Kultury zamieni si\u0119 w PartyBus. Arty\u015bci Soulcore Collective wype\u0142ni\u0105 przestrze\u0144 muzyk\u0105 elektroniczn\u0105, tworz\u0105c miejsce wsp\u00f3lnego spotkania, ta\u0144ca i odpoczynku.<\/p>\n<p>Mobilna galeria, scena i miejsce rozm\u00f3w<\/p>\n<p>Autobus Polskiej Stolicy Kultury 2026 jest jednocze\u015bnie galeri\u0105, scen\u0105 i przestrzeni\u0105 spotka\u0144. Z zewn\u0105trz pe\u0142ni funkcj\u0119 wielkoformatowej ekspozycji sztuki, we wn\u0119trzu prezentuje instalacje artystyczne i wystawy, a wieczorem staje si\u0119 scen\u0105 muzyczn\u0105.<\/p>\n<p>Na trasie projektu, obok Lublina, znalaz\u0142y si\u0119 m.in. Krak\u00f3w, Warszawa, Pozna\u0144 i Gda\u0144sk. Ka\u017cdy przystanek ma s\u0142u\u017cy\u0107 prezentacji bielskiej kultury oraz budowaniu relacji mi\u0119dzy \u015brodowiskami artystycznymi z r\u00f3\u017cnych cz\u0119\u015bci Polski.<\/p>\n<p>Program wzmacniaj\u0105cy efekt Europejskiej Stolicy Kultury<\/p>\n<p>Program \u201ePolskie Stolice Kultury\u201d to nowa inicjatywa Ministerstwa Kultury i Dziedzictwa Narodowego, wypracowana we wsp\u00f3\u0142pracy z miastami kandyduj\u0105cymi do tytu\u0142u Europejskiej Stolicy Kultury 2029.<\/p>\n<p>Jego celem jest podtrzymanie potencja\u0142u miast uczestnicz\u0105cych w konkursie ESK, wykorzystanie ich dorobku oraz realizacja wsp\u00f3lnych projekt\u00f3w artystycznych. Program zak\u0142ada tak\u017ce wymian\u0119 do\u015bwiadcze\u0144, rozwijanie dobrych praktyk i wzmacnianie og\u00f3lnopolskiej sieci wsp\u00f3\u0142pracy kulturalnej.<\/p>\n<p>Pierwsz\u0105 Polsk\u0105 Stolic\u0105 Kultury zosta\u0142a Bielsko-Bia\u0142a. Jej wizyta w Lublinie ma wymiar symboliczny \u2014 \u0142\u0105czy miasto pe\u0142ni\u0105ce obecnie t\u0119 funkcj\u0119 z o\u015brodkiem, kt\u00f3ry przygotowuje si\u0119 do roli Europejskiej Stolicy Kultury 2029 i odegra\u0142 wa\u017cn\u0105 rol\u0119 w powo\u0142aniu programu \u201ePolskie Stolice Kultury\u201d.<\/p>\n<p>\u0179r\u00f3d\u0142o: UM Lublin<\/p>\n","protected":false},"excerpt":{"rendered":"Bielsko-Bia\u0142a, pierwsza Polska Stolica Kultury, ju\u017c wkr\u00f3tce zaprezentuje swoj\u0105 energi\u0119, tw\u00f3rczo\u015b\u0107 i artystyczny dorobek w Lublinie. W niedziel\u0119,&hellip;\n","protected":false},"author":2,"featured_media":543469,"comment_status":"","ping_status":"","sticky":false,"template":"","format":"standard","meta":{"footnotes":"","_share_on_mastodon":"0"},"categories":[51612],"tags":[106972,4847,76460,1081,42,106973,38,40,39,106974,41,99955,106975],"class_list":["post-543468","post","type-post","status-publish","format-standard","has-post-thumbnail","category-lublin","tag-autobus-polskiej-stolicy-kultury","tag-bielsko-biala","tag-europejska-stolica-kultury-2029","tag-lublin","tag-pl","tag-plac-krola-wladyslawa-lokietka","tag-poland","tag-polish","tag-polska","tag-polska-stolica-kultury-2026","tag-polski","tag-re","tag-soulcore-collective"],"share_on_mastodon":{"url":"https:\/\/pubeurope.com\/@pl\/116885375228161599","error":""},"_links":{"self":[{"href":"https:\/\/www.europesays.com\/pl\/wp-json\/wp\/v2\/posts\/543468","targetHints":{"allow":["GET"]}}],"collection":[{"href":"https:\/\/www.europesays.com\/pl\/wp-json\/wp\/v2\/posts"}],"about":[{"href":"https:\/\/www.europesays.com\/pl\/wp-json\/wp\/v2\/types\/post"}],"author":[{"embeddable":true,"href":"https:\/\/www.europesays.com\/pl\/wp-json\/wp\/v2\/users\/2"}],"replies":[{"embeddable":true,"href":"https:\/\/www.europesays.com\/pl\/wp-json\/wp\/v2\/comments?post=543468"}],"version-history":[{"count":0,"href":"https:\/\/www.europesays.com\/pl\/wp-json\/wp\/v2\/posts\/543468\/revisions"}],"wp:featuredmedia":[{"embeddable":true,"href":"https:\/\/www.europesays.com\/pl\/wp-json\/wp\/v2\/media\/543469"}],"wp:attachment":[{"href":"https:\/\/www.europesays.com\/pl\/wp-json\/wp\/v2\/media?parent=543468"}],"wp:term":[{"taxonomy":"category","embeddable":true,"href":"https:\/\/www.europesays.com\/pl\/wp-json\/wp\/v2\/categories?post=543468"},{"taxonomy":"post_tag","embeddable":true,"href":"https:\/\/www.europesays.com\/pl\/wp-json\/wp\/v2\/tags?post=543468"}],"curies":[{"name":"wp","href":"https:\/\/api.w.org\/{rel}","templated":true}]}}