{"id":543478,"date":"2026-07-08T16:51:20","date_gmt":"2026-07-08T16:51:20","guid":{"rendered":"https:\/\/www.europesays.com\/pl\/543478\/"},"modified":"2026-07-08T16:51:20","modified_gmt":"2026-07-08T16:51:20","slug":"pozar-w-bloku-na-nowym-dworze-we-wroclawiu-pali-sie-jedno-z-mieszkan-na-wyzszym-pietrze-aktualizacja-2","status":"publish","type":"post","link":"https:\/\/www.europesays.com\/pl\/543478\/","title":{"rendered":"Po\u017car w bloku na Nowym Dworze we Wroc\u0142awiu. Pali si\u0119 jedno z mieszka\u0144 na wy\u017cszym pi\u0119trze [AKTUALIZACJA]"},"content":{"rendered":"\n<p>                <a target=\"_blank\" href=\"http:\/\/www.wykop.pl\/dodaj\/link\/?url=https%3A%2F%2Fwww.radiowroclaw.pl%2Farticles%2Fview%2F162134%2FPozar-w-bloku-na-Nowym-Dworze-we-Wroclawiu-Pali-sie-jedno-z-mieszkan-na-wyzszym-pietrze&amp;title=Po%C5%BCar+w+bloku+na+Nowym+Dworze+we+Wroc%C5%82awiu.+Pali+si%C4%99+jedno+z+mieszka%C5%84+na+wy%C5%BCszym+pi%C4%99trze+%5BAKTUALIZACJA%5D&amp;desc=Na+Nowym+Dworze+pali+si%C4%99+jedno+z+mieszka%C5%84+w+bloku%2C+wed%C5%82ug+%C5%9Bwiadk%C3%B3w+mo%C5%BCe+by%C4%87+to+mieszkanie+na+pi%C4%85tym+pi%C4%99trze.+Trwa+akcja+s%C5%82u%C5%BCb%2C+szczeg%C3%B3%C5%82y+jeszcze+nie+s%C4%85+znane.\" rel=\"nofollow noopener\"><img decoding=\"async\" alt=\"Dodaj do Wykop.pl\" src=\"https:\/\/www.radiowroclaw.pl\/nlayout\/layout\/wykop-social.svg\"\/><\/a><\/p>\n<p>    <img decoding=\"async\" src=\"https:\/\/www.europesays.com\/pl\/wp-content\/uploads\/2026\/07\/1783529480_891_7ae3W6fWWU.jpg\" class=\"w-100\" alt=\"Po\u017car w bloku na Nowym Dworze we Wroc\u0142awiu. Pali si\u0119 jedno z mieszka\u0144 na wy\u017cszym pi\u0119trze [AKTUALIZACJA] - Po\u017car jednego z mieszka\u0144 na Nowym Dworze\"\/>Po\u017car jednego z mieszka\u0144 na Nowym Dworze<\/p>\n<p>fot. RW<\/p>\n<p>Na Nowym Dworze pali si\u0119 jedno z mieszka\u0144 w bloku, wed\u0142ug \u015bwiadk\u00f3w mo\u017ce by\u0107 to mieszkanie na pi\u0105tym pi\u0119trze. Trwa akcja s\u0142u\u017cb, szczeg\u00f3\u0142y jeszcze nie s\u0105 znane.<\/p>\n<p style=\"text-align: justify;\">AKTUALIZACJA, 17:55<\/p>\n<p style=\"text-align: justify;\">Sytuacja zosta\u0142a opanowana, w\u0142a\u015bnie trwa oddymianie budynku. S\u0142u\u017cby zako\u0144czy\u0142y swoje dzia\u0142ania przy ulicy Budziszy\u0144skiej 76. Potwierdzi\u0142y r\u00f3wnie\u017c, \u017ce ogie\u0144 pojawi\u0142 si\u0119 w mieszkaniu na pi\u0105tym pi\u0119trze.<\/p>\n<p style=\"text-align: justify;\">Z budynku ewakuowano mieszka\u0144c\u00f3w do pi\u0105tego pi\u0119tra, a ratownicy udzielili pomocy jednej osobie.\u00a0<\/p>\n<p style=\"text-align: justify;\">WCZE\u015aNIEJ PISALI\u015aMY<\/p>\n<p style=\"text-align: justify;\">Po godzinie 16:20 dosz\u0142o do po\u017caru w jednym z blok\u00f3w przy ulicy Budziszy\u0144skiej we Wroc\u0142awiu. Na miejscu ju\u017c pracuj\u0105 s\u0142u\u017cby, kt\u00f3re przeprowadzi\u0142y ewakuacj\u0119 mieszka\u0144c\u00f3w, ale\u00a0wi\u0119cej szczeg\u00f3\u0142\u00f3w zdarzenia jeszcze nie podano.<\/p>\n<p style=\"text-align: justify;\">Wed\u0142ug wst\u0119pnych informacji mo\u017ce pali\u0107 si\u0119 mieszkanie na pi\u0105tym pi\u0119trze.<\/p>\n<p>        <a name=\"Comments\"\/><br \/>\n    \ufeff<\/p>\n<p>\t\t\t\t<a name=\"Comments\"\/><\/p>\n<p>\t\t\t\t\tDodaj\u0105c komentarz do artyku\u0142u akceptujesz<br \/>\n\t\t\t\t\t<a class=\"fw-bold\" href=\"https:\/\/www.radiowroclaw.pl\/articles\/view\/97405\" title=\"regulamin strony\" rel=\"nofollow noopener\" target=\"_blank\">regulamin strony<\/a>.<br \/>\n\t\t\t\t\tRadio Wroc\u0142aw nie odpowiada za tre\u015b\u0107 komentarzy.<\/p>\n","protected":false},"excerpt":{"rendered":"Po\u017car jednego z mieszka\u0144 na Nowym Dworze fot. RW Na Nowym Dworze pali si\u0119 jedno z mieszka\u0144 w&hellip;\n","protected":false},"author":2,"featured_media":543479,"comment_status":"","ping_status":"","sticky":false,"template":"","format":"standard","meta":{"footnotes":"","_share_on_mastodon":"0"},"categories":[51607],"tags":[2343,106949,106950,64213,106952,34720,58772,106951,70808,42,38,40,39,41,2148,44412,31600,55110,1853,55111,106953,44413],"class_list":["post-543478","post","type-post","status-publish","format-standard","has-post-thumbnail","category-wroclaw","tag-aktualizacja","tag-bloku","tag-dworze","tag-jedno","tag-mieszkan","tag-na","tag-nowym","tag-pali","tag-pietrze","tag-pl","tag-poland","tag-polish","tag-polska","tag-polski","tag-pozar","tag-sie","tag-w","tag-we","tag-wroclaw","tag-wroclawiu","tag-wyzszym","tag-z"],"share_on_mastodon":{"url":"https:\/\/pubeurope.com\/@pl\/116885395900220386","error":""},"_links":{"self":[{"href":"https:\/\/www.europesays.com\/pl\/wp-json\/wp\/v2\/posts\/543478","targetHints":{"allow":["GET"]}}],"collection":[{"href":"https:\/\/www.europesays.com\/pl\/wp-json\/wp\/v2\/posts"}],"about":[{"href":"https:\/\/www.europesays.com\/pl\/wp-json\/wp\/v2\/types\/post"}],"author":[{"embeddable":true,"href":"https:\/\/www.europesays.com\/pl\/wp-json\/wp\/v2\/users\/2"}],"replies":[{"embeddable":true,"href":"https:\/\/www.europesays.com\/pl\/wp-json\/wp\/v2\/comments?post=543478"}],"version-history":[{"count":0,"href":"https:\/\/www.europesays.com\/pl\/wp-json\/wp\/v2\/posts\/543478\/revisions"}],"wp:featuredmedia":[{"embeddable":true,"href":"https:\/\/www.europesays.com\/pl\/wp-json\/wp\/v2\/media\/543479"}],"wp:attachment":[{"href":"https:\/\/www.europesays.com\/pl\/wp-json\/wp\/v2\/media?parent=543478"}],"wp:term":[{"taxonomy":"category","embeddable":true,"href":"https:\/\/www.europesays.com\/pl\/wp-json\/wp\/v2\/categories?post=543478"},{"taxonomy":"post_tag","embeddable":true,"href":"https:\/\/www.europesays.com\/pl\/wp-json\/wp\/v2\/tags?post=543478"}],"curies":[{"name":"wp","href":"https:\/\/api.w.org\/{rel}","templated":true}]}}