{"id":543670,"date":"2026-07-08T18:45:18","date_gmt":"2026-07-08T18:45:18","guid":{"rendered":"https:\/\/www.europesays.com\/pl\/543670\/"},"modified":"2026-07-08T18:45:18","modified_gmt":"2026-07-08T18:45:18","slug":"27-mld-euro-na-infrastrukture-paliwowa-wschodniej-flanki-nato-polska-kluczowym-beneficjentem","status":"publish","type":"post","link":"https:\/\/www.europesays.com\/pl\/543670\/","title":{"rendered":"27 mld euro na infrastruktur\u0119 paliwow\u0105 wschodniej flanki NATO. Polska kluczowym beneficjentem"},"content":{"rendered":"<p>   <a href=\"https:\/\/defence24.pl\/strona-autora\/wojciech-koziol\" target=\"_self\" class=\"article-author-block__avatar-wrap\" rel=\"nofollow noopener\"><img loading=\"lazy\" decoding=\"async\" src=\"https:\/\/www.europesays.com\/pl\/wp-content\/uploads\/2026\/07\/8QEoofg0C2O1R6JMTSUEkikQs55GL0w3pR2wRV5S.auyp.jpg\" alt=\"\"  width=\"100\" height=\"100\" author=\"Defence24.pl\" caption=\"\" fullscreen=\"https:\/\/cdn.defence24.pl\/2023\/12\/11\/1920xpx\/8QEoofg0C2O1R6JMTSUEkikQs55GL0w3pR2wRV5S.mhx4.jpg\" class=\"img article-author-block__avatar img-avatar\"\/><\/a>  <img decoding=\"async\" src=\"https:\/\/www.europesays.com\/pl\/wp-content\/uploads\/2026\/07\/RSwCgaF4LKZ6HgoqXvCyVg8yQpgQ3AN3iCZLALGH.kflg.jpg\" alt=\"\"  width=\"800\" height=\"450\" author=\"NATO\" fetchpriority=\"high\" class=\"img image-with-caption__image\"\/><br \/>\n        Autor. NATO<\/p>\n<p>Na konferencji prasowej po szczycie NATO w Ankarze sekretarz generalny Sojuszu Mark Rutte og\u0142osi\u0142 jedn\u0105 z najwa\u017cniejszych decyzji dla bezpiecze\u0144stwa wschodniej flanki. Sojusznicy zatwierdzili historyczn\u0105 inwestycj\u0119 o warto\u015bci 27 miliard\u00f3w euro w modernizacj\u0119 i rozbudow\u0119 wojskowego \u0142a\u0144cucha dostaw paliw.<\/p>\n<p class=\"paragraph-module\">\u015arodki przeznaczone zostan\u0105 na magazyny paliw, infrastruktur\u0119 dystrybucyjn\u0105 oraz nowe ruroci\u0105gi przesuwaj\u0105ce \u201epaliwowy krwiobieg\u201d NATO na wsch\u00f3d Europy. \u201eSojusznicy podejmuj\u0105 historyczny krok w celu usprawnienia \u0142a\u0144cucha dostaw paliwa NATO, aby zapewni\u0107 naszym si\u0142om zbrojnym dostawy energii niezb\u0119dne do utrzymania gotowo\u015bci bojowej\u201d \u2013 <a href=\"https:\/\/nato.int\/en\/news-and-events\/events\/transcripts\/2026\/07\/08\/press-conference-by-nato-secretary-general-mark-rutte-following-the-meeting-of-heads-of-state-and-government-at-the-2026-nato-summit-in-ankara\" rel=\"nofollow noopener\" target=\"_blank\">powiedzia\u0142 Mark Rutte<\/a>. \u2013 \u201eWiemy, \u017ce ta inwestycja o warto\u015bci 27 miliard\u00f3w euro zmodernizuje istniej\u0105c\u0105 infrastruktur\u0119 magazynowania i dystrybucji paliw oraz wesprze nowe obiekty, w tym ruroci\u0105gi, w kierunku wschodniej cz\u0119\u015bci Sojuszu\u201d.<\/p>\n<p class=\"paragraph-module\">Decyzja ma szczeg\u00f3lne znaczenie dla Polski. Jak podkre\u015bli\u0142 wiceminister obrony narodowej Cezary Tomczyk, nad projektowaniem polskiej infrastruktury pracuje Zak\u0142ad Inwestycji Organizacji Traktatu P\u00f3\u0142nocnoatlantyckiego (ZIOTP) w MON. Polska od wielu miesi\u0119cy aktywnie zabiega\u0142a o t\u0119 inwestycj\u0119.<\/p>\n<p lang=\"pl\" dir=\"ltr\">Na konferencji prasowej po szczycie NATO w Ankarze sekretarz generalny Mark Rutte og\u0142osi\u0142 jedn\u0105 z najwa\u017cniejszych decyzji dla wschodniej flanki.<\/p>\n<p>27 mld euro na wzmocnienie wojskowego \u0142a\u0144cucha dostaw paliw NATO: magazyny, infrastruktur\u0119 dystrybucyjn\u0105 i nowe ruroci\u0105gi w kierunku\u2026<\/p>\n<p>\u2014 Cezary Tomczyk (@CTomczyk) <a href=\"https:\/\/x.com\/CTomczyk\/status\/2074898928298836330?ref_src=twsrc%5Etfw\" rel=\"nofollow\">July 8, 2026<\/a>   <\/p>\n<p class=\"paragraph-module\">Prace nad przy\u0142\u0105czeniem Polski do natowskiego systemu ruroci\u0105g\u00f3w paliwowych CEPS (Central Europe Pipeline System) trwaj\u0105 od kilku lat. System ten, zbudowany jeszcze w czasach zimnej wojny, obecnie obejmuje g\u0142\u00f3wnie kraje Europy Zachodniej (Belgia, Francja, Niemcy, Luksemburg, Holandia).<\/p>\n<p class=\"paragraph-module\">W pa\u017adzierniku 2025 roku podpisano wst\u0119pne porozumienie mi\u0119dzy ZIOTP a polskim operatorem PERN S.A. dotycz\u0105ce integracji krajowej infrastruktury paliwowej z systemem NATO oraz budowy magazyn\u00f3w na potrzeby si\u0142 Sojuszu. Polska cz\u0119\u015b\u0107 inwestycji zak\u0142ada budow\u0119 oko\u0142o 300 kilometr\u00f3w nowych ruroci\u0105g\u00f3w \u2013 od granicy z Niemcami do bazy PERN pod Bydgoszcz\u0105. Szacunkowy koszt tej cz\u0119\u015bci to ok. 20 miliard\u00f3w z\u0142otych.<\/p>\n<p class=\"paragraph-module\">Przed szczytem w Ankarze minister obrony narodowej W\u0142adys\u0142aw Kosiniak-Kamysz otrzyma\u0142 silny mandat od pa\u0144stw Grupy Wyszehradzkiej oraz pa\u0144stw ba\u0142tyckich do aktywnego zabiegania o wsp\u00f3ln\u0105 infrastruktur\u0119 ruroci\u0105gow\u0105 Sojuszu \u2013 od zachodnich Niemiec przez Polsk\u0119 w kierunku pa\u0144stw ba\u0142tyckich.<\/p>\n","protected":false},"excerpt":{"rendered":"Autor. NATO Na konferencji prasowej po szczycie NATO w Ankarze sekretarz generalny Sojuszu Mark Rutte og\u0142osi\u0142 jedn\u0105 z&hellip;\n","protected":false},"author":2,"featured_media":543671,"comment_status":"","ping_status":"","sticky":false,"template":"","format":"standard","meta":{"footnotes":"","_share_on_mastodon":"0"},"categories":[12],"tags":[425,41745,160,42,38,40,39,41,107008,9952],"class_list":["post-543670","post","type-post","status-publish","format-standard","has-post-thumbnail","category-polska","tag-bezpieczenstwo","tag-mark-rutte","tag-nato","tag-pl","tag-poland","tag-polish","tag-polska","tag-polski","tag-rurociagi-nato","tag-wschodnia-flanka-nato"],"share_on_mastodon":{"url":"https:\/\/pubeurope.com\/@pl\/116885843153508957","error":""},"_links":{"self":[{"href":"https:\/\/www.europesays.com\/pl\/wp-json\/wp\/v2\/posts\/543670","targetHints":{"allow":["GET"]}}],"collection":[{"href":"https:\/\/www.europesays.com\/pl\/wp-json\/wp\/v2\/posts"}],"about":[{"href":"https:\/\/www.europesays.com\/pl\/wp-json\/wp\/v2\/types\/post"}],"author":[{"embeddable":true,"href":"https:\/\/www.europesays.com\/pl\/wp-json\/wp\/v2\/users\/2"}],"replies":[{"embeddable":true,"href":"https:\/\/www.europesays.com\/pl\/wp-json\/wp\/v2\/comments?post=543670"}],"version-history":[{"count":0,"href":"https:\/\/www.europesays.com\/pl\/wp-json\/wp\/v2\/posts\/543670\/revisions"}],"wp:featuredmedia":[{"embeddable":true,"href":"https:\/\/www.europesays.com\/pl\/wp-json\/wp\/v2\/media\/543671"}],"wp:attachment":[{"href":"https:\/\/www.europesays.com\/pl\/wp-json\/wp\/v2\/media?parent=543670"}],"wp:term":[{"taxonomy":"category","embeddable":true,"href":"https:\/\/www.europesays.com\/pl\/wp-json\/wp\/v2\/categories?post=543670"},{"taxonomy":"post_tag","embeddable":true,"href":"https:\/\/www.europesays.com\/pl\/wp-json\/wp\/v2\/tags?post=543670"}],"curies":[{"name":"wp","href":"https:\/\/api.w.org\/{rel}","templated":true}]}}