{"id":543686,"date":"2026-07-08T18:53:13","date_gmt":"2026-07-08T18:53:13","guid":{"rendered":"https:\/\/www.europesays.com\/pl\/543686\/"},"modified":"2026-07-08T18:53:13","modified_gmt":"2026-07-08T18:53:13","slug":"starcie-dziennikarza-z-szefem-nato-siedzisz-obok-trumpa-i-milczysz","status":"publish","type":"post","link":"https:\/\/www.europesays.com\/pl\/543686\/","title":{"rendered":"Starcie dziennikarza z szefem NATO. &#8222;Siedzisz obok Trumpa i milczysz&#8221;"},"content":{"rendered":"<p>Svaneborg wypomnia\u0142 Ruttemu, \u017ce siedzia\u0142 obok Trumpa, gdy prezydent USA m\u00f3wi\u0142 o zaj\u0119ciu Grenlandii i krytykowa\u0142 sojusznik\u00f3w, w\u015br\u00f3d nich Hiszpani\u0119. Nast\u0119pnie stwierdzi\u0142, \u017ce &#8222;stary Mark Rutte&#8221; nie zgadza\u0142by si\u0119 z takimi pogl\u0105dami.<\/p>\n<p>\u2014 Czy to, \u017ce siedzi pan obok niego i nic nie m\u00f3wi, ma jaki\u015b wp\u0142yw na szacunek do samego siebie? \u2014 zapyta\u0142 reporter.<\/p>\n<p>Sekretarz generalny NATO nie wszed\u0142 jednak w polemik\u0119. Zamiast tego rozpocz\u0105\u0142 obron\u0119 Donalda Trumpa, argumentuj\u0105c, \u017ce ameryka\u0144ski prezydent odgrywa wa\u017cn\u0105 rol\u0119 we wzmacnianiu Sojuszu: doprowadzi\u0142 do zwi\u0119kszenia wydatk\u00f3w obronnych pa\u0144stw europejskich.<\/p>\n<p>Szef NATO stwierdzi\u0142, \u017ce Europa dzi\u0119ki prezydentowi USA sta\u0142a si\u0119 silniejsza i bardziej warto\u015bciowa dla Waszyngtonu jako partner.<\/p>\n<p>Odnosz\u0105c si\u0119 do kwestii Grenlandii, Rutte przypomnia\u0142 swoje wcze\u015bniejsze rozmowy z Trumpem. Podkre\u015bli\u0142, \u017ce zgadza si\u0119 z ocen\u0105 zagro\u017ce\u0144 zwi\u0105zanych z rosn\u0105c\u0105 aktywno\u015bci\u0105 Rosji i Chin w Arktyce, ale uwa\u017ca, \u017ce odpowiedzi\u0105 powinny by\u0107 wsp\u00f3lne dzia\u0142ania pa\u0144stw NATO.<\/p>\n<p>Dania z trudem znosi postaw\u0119 Ruttego<\/p>\n<p>&#8222;Mo\u017ce si\u0119 to wydawa\u0107 dziwne. Ale jest to wyraz niezwykle delikatnej sztuki r\u00f3wnowagi, kt\u00f3r\u0105 musi zachowa\u0107 holenderski przyw\u00f3dca sojuszu obronnego&#8221; \u2014 tak zachowanie Marka Ruttego w drodze na szczyt NATO komentowa\u0142 du\u0144ski minister spraw zagranicznych Lars Lokke Rasmussen.<\/p>\n<p>Pytany, czy Mark Rutte jest zbyt uleg\u0142y, stwierdzi\u0142: \u2014 Ma bardzo wa\u017cne zadanie w bardzo trudnych czasach.<\/p>\n<p> &#8222;Ryk&#8221; NATO przeciwko Rosji. Rutte wzywa do rewolucji   <img class=\"ods-a-photo ods-a-photo--background\" src=\"https:\/\/www.europesays.com\/pl\/wp-content\/uploads\/2026\/07\/hZGk9lGaHR0cHM6Ly9vY2RuLmV1L3B1bHNjbXMvTURBXy8xMjJhYWYzNi1jZTA2LTQxM2QtYTU1ZS0zZTE3MTBmNGNhYTQuanBlZ.jpeg\" height=\"321\" width=\"450\" alt=\"epa13098148 - TURKEY NATO (World leaders meet in Ankara for the NATO Summit)\" loading=\"lazy\" fetchpriority=\"low\" decoding=\"async\"\/>  <\/p>\n","protected":false},"excerpt":{"rendered":"Svaneborg wypomnia\u0142 Ruttemu, \u017ce siedzia\u0142 obok Trumpa, gdy prezydent USA m\u00f3wi\u0142 o zaj\u0119ciu Grenlandii i krytykowa\u0142 sojusznik\u00f3w, w\u015br\u00f3d&hellip;\n","protected":false},"author":2,"featured_media":543687,"comment_status":"","ping_status":"","sticky":false,"template":"","format":"standard","meta":{"footnotes":"","_share_on_mastodon":"0"},"categories":[14],"tags":[61195,32,33,44,9796,27,34,35,13445,28,31,48,160,25,46,40,41,47,80,29,30,26,82,83,84],"class_list":["post-543686","post","type-post","status-publish","format-standard","has-post-thumbnail","category-swiat","tag-bottomfeed_styl","tag-breaking-news","tag-breakingnews","tag-donald_trump","tag-grenlandia","tag-headlines","tag-latest-news","tag-latestnews","tag-mark_rutte","tag-naglowki","tag-najwazniejsze-artykuly","tag-nat_styl","tag-nato","tag-news","tag-omp","tag-polish","tag-polski","tag-screening_general","tag-swiat","tag-top-stories","tag-topstories","tag-wiadomosci","tag-world","tag-world-news","tag-worldnews"],"share_on_mastodon":{"url":"https:\/\/pubeurope.com\/@pl\/116885875289716377","error":""},"_links":{"self":[{"href":"https:\/\/www.europesays.com\/pl\/wp-json\/wp\/v2\/posts\/543686","targetHints":{"allow":["GET"]}}],"collection":[{"href":"https:\/\/www.europesays.com\/pl\/wp-json\/wp\/v2\/posts"}],"about":[{"href":"https:\/\/www.europesays.com\/pl\/wp-json\/wp\/v2\/types\/post"}],"author":[{"embeddable":true,"href":"https:\/\/www.europesays.com\/pl\/wp-json\/wp\/v2\/users\/2"}],"replies":[{"embeddable":true,"href":"https:\/\/www.europesays.com\/pl\/wp-json\/wp\/v2\/comments?post=543686"}],"version-history":[{"count":0,"href":"https:\/\/www.europesays.com\/pl\/wp-json\/wp\/v2\/posts\/543686\/revisions"}],"wp:featuredmedia":[{"embeddable":true,"href":"https:\/\/www.europesays.com\/pl\/wp-json\/wp\/v2\/media\/543687"}],"wp:attachment":[{"href":"https:\/\/www.europesays.com\/pl\/wp-json\/wp\/v2\/media?parent=543686"}],"wp:term":[{"taxonomy":"category","embeddable":true,"href":"https:\/\/www.europesays.com\/pl\/wp-json\/wp\/v2\/categories?post=543686"},{"taxonomy":"post_tag","embeddable":true,"href":"https:\/\/www.europesays.com\/pl\/wp-json\/wp\/v2\/tags?post=543686"}],"curies":[{"name":"wp","href":"https:\/\/api.w.org\/{rel}","templated":true}]}}