{"id":543749,"date":"2026-07-08T19:33:21","date_gmt":"2026-07-08T19:33:21","guid":{"rendered":"https:\/\/www.europesays.com\/pl\/543749\/"},"modified":"2026-07-08T19:33:21","modified_gmt":"2026-07-08T19:33:21","slug":"piesza-potracona-przez-trolejbus-na-ul-jana-pawla-ii-duze-utrudnienia-w-ruchu-poszkodowana-w-powaznym-stanie","status":"publish","type":"post","link":"https:\/\/www.europesays.com\/pl\/543749\/","title":{"rendered":"Piesza potr\u0105cona przez trolejbus na ul. Jana Paw\u0142a II. Du\u017ce utrudnienia w ruchu, poszkodowana w powa\u017cnym stanie"},"content":{"rendered":"<p>Do wypadku dosz\u0142o w \u015brod\u0119, 8 lipca, na ul. Jana Paw\u0142a II w Lublinie. Oko\u0142o godziny 16:30, przy skrzy\u017cowaniu z ul. Granitow\u0105, piesza zosta\u0142a potr\u0105cona przez pojazd komunikacji miejskiej. Na miejscu interweniowa\u0142y zespo\u0142y ratownictwa medycznego oraz policja.<\/p>\n<p>Ze wst\u0119pnych ustale\u0144 wynika, \u017ce kieruj\u0105cy trolejbusem m\u0119\u017cczyzna wyje\u017cd\u017ca\u0142 z ul. Granitowej i wykonywa\u0142 manewr skr\u0119tu w lewo, w kierunku al. Kra\u015bnickiej. Po chwili potr\u0105ci\u0142 m\u0142od\u0105 kobiet\u0119, kt\u00f3ra przechodzi\u0142a na drug\u0105 stron\u0119 ulicy po przej\u015bciu dla pieszych. Poszkodowana z powa\u017cnymi obra\u017ceniami cia\u0142a zosta\u0142a przetransportowana do szpitala.<\/p>\n<p>Obecnie funkcjonariusze drog\u00f3wki prowadz\u0105 czynno\u015bci wyja\u015bniaj\u0105ce. Ustalane s\u0105 dok\u0142adne okoliczno\u015bci zdarzenia, a tak\u017ce przyczyny, z powodu kt\u00f3rych kierowca trolejbusu nie zauwa\u017cy\u0142 pieszej. W rejonie wypadku wyst\u0119puj\u0105 bardzo du\u017ce utrudnienia w ruchu. Jeden pas jezdni w kierunku al. Kra\u015bnickiej jest ca\u0142kowicie zablokowany, a na miejscu utworzy\u0142y si\u0119 du\u017ce korki.<\/p>\n<p>    Galeria zdj\u0119\u0107<\/p>\n<p>                                    <img decoding=\"async\" class=\"gallery-item\" src=\"https:\/\/www.europesays.com\/pl\/wp-content\/uploads\/2026\/07\/medium-40885db3-c352-41e1f-9dbb-26f82dac93e4.jpg\" loading=\"lazy\" width=\"2048\" height=\"1536\"\/><\/p>\n<p>            Zdj\u0119cie 1 z 8<\/p>\n<p>                                    <img decoding=\"async\" class=\"gallery-item\" src=\"https:\/\/www.europesays.com\/pl\/wp-content\/uploads\/2026\/07\/medium-c31e2bd9-0c6c-4607-bb04-5b1902513d8b.jpg\" loading=\"lazy\" width=\"2048\" height=\"1536\"\/><\/p>\n<p>            Zdj\u0119cie 2 z 8<\/p>\n<p>                                    <img decoding=\"async\" class=\"gallery-item\" src=\"https:\/\/www.europesays.com\/pl\/wp-content\/uploads\/2026\/07\/medium-c2e3616d-2047-4beb-8de8-0d531419bbed.jpg\" loading=\"lazy\" width=\"2048\" height=\"1536\"\/><\/p>\n<p>            Zdj\u0119cie 3 z 8<\/p>\n<p>                                    <img decoding=\"async\" class=\"gallery-item\" src=\"https:\/\/www.europesays.com\/pl\/wp-content\/uploads\/2026\/07\/medium-f31c5850-1002-47d0-b53d-6ca654f915a5.jpg\" loading=\"lazy\" width=\"1600\" height=\"1200\"\/><\/p>\n<p>            Zdj\u0119cie 4 z 8<\/p>\n<p>                                    <img decoding=\"async\" class=\"gallery-item\" src=\"https:\/\/www.europesays.com\/pl\/wp-content\/uploads\/2026\/07\/medium-14696843-c194-4dba-b367-8925659d4f39.jpg\" loading=\"lazy\" width=\"2048\" height=\"1536\"\/><\/p>\n<p>            Zdj\u0119cie 5 z 8<\/p>\n","protected":false},"excerpt":{"rendered":"Do wypadku dosz\u0142o w \u015brod\u0119, 8 lipca, na ul. Jana Paw\u0142a II w Lublinie. Oko\u0142o godziny 16:30, przy&hellip;\n","protected":false},"author":2,"featured_media":543750,"comment_status":"","ping_status":"","sticky":false,"template":"","format":"standard","meta":{"footnotes":"","_share_on_mastodon":"0"},"categories":[51612],"tags":[1051,1081,42,38,414,40,39,41,82164,7170,107077,59340,19273,2588],"class_list":["post-543749","post","type-post","status-publish","format-standard","has-post-thumbnail","category-lublin","tag-komunikacja-miejska","tag-lublin","tag-pl","tag-poland","tag-policja","tag-polish","tag-polska","tag-polski","tag-potracenie-pieszej","tag-trolejbus","tag-ul-granitowa","tag-ul-jana-pawla-ii","tag-utrudnienia-w-ruchu","tag-wypadek"],"share_on_mastodon":{"url":"https:\/\/pubeurope.com\/@pl\/116886032432506705","error":""},"_links":{"self":[{"href":"https:\/\/www.europesays.com\/pl\/wp-json\/wp\/v2\/posts\/543749","targetHints":{"allow":["GET"]}}],"collection":[{"href":"https:\/\/www.europesays.com\/pl\/wp-json\/wp\/v2\/posts"}],"about":[{"href":"https:\/\/www.europesays.com\/pl\/wp-json\/wp\/v2\/types\/post"}],"author":[{"embeddable":true,"href":"https:\/\/www.europesays.com\/pl\/wp-json\/wp\/v2\/users\/2"}],"replies":[{"embeddable":true,"href":"https:\/\/www.europesays.com\/pl\/wp-json\/wp\/v2\/comments?post=543749"}],"version-history":[{"count":0,"href":"https:\/\/www.europesays.com\/pl\/wp-json\/wp\/v2\/posts\/543749\/revisions"}],"wp:featuredmedia":[{"embeddable":true,"href":"https:\/\/www.europesays.com\/pl\/wp-json\/wp\/v2\/media\/543750"}],"wp:attachment":[{"href":"https:\/\/www.europesays.com\/pl\/wp-json\/wp\/v2\/media?parent=543749"}],"wp:term":[{"taxonomy":"category","embeddable":true,"href":"https:\/\/www.europesays.com\/pl\/wp-json\/wp\/v2\/categories?post=543749"},{"taxonomy":"post_tag","embeddable":true,"href":"https:\/\/www.europesays.com\/pl\/wp-json\/wp\/v2\/tags?post=543749"}],"curies":[{"name":"wp","href":"https:\/\/api.w.org\/{rel}","templated":true}]}}