{"id":543816,"date":"2026-07-08T20:12:12","date_gmt":"2026-07-08T20:12:12","guid":{"rendered":"https:\/\/www.europesays.com\/pl\/543816\/"},"modified":"2026-07-08T20:12:12","modified_gmt":"2026-07-08T20:12:12","slug":"media-portugalia-juz-wybrala-to-bedzie-nowy-selekcjoner-po-ms-2026","status":"publish","type":"post","link":"https:\/\/www.europesays.com\/pl\/543816\/","title":{"rendered":"Media: Portugalia ju\u017c wybra\u0142a. To b\u0119dzie nowy selekcjoner po M\u015a 2026"},"content":{"rendered":"<p>Po pora\u017cce z Hiszpani\u0105 Portugalczycy po\u017cegnali si\u0119 z mundialem 2026 na etapie 1\/8 fina\u0142u. W\u00f3wczas jasne sta\u0142o si\u0119 r\u00f3wnie\u017c, \u017ce z posad\u0105 selekcjonera po\u017cegna si\u0119 Roberto Martinez, o czym mowa by\u0142a ju\u017c wcze\u015bniej. Tamtejszy zwi\u0105zek nie zwleka\u0142 d\u0142ugo i jak informuje Fabrizio Romano, dokona\u0142 ju\u017c wyboru nowego trenera kadry.<\/p>\n<p> Dalszy ci\u0105g artyku\u0142u pod materia\u0142em wideo  <\/p>\n<p>A ma by\u0107 nim niezwykle do\u015bwiadczony Jorge Jesus. &#8222;Jorge Jesus nowym selekcjonerem Portugalii, here we go! Przyj\u0105\u0142 ofert\u0119 przej\u0119cia roli po Roberto Martinezie. Jorge Jesus przygotuje dru\u017cyn\u0119 do Ligi Narod\u00f3w, Euro 2028 i kolejnego mundialu&#8221; \u2014 czytamy w najnowszym wpisie w serwisie X.<\/p>\n<p>&#8222;W tym sezonie zdoby\u0142 tytu\u0142 Saudi Pro League z Al-Nassr u boku Cristiano&#8221; \u2014 dodaje znany dziennikarz. I w\u0142a\u015bnie to mo\u017ce mie\u0107 kolosalne znaczenie w kontek\u015bcie przysz\u0142o\u015bci Ronaldo w reprezentacji. Wed\u0142ug medialnych doniesie\u0144 <a href=\"https:\/\/przegladsportowy.onet.pl\/pilka-nozna\/media-cristiano-ronaldo-mysli-o-kolejnym-wielkim-turnieju\/0yj3811\" id=\"9932e94b-f998-47a7-b9d9-0a17ccfcd5f5\" rel=\"nofollow noopener\" target=\"_blank\">Portugalczyk chce kontynuowa\u0107 gr\u0119 i obra\u0142 za cel Euro 2028<\/a>.<\/p>\n<p>Je\u015bli Jesus zostanie nowym trenerem Portugalii, a wszystko na to wskazuje, mo\u017ce to by\u0107 dodatkowy czynnik, kt\u00f3ry spowoduje, \u017ce Ronaldo b\u0119dzie dalej reprezentowa\u0142 narodowe barwy. Panowie znaj\u0105 si\u0119 z Al-Nassr i niewykluczone, \u017ce nowy selekcjoner nadal b\u0119dzie chcia\u0142 mie\u0107 do dyspozycji 41-latka.<\/p>\n","protected":false},"excerpt":{"rendered":"Po pora\u017cce z Hiszpani\u0105 Portugalczycy po\u017cegnali si\u0119 z mundialem 2026 na etapie 1\/8 fina\u0142u. W\u00f3wczas jasne sta\u0142o si\u0119&hellip;\n","protected":false},"author":2,"featured_media":543817,"comment_status":"","ping_status":"","sticky":false,"template":"","format":"standard","meta":{"footnotes":"","_share_on_mastodon":"0"},"categories":[24],"tags":[61195,3286,23389,107088,1526,7409,11781,48,46,948,42,38,40,39,41,988,47,127,126,130],"class_list":["post-543816","post","type-post","status-publish","format-standard","has-post-thumbnail","category-sport","tag-bottomfeed_styl","tag-cristiano_ronaldo","tag-fabrizio_romano","tag-jorge_jesus","tag-mistrzostwa_swiata","tag-mistrzostwa_swiata_2026","tag-mundial_2026","tag-nat_styl","tag-omp","tag-pilka_nozna","tag-pl","tag-poland","tag-polish","tag-polska","tag-polski","tag-portugalia","tag-screening_general","tag-sport","tag-sports","tag-wiadomosci_sportowe"],"share_on_mastodon":{"url":"https:\/\/pubeurope.com\/@pl\/116886185266099584","error":""},"_links":{"self":[{"href":"https:\/\/www.europesays.com\/pl\/wp-json\/wp\/v2\/posts\/543816","targetHints":{"allow":["GET"]}}],"collection":[{"href":"https:\/\/www.europesays.com\/pl\/wp-json\/wp\/v2\/posts"}],"about":[{"href":"https:\/\/www.europesays.com\/pl\/wp-json\/wp\/v2\/types\/post"}],"author":[{"embeddable":true,"href":"https:\/\/www.europesays.com\/pl\/wp-json\/wp\/v2\/users\/2"}],"replies":[{"embeddable":true,"href":"https:\/\/www.europesays.com\/pl\/wp-json\/wp\/v2\/comments?post=543816"}],"version-history":[{"count":0,"href":"https:\/\/www.europesays.com\/pl\/wp-json\/wp\/v2\/posts\/543816\/revisions"}],"wp:featuredmedia":[{"embeddable":true,"href":"https:\/\/www.europesays.com\/pl\/wp-json\/wp\/v2\/media\/543817"}],"wp:attachment":[{"href":"https:\/\/www.europesays.com\/pl\/wp-json\/wp\/v2\/media?parent=543816"}],"wp:term":[{"taxonomy":"category","embeddable":true,"href":"https:\/\/www.europesays.com\/pl\/wp-json\/wp\/v2\/categories?post=543816"},{"taxonomy":"post_tag","embeddable":true,"href":"https:\/\/www.europesays.com\/pl\/wp-json\/wp\/v2\/tags?post=543816"}],"curies":[{"name":"wp","href":"https:\/\/api.w.org\/{rel}","templated":true}]}}