{"id":543890,"date":"2026-07-08T21:04:22","date_gmt":"2026-07-08T21:04:22","guid":{"rendered":"https:\/\/www.europesays.com\/pl\/543890\/"},"modified":"2026-07-08T21:04:22","modified_gmt":"2026-07-08T21:04:22","slug":"mistrz-pucharu-europy-zagra-ze-slaskiem-wroclaw","status":"publish","type":"post","link":"https:\/\/www.europesays.com\/pl\/543890\/","title":{"rendered":"Mistrz Pucharu Europy zagra ze \u015al\u0105skiem Wroc\u0142aw"},"content":{"rendered":"<p>\u015al\u0105sk Wroc\u0142aw w nowym sezonie zn\u00f3w zagra na dw\u00f3ch frontach.<\/p>\n<p>Fot. wks-slask.eu mat. prasowe<\/p>\n<p>Koszykarze \u015al\u0105ska, kt\u00f3rzy drugi raz z rz\u0119du i pi\u0105ty w historii wyst\u0105pi\u0105 w Pucharze Europy, czyli na zapleczu Euroligi, w powi\u0119kszonych do 32 zespo\u0142\u00f3w rozgrywkach sezonu 2026\/27 wyst\u0119powa\u0107 b\u0119d\u0105 w grupie C. Klub z Wroc\u0142awia jest jedynym przedstawicielem polskiej ekstraklasy. Losowanie grup odby\u0142o si\u0119 w \u015brod\u0119 w Barcelonie.<\/p>\n<p style=\"text-align: justify;\">Obok \u015al\u0105ska w grupie C znalaz\u0142y si\u0119 broni\u0105cy tytu\u0142u zesp\u00f3\u0142 Cosea JL Bourg-en-Bresse (Francja), Tofas Bursa (Turcja), Buducnost VOLI Podgorica (Czarnog\u00f3ra), Dolomiti Energia Trydent, Napoli Basketball (oba W\u0142ochy), Neptunas K\u0142ajpeda (Litwa) i Niners Chemnitz (Niemcy).<\/p>\n<p style=\"text-align: justify;\">Wroc\u0142awianie s\u0105 jednym z dziewi\u0119ciu zespo\u0142\u00f3w z roczn\u0105 licencj\u0105, m.in. obok niemieckiego Rostock Seawolves, w kt\u00f3rym od dw\u00f3ch lat szkoleniowcem jest Przemys\u0142aw Frasunkiewicz.<\/p>\n<p style=\"text-align: justify;\">22 kluby otrzyma\u0142y pi\u0119cioletni\u0105 licencj\u0119, a jednym z nich jest Aris Saloniki prowadzony przez trenera reprezentacji Polski Igora Milicicia. Wyst\u0105pi\u0105 dru\u017cyny z 16 kraj\u00f3w, a najwi\u0119cej przedstawicieli &#8211; sze\u015bciu b\u0119d\u0105 mia\u0142y W\u0142ochy.<\/p>\n<p style=\"text-align: justify;\">Zagraj\u0105 tak\u017ce kluby, kt\u00f3rych zawodnikami s\u0105 reprezentanci Polski: Bahcesehir Stambu\u0142 Mateusza Ponitki, Baglietto Derthona Tortona Dominika Olejniczaka, Turk Telekom Ankara Jerricka Hardinga, Kids&amp;Us Manresa \u0141ukasza Kolendy, a tak\u017ce Ratiopharm Ulm z Teo Miliciciem, najm\u0142odszym synem szkoleniowca bia\u0142o-czerwonych.<\/p>\n<p style=\"text-align: justify;\">Rozgrywki zosta\u0142y poszerzone z 20 do 32 zespo\u0142\u00f3w, kt\u00f3re podzielone zosta\u0142y na cztery o\u015bmiozespo\u0142owe grupy. Do drugiego etapu awans wywalczy 16 dru\u017cyn. Od tego momentu rywalizacja odbywa\u0107 si\u0119 b\u0119dzie systemem play off &#8211; w 1\/8, 1\/4 i 1\/2 fina\u0142u do wy\u0142onienia finalist\u00f3w. Wszystkie rundy, w\u0142\u0105cznie z fina\u0142em, rozgrywane b\u0119d\u0105 do dw\u00f3ch zwyci\u0119stw.<\/p>\n<p style=\"text-align: justify;\">Sezon rozpocznie si\u0119 29 wrze\u015bnia.<\/p>\n<p style=\"text-align: justify;\">\u015al\u0105sk w poprzednich rozgrywkach PE wygra\u0142 pi\u0119\u0107 z 18 mecz\u00f3w w grupie A, ale zaj\u0105\u0142 przedostatnie miejsce. Po raz pierwszy w historii trofeum zdobyli koszykarze Cosea JL Bourg-en-Bresse. W finale dwukrotnie pokonali Besiktas Stambu\u0142. Francuski klub wywalczy\u0142 tym samym prawo startu w Eurolidze w nast\u0119pnym sezonie, ale jego w\u0142adze postanowi\u0142y pozosta\u0107 w PE.<\/p>\n<p style=\"text-align: justify;\">Grupy Pucharu Europy koszykarzy w sezonie 2026\/27:<\/p>\n<p style=\"text-align: justify;\">A: Le Mans Sarthe Basket (Francja), Hapoel Midtown Jerozolima (Izrael), Recoletas Salud San Pablo Burgos (Hiszpania), Cedevita Olimpija Lublana (S\u0142owenia), Baglietto Derthona Tortona (W\u0142ochy), Aris Betsson Saloniki (Grecja), Rostock Seawolves (Niemcy), Riga Zelli (\u0141otwa).<\/p>\n<p style=\"text-align: justify;\">B: Turk Telekom Ankara (Turcja), U-BT Klu\u017c-Napoka (Rumunia), La Laguna Teneryfa (Hiszpania), Umana Reyer Wenecja, Maxima Rzym (oba W\u0142ochy), Siauliai Basketball (Litwa), London Lions (Anglia), Skyliners Frankfurt (Niemcy).<\/p>\n<p style=\"text-align: justify;\">C: Cosea JL Bourg-en-Bresse (Francja), Tofas Bursa (Turcja), Buducnost VOLI Podgorica (Czarnog\u00f3ra), Dolomiti Energia Trydent, Napoli Basketball (oba W\u0142ochy), Neptunas K\u0142ajpeda (Litwa), Niners Chemnitz (Niemcy), \u015al\u0105sk Wroc\u0142aw.<\/p>\n<p style=\"text-align: justify;\">D: AS Monaco (Francja), Bahcesehir College Stambu\u0142 (Turcja), Kids&amp;Us Manresa (Hiszpania), Ratiopharm Ulm (Niemcy), Roma Basketball (W\u0142ochy), Lietkabelis Poniewie\u017c (Litwa), PAOK Saloniki (Grecja), Ba\u0142kan Botewgrad (Bu\u0142garia).<\/p>\n","protected":false},"excerpt":{"rendered":"\u015al\u0105sk Wroc\u0142aw w nowym sezonie zn\u00f3w zagra na dw\u00f3ch frontach. Fot. wks-slask.eu mat. prasowe Koszykarze \u015al\u0105ska, kt\u00f3rzy drugi&hellip;\n","protected":false},"author":2,"featured_media":543891,"comment_status":"","ping_status":"","sticky":false,"template":"","format":"standard","meta":{"footnotes":"","_share_on_mastodon":"0"},"categories":[51607],"tags":[52010,34659,42,38,40,39,41,82079,100538,1853,53098,56592],"class_list":["post-543890","post","type-post","status-publish","format-standard","has-post-thumbnail","category-wroclaw","tag-europy","tag-mistrz","tag-pl","tag-poland","tag-polish","tag-polska","tag-polski","tag-pucharu","tag-slaskiem","tag-wroclaw","tag-zagra","tag-ze"],"share_on_mastodon":{"url":"https:\/\/pubeurope.com\/@pl\/116886389880985382","error":""},"_links":{"self":[{"href":"https:\/\/www.europesays.com\/pl\/wp-json\/wp\/v2\/posts\/543890","targetHints":{"allow":["GET"]}}],"collection":[{"href":"https:\/\/www.europesays.com\/pl\/wp-json\/wp\/v2\/posts"}],"about":[{"href":"https:\/\/www.europesays.com\/pl\/wp-json\/wp\/v2\/types\/post"}],"author":[{"embeddable":true,"href":"https:\/\/www.europesays.com\/pl\/wp-json\/wp\/v2\/users\/2"}],"replies":[{"embeddable":true,"href":"https:\/\/www.europesays.com\/pl\/wp-json\/wp\/v2\/comments?post=543890"}],"version-history":[{"count":0,"href":"https:\/\/www.europesays.com\/pl\/wp-json\/wp\/v2\/posts\/543890\/revisions"}],"wp:featuredmedia":[{"embeddable":true,"href":"https:\/\/www.europesays.com\/pl\/wp-json\/wp\/v2\/media\/543891"}],"wp:attachment":[{"href":"https:\/\/www.europesays.com\/pl\/wp-json\/wp\/v2\/media?parent=543890"}],"wp:term":[{"taxonomy":"category","embeddable":true,"href":"https:\/\/www.europesays.com\/pl\/wp-json\/wp\/v2\/categories?post=543890"},{"taxonomy":"post_tag","embeddable":true,"href":"https:\/\/www.europesays.com\/pl\/wp-json\/wp\/v2\/tags?post=543890"}],"curies":[{"name":"wp","href":"https:\/\/api.w.org\/{rel}","templated":true}]}}