{"id":544115,"date":"2026-07-08T23:52:28","date_gmt":"2026-07-08T23:52:28","guid":{"rendered":"https:\/\/www.europesays.com\/pl\/544115\/"},"modified":"2026-07-08T23:52:28","modified_gmt":"2026-07-08T23:52:28","slug":"panattoni-oddal-do-uzytku-pierwsza-hale-w-ramach-panattoni-park-szczecin-vii-inwestycje-pl","status":"publish","type":"post","link":"https:\/\/www.europesays.com\/pl\/544115\/","title":{"rendered":"Panattoni odda\u0142 do u\u017cytku pierwsz\u0105 hal\u0119 w ramach Panattoni Park Szczecin VII \u2013 Inwestycje.pl"},"content":{"rendered":"<p class=\"has-medium-font-size\">Panattoni zako\u0144czy\u0142\u00a0budow\u0119 i odda\u0142 do u\u017cytku hal\u0119 w ramach Panattoni Park Szczecin VII, poda\u0142a sp\u00f3\u0142ka. Nowy obiekt ma powierzchni\u0119 25 tys. m2, a g\u0142\u00f3wnymi najemcami budynku s\u0105 dwaj wiod\u0105cy operatorzy logistyczni.<\/p>\n<p>\u201eZako\u0144czenie realizacji Panattoni Park Szczecin VII to kolejny krok w umacnianiu naszej pozycji w wojew\u00f3dztwie zachodniopomorskim, kt\u00f3re pozostaje jednym z wiod\u0105cych rynk\u00f3w logistycznych w Polsce. Region skutecznie wykorzystuje swoje atuty \u2013\u00a0strategiczne po\u0142o\u017cenie przy granicy z Niemcami, dost\u0119p do infrastruktury portowej oraz rozwini\u0119t\u0105 sie\u0107 dr\u00f3g ekspresowych. Cieszy nas, \u017ce inwestycja ju\u017c teraz przyci\u0105gn\u0119\u0142a czo\u0142owych, mi\u0119dzynarodowych operator\u00f3w transportowych, kt\u00f3rzy dostrzegaj\u0105 znaczenie Szczecina jako wa\u017cnego punktu na logistycznej mapie Europy\u201d \u2013 powiedzia\u0142a Managing Director w Panattoni\u00a0Dorota Jagodzi\u0144ska-Sasson, cytowana w komunikacie.<\/p>\n<p>Panattoni Park Szczecin VII zlokalizowany jest w prawobrze\u017cnej cz\u0119\u015bci aglomeracji Szczecina (Za\u0142om), z bezpo\u015brednim dost\u0119pem do drogi ekspresowej S3 oraz autostrady A6.\u00a0<\/p>\n<p>Panattoni\u00a0jest jednym z najwi\u0119kszych na \u015bwiecie prywatnych deweloper\u00f3w nieruchomo\u015bci przemys\u0142owych i od momentu rozpocz\u0119cia dzia\u0142alno\u015bci w 2005 r. jest liderem w Europie.<\/p>\n<p>\u0179r\u00f3d\u0142o: ISBnews<\/p>\n","protected":false},"excerpt":{"rendered":"Panattoni zako\u0144czy\u0142\u00a0budow\u0119 i odda\u0142 do u\u017cytku hal\u0119 w ramach Panattoni Park Szczecin VII, poda\u0142a sp\u00f3\u0142ka. Nowy obiekt ma&hellip;\n","protected":false},"author":2,"featured_media":544116,"comment_status":"","ping_status":"","sticky":false,"template":"","format":"standard","meta":{"footnotes":"","_share_on_mastodon":"0"},"categories":[51611],"tags":[46372,42,38,40,39,41,2307],"class_list":["post-544115","post","type-post","status-publish","format-standard","has-post-thumbnail","category-szczecin","tag-panattoni","tag-pl","tag-poland","tag-polish","tag-polska","tag-polski","tag-szczecin"],"share_on_mastodon":{"url":"https:\/\/pubeurope.com\/@pl\/116887050647534746","error":""},"_links":{"self":[{"href":"https:\/\/www.europesays.com\/pl\/wp-json\/wp\/v2\/posts\/544115","targetHints":{"allow":["GET"]}}],"collection":[{"href":"https:\/\/www.europesays.com\/pl\/wp-json\/wp\/v2\/posts"}],"about":[{"href":"https:\/\/www.europesays.com\/pl\/wp-json\/wp\/v2\/types\/post"}],"author":[{"embeddable":true,"href":"https:\/\/www.europesays.com\/pl\/wp-json\/wp\/v2\/users\/2"}],"replies":[{"embeddable":true,"href":"https:\/\/www.europesays.com\/pl\/wp-json\/wp\/v2\/comments?post=544115"}],"version-history":[{"count":0,"href":"https:\/\/www.europesays.com\/pl\/wp-json\/wp\/v2\/posts\/544115\/revisions"}],"wp:featuredmedia":[{"embeddable":true,"href":"https:\/\/www.europesays.com\/pl\/wp-json\/wp\/v2\/media\/544116"}],"wp:attachment":[{"href":"https:\/\/www.europesays.com\/pl\/wp-json\/wp\/v2\/media?parent=544115"}],"wp:term":[{"taxonomy":"category","embeddable":true,"href":"https:\/\/www.europesays.com\/pl\/wp-json\/wp\/v2\/categories?post=544115"},{"taxonomy":"post_tag","embeddable":true,"href":"https:\/\/www.europesays.com\/pl\/wp-json\/wp\/v2\/tags?post=544115"}],"curies":[{"name":"wp","href":"https:\/\/api.w.org\/{rel}","templated":true}]}}