{"id":54422,"date":"2025-10-17T18:33:09","date_gmt":"2025-10-17T18:33:09","guid":{"rendered":"https:\/\/www.europesays.com\/pl\/54422\/"},"modified":"2025-10-17T18:33:09","modified_gmt":"2025-10-17T18:33:09","slug":"premier-morawiecki-i-tajemnice-rars-w-nowej-ksiazce","status":"publish","type":"post","link":"https:\/\/www.europesays.com\/pl\/54422\/","title":{"rendered":"premier Morawiecki i tajemnice RARS w nowej ksi\u0105\u017cce"},"content":{"rendered":"<p class=\"ods-c-paragraph \">Ot\u00f3\u017c okazuje si\u0119, \u017ce pan premier Mateusz Morawiecki jest osob\u0105 fascynuj\u0105c\u0105. Jest politykiem, o kt\u00f3rym powinny powsta\u0107 biografie, jedna za drug\u0105. Wskazany by\u0142by r\u00f3wnie\u017c jaki\u015b film dokumentalny, a nad t\u0105 niezwyk\u0142\u0105 postaci\u0105 by\u0107 mo\u017ce powinien si\u0119 pochyli\u0107 np. Wojciech Smarzowski.<\/p>\n<p> Co odkryto o premierze Morawieckim w ksi\u0105\u017cce? <\/p>\n<p> Jakie s\u0105 wnioski p\u0142yn\u0105ce z ksi\u0105\u017cki Jacka Har\u0142ukowicza? <\/p>\n<p> Czym zajmowa\u0142a si\u0119 Rz\u0105dowa Agencja Rezerw Strategicznych? <\/p>\n<p> Jakie konsekwencje mog\u0105 wynikn\u0105\u0107 z afery SARS? <\/p>\n<p class=\"ods-c-paragraph \">Nie \u017cartuj\u0119 (no, przynajmniej niezupe\u0142nie). Pan premier jawi\u0142 mi si\u0119 bowiem dot\u0105d jako posta\u0107 niezbyt charyzmatyczna, taka, kt\u00f3ra raczej t\u0142um\u00f3w za sob\u0105 nie poci\u0105gnie. Nie mia\u0142em poj\u0119cia, jak bardzo si\u0119 myli\u0142em. Pan premier okaza\u0142 si\u0119 osob\u0105 tak charyzmatyczn\u0105 i tak sprawcz\u0105, \u017ce zdo\u0142a\u0142 zbudowa\u0107 now\u0105 klas\u0119 milioner\u00f3w w Polsce.<\/p>\n<p class=\"ods-c-paragraph \">W &#8222;Ch\u0142opcach z ferajny&#8221; Jacek Har\u0142ukowicz opisuje histori\u0119 i przebieg afery zwi\u0105zanej z wyprowadzeniem gigantycznych kwot z Rz\u0105dowej Agencji Rezerw Strategicznych (RARS). Niby wiele rzeczy z tej ksi\u0105\u017cki poznali\u015bmy ju\u017c wcze\u015bniej, g\u0142\u00f3wnie dzi\u0119ki artyku\u0142om samego Jacka w Onecie, ale zebrana w jednej narracji ca\u0142o\u015b\u0107 tej wiedzy uzupe\u0142niona o nowe w\u0105tki robi osza\u0142amiaj\u0105ce wra\u017cenie.<\/p>\n<p class=\"ods-c-paragraph \">Okazuje si\u0119, \u017ce pan premier potrafi\u0142 zebra\u0107 grup\u0119 ludzi, kt\u00f3rych niegdy\u015b \u0142\u0105czy\u0142y chrze\u015bcija\u0144skie warto\u015bci w ramach Zwi\u0105zku Harcerstwa Rzeczypospolitej, i zbudowa\u0107 wok\u00f3\u0142 nich najlepszy biznes w historii III RP. Takich mar\u017c, takiego zarobku, takich zysk\u00f3w nie widzia\u0142 \u017caden z biznesmen\u00f3w z czo\u0142\u00f3wki list &#8222;Forbesa&#8221;. Ludzie ci udowodnili, \u017ce historie ameryka\u0144skich fortun to ma\u0142e piwo w por\u00f3wnaniu z tym, z jak wielkim rozmachem dzia\u0142ali ludzie wok\u00f3\u0142 RARS.<\/p>\n<p class=\"ods-c-paragraph \">Oczywi\u015bcie w tej wspania\u0142ej historii o tym, jak powsta\u0142a nowa klasa milioner\u00f3w dumnie zarabiaj\u0105cych na g\u0142oszonym publicznie patriotyzmie i antykomunizmie jest tylko ma\u0142a rysa \u2014 ca\u0142y ten biznes polega\u0142 na wyprowadzaniu nieprawdopodobnych, niemo\u017cliwych wr\u0119cz do wyobra\u017cenia kwot z kieszeni polskiego podatnika prosto na prywatne konta. Ten model biznesowy znany jest potocznie jako KRADZIE\u017b.<\/p>\n<p class=\"ods-c-paragraph \">Z ksi\u0105\u017cki Jacka p\u0142ynie kilka wniosk\u00f3w:<\/p>\n<ol class=\"ods-m-numbered-list\">\n<li class=\"ods-m-numbered-list__item\"> 1\n<p>Nie znamy i nie wiadomo, czy poznamy odpowiedzi na pytanie, czy premier Mateusz Morawiecki wiedzia\u0142 o tym, \u017ce tzw. harcerze, wykorzystuj\u0105c epidemi\u0119 COVID i wojn\u0119 w Ukrainie, kradn\u0105 setki milion\u00f3w z\u0142otych?<\/p>\n<\/li>\n<li class=\"ods-m-numbered-list__item\"> 2\n<p>Wiemy ju\u017c jednak, \u017ce pan premier albo w dramatyczny spos\u00f3b nadu\u017cy\u0142 swojego stanowiska, bo o tej kradzie\u017cy wiedzia\u0142, albo udowodni\u0142, \u017ce do pe\u0142nienia wysokich stanowisk si\u0119 nigdy nie nadawa\u0142, bo nie wiedzia\u0142 o masowej kradzie\u017cy tu\u017c pod jego nosem. W obu tych przypadkach nie powinien ju\u017c funkcjonowa\u0107 w \u017cyciu publicznym<\/p>\n<\/li>\n<li class=\"ods-m-numbered-list__item\"> 3\n<p>Tarcza antykorupcyjna s\u0142u\u017cb specjalnych nad polskim pa\u0144stwem jest ca\u0142kowicie iluzoryczna. CBA ostrzega\u0142o rz\u0105d przed robieniem interes\u00f3w z firmami, kt\u00f3re wyprowadza\u0142y pieni\u0105dze z RARS, ale te ostrze\u017cenia by\u0142y ignorowane<\/p>\n<\/li>\n<li class=\"ods-m-numbered-list__item\"> 4\n<p>Przekonanie o niekontrolowanej wszechw\u0142adzy s\u0142u\u017cb specjalnych w Polsce jest absurdem. Niekontrolowan\u0105 wszechw\u0142adz\u0119 w Polsce maj\u0105 za to politycy<\/p>\n<\/li>\n<li class=\"ods-m-numbered-list__item\"> 5\n<p>Rozliczenie b\u0105d\u017a nie afery SARS da nam odpowied\u017a na pytanie, czy polska klasa polityczna z tej wszechw\u0142adzy jest w stanie sama zrezygnowa\u0107.<\/p>\n<\/li>\n<li class=\"ods-m-numbered-list__item\"> 6\n<p>Polski podatnik zosta\u0142 okradziony na grube setki milion\u00f3w z\u0142otych. Te pieni\u0105dze znikn\u0119\u0142y, ale wiemy przecie\u017c, \u017ce gdzie\u015b s\u0105 i kto\u015b je wydaje. Je\u015bli nie dowiemy si\u0119 kto i gdzie, b\u0119dzie to oznacza\u0107 zielone \u015bwiat\u0142o dla takich historii w przysz\u0142o\u015bci, bo ludzka pazerno\u015b\u0107 jest ca\u0142kowicie ponadpartyjna.<\/p>\n<\/li>\n<\/ol>\n","protected":false},"excerpt":{"rendered":"Ot\u00f3\u017c okazuje si\u0119, \u017ce pan premier Mateusz Morawiecki jest osob\u0105 fascynuj\u0105c\u0105. Jest politykiem, o kt\u00f3rym powinny powsta\u0107 biografie,&hellip;\n","protected":false},"author":2,"featured_media":54423,"comment_status":"","ping_status":"","sticky":false,"template":"","format":"standard","meta":{"footnotes":""},"categories":[5],"tags":[32,33,36,37,27,14481,2882,9355,13320,34,35,3946,28,31,48,25,46,42,38,40,39,41,4891,47,29,30,26],"class_list":{"0":"post-54422","1":"post","2":"type-post","3":"status-publish","4":"format-standard","5":"has-post-thumbnail","7":"category-naglowki","8":"tag-breaking-news","9":"tag-breakingnews","10":"tag-featured-news","11":"tag-featurednews","12":"tag-headlines","13":"tag-jacek_harlukowicz","14":"tag-korupcja","15":"tag-ksiazki","16":"tag-kul_ai_tst1","17":"tag-latest-news","18":"tag-latestnews","19":"tag-mateusz_morawiecki","20":"tag-naglowki","21":"tag-najwazniejsze-artykuly","22":"tag-nat_styl","23":"tag-news","24":"tag-omp","25":"tag-pl","26":"tag-poland","27":"tag-polish","28":"tag-polska","29":"tag-polski","30":"tag-rars","31":"tag-screening_general","32":"tag-top-stories","33":"tag-topstories","34":"tag-wiadomosci"},"share_on_mastodon":{"url":"","error":""},"_links":{"self":[{"href":"https:\/\/www.europesays.com\/pl\/wp-json\/wp\/v2\/posts\/54422","targetHints":{"allow":["GET"]}}],"collection":[{"href":"https:\/\/www.europesays.com\/pl\/wp-json\/wp\/v2\/posts"}],"about":[{"href":"https:\/\/www.europesays.com\/pl\/wp-json\/wp\/v2\/types\/post"}],"author":[{"embeddable":true,"href":"https:\/\/www.europesays.com\/pl\/wp-json\/wp\/v2\/users\/2"}],"replies":[{"embeddable":true,"href":"https:\/\/www.europesays.com\/pl\/wp-json\/wp\/v2\/comments?post=54422"}],"version-history":[{"count":0,"href":"https:\/\/www.europesays.com\/pl\/wp-json\/wp\/v2\/posts\/54422\/revisions"}],"wp:featuredmedia":[{"embeddable":true,"href":"https:\/\/www.europesays.com\/pl\/wp-json\/wp\/v2\/media\/54423"}],"wp:attachment":[{"href":"https:\/\/www.europesays.com\/pl\/wp-json\/wp\/v2\/media?parent=54422"}],"wp:term":[{"taxonomy":"category","embeddable":true,"href":"https:\/\/www.europesays.com\/pl\/wp-json\/wp\/v2\/categories?post=54422"},{"taxonomy":"post_tag","embeddable":true,"href":"https:\/\/www.europesays.com\/pl\/wp-json\/wp\/v2\/tags?post=54422"}],"curies":[{"name":"wp","href":"https:\/\/api.w.org\/{rel}","templated":true}]}}