{"id":544224,"date":"2026-07-09T01:11:15","date_gmt":"2026-07-09T01:11:15","guid":{"rendered":"https:\/\/www.europesays.com\/pl\/544224\/"},"modified":"2026-07-09T01:11:15","modified_gmt":"2026-07-09T01:11:15","slug":"prowokacja-lwowa-chca-roku-upa-szuchewycza-i-olzycza","status":"publish","type":"post","link":"https:\/\/www.europesays.com\/pl\/544224\/","title":{"rendered":"Prowokacja Lwowa. Chc\u0105 roku UPA, Szuchewycza i O\u0142\u017cycza"},"content":{"rendered":"\n<p>&#13;<br \/>\nPropozycja pojawi\u0142a si\u0119 w\u00a0poniedzia\u0142ek podczas posiedzenia komisji do\u00a0spraw kultury, polityki informacyjnej i\u00a0promocji. &#13;\n<\/p>\n<p>&#13;<br \/>\nRadni zaproponowali, aby\u00a0obw\u00f3d lwowski w\u00a02027 roku oficjalnie upami\u0119tni\u0142 Romana Szuchewycza, O\u0142eha Ol\u017cycza oraz\u00a0UPA. Propozycja ma\u00a0zwi\u0105zek z\u00a0przypadaj\u0105cymi w\u00f3wczas rocznicami urodzin obu dzia\u0142aczy i\u00a0powstania UPA. &#13;\n<\/p>\n<p>Skandaliczna propozycja Lwowa. &#8222;Obiektywnie oburzaj\u0105ce&#8221;<\/p>\n<p>&#13;<br \/>\n\u0141ukasz Adamski, dyrektor Centrum Dialogu im.\u00a0Juliusza Mieroszewskiego, instytucji kultury, odpowiedzialnej m.in. za\u00a0walk\u0119 z\u00a0dezinformacj\u0105, wspieranie dzia\u0142alno\u015bci o\u015bwiatowej oraz\u00a0na\u00a0rzecz dialogu w\u00a0stosunkach mi\u0119dzynarodowych, na\u00a0linii Polska \u2013\u00a0Rosja, Polska \u2013\u00a0Ukraina, czy\u00a0Polska \u2013\u00a0Bia\u0142oru\u015b, oceni\u0142 w\u00a0rozmowie z\u00a0Wirtualn\u0105 Polsk\u0105, \u017ce\u00a0to\u00a0<a href=\"https:\/\/dorzeczy.pl\/kraj\/906715\/sondaz-ukraina-powinna-przeprosic-polske-jasne-wyniki.html\" rel=\"nofollow noopener\" target=\"_blank\">dzia\u0142ania &#8222;obiektywnie oburzaj\u0105ce&#8221;.<\/a> &#13;\n<\/p>\n<p>&#13;<br \/>\nZdaniem rozm\u00f3wcy serwisu &#8222;godz\u0105 one zar\u00f3wno w\u00a0pami\u0119\u0107 ofiar g\u0142\u00f3wnego dow\u00f3dcy UPA i\u00a0jednego z\u00a0g\u0142\u00f3wnych zbrodniarzy odpowiedzialnych za\u00a0ludob\u00f3jcz\u0105 czystk\u0119 etniczn\u0105 na\u00a0Wo\u0142yniu i\u00a0Galicji Wschodniej, jak i\u00a0w\u00a0warto\u015bci etyczne, b\u0119d\u0105ce podstaw\u0105 demokratycznej europejskiej kultury politycznej&#8221;. &#13;\n<\/p>\n<p>&#13;<br \/>\n&#8222;Nawet rozwa\u017canie takich plan\u00f3w, ju\u017c nie\u00a0m\u00f3wi\u0105c o\u00a0ich urzeczywistnieniu, jest krokiem nieprzyjaznym\u201d \u2013\u00a0oceni\u0142. &#13;\n<\/p>\n<p>&#13;<br \/>\nZdaniem \u0141ukasza Adamskiego &#8222;w\u00a0kontek\u015bcie ogromnego sporu o\u00a0polityk\u0119 pami\u0119ci Ukrainy wielu komentator\u00f3w uzna to\u00a0za ruch eskalacyjny ze\u00a0strony Ukrainy jako pa\u0144stwa&#8221;. &#13;\n<\/p>\n<p>&#13;<br \/>\nZwr\u00f3ci\u0142 uwag\u0119, \u017ce\u00a0Lwowska Rada Obwodowa jest organem samorz\u0105dowym z\u00a0mocn\u0105 reprezentacj\u0105 nacjonalist\u00f3w i\u00a0&#8222;wielokrotnie by\u0142a w\u00a0awangardzie dzia\u0142a\u0144 godz\u0105cych w\u00a0polsk\u0105 pami\u0119\u0107 historyczn\u0105&#8221;. &#13;\n<\/p>\n<p>&#13;<br \/>\nZauwa\u017cy\u0142 jednak, \u017ce\u00a0dzia\u0142alno\u015b\u0107 rady w\u00a0przesz\u0142o\u015bci zaskakiwa\u0142a nawet w\u0142adze w\u00a0Kijowie. &#13;\n<\/p>\n<p>&#13;<br \/>\n&#8222;Nie jest to\u00a0wi\u0119c nic nowego ze\u00a0strony Lwowskiej Rady Obwodowej. Oni bagatelizuj\u0105 polsk\u0105 wra\u017cliwo\u015b\u0107 historyczn\u0105, a\u00a0cz\u0119sto przy tym postrzegaj\u0105 siebie jako kustoszy ukrai\u0144skiej prawdy historycznej, ju\u017c to\u00a0jako prorok\u00f3w powo\u0142anych m.in. do\u00a0tego, aby\u00a0dawa\u0107 \u015bwiadectwo o\u00a0Banderze i\u00a0Szuchewyczu&#8221; \u2013\u00a0stwierdzi\u0142. &#13;\n<\/p>\n<p>Jak powinna odpowiedzie\u0107 Polska?<\/p>\n<p>&#13;<br \/>\nW ocenie rozm\u00f3wcy Wirtualnej Polski powinno si\u0119 to\u00a0spotka\u0107 si\u0119 z\u00a0odpowiedzi\u0105 ze\u00a0strony Polski. &#13;\n<\/p>\n<p>&#13;<br \/>\n&#8222;Przeciwko tego rodzaju dzia\u0142aniom Polska powinna systematycznie protestowa\u0107 \u2013\u00a0optymalnie z\u00a0innymi narodami pokrzywdzonymi przez UPA: Czechami, \u017bydami oraz\u00a0wszystkimi politykami pa\u0144stw UE i\u00a0liderami europejskiej opinii publicznej, zaniepokojonymi krzewieniem kultu ludob\u00f3jc\u00f3w. Nie\u00a0chcia\u0142bym jednak publicznie przes\u0105dza\u0107, jak\u0105 form\u0119 powinny przyj\u0105\u0107 te\u00a0protesty&#8221; \u2013\u00a0oceni\u0142. &#13;\n<\/p>\n<p>&#13;<br \/>\nJego zdaniem &#8222;zaprotestowa\u0107 mog\u0105 te\u017c polskie samorz\u0105dy, zw\u0142aszcza te\u00a0zaanga\u017cowane we\u00a0wsp\u00f3\u0142prac\u0119 z\u00a0Lwowsk\u0105 Rad\u0105 Obwodow\u0105&#8221;. &#13;\n<\/p>\n<p>&#13;<br \/>\nMiastami partnerskimi Lwowa po\u00a0stronie polskiej s\u0105 m.in. Wroc\u0142aw, Lublin czy\u00a0Rzesz\u00f3w. Ale\u00a0tak\u017ce Krak\u00f3w i\u00a0Przemy\u015bl. &#13;\n<\/p>\n<p>&#13;<br \/>\n   Czytaj te\u017c:<br \/><a href=\"https:\/\/dorzeczy.pl\/kraj\/906715\/sondaz-ukraina-powinna-przeprosic-polske-jasne-wyniki.html\" rel=\"follow nofollow noopener\" data-schema=\"DORZECZY\" data-image=\"https:\/\/img.dorzeczy.pl\/_thumb\/27\/d0\/bc6461bda6561e75f32da9140bd2.jpeg\" target=\"_blank\">Polacy chc\u0105 przeprosin od\u00a0Ukrainy. Wyniki sonda\u017cu niemal nie\u00a0pozostawiaj\u0105 z\u0142udze\u0144<\/a>   Czytaj te\u017c:<br \/><a href=\"https:\/\/dorzeczy.pl\/kraj\/906358\/ludobojstwo-na-wolyniu-sondaz-polacy-ocenili-dzialania-ukrainy.html\" rel=\"follow nofollow noopener\" data-schema=\"DORZECZY\" data-image=\"https:\/\/img.dorzeczy.pl\/_thumb\/16\/71\/9064bccb8c7a1a358ef3b297b397.jpeg\" target=\"_blank\">Rozliczenie ludob\u00f3jstwa na\u00a0Wo\u0142yniu. Polacy surowo oceniaj\u0105 dzia\u0142ania Ukrainy<\/a> &#13;<\/p>\n","protected":false},"excerpt":{"rendered":"&#13; Propozycja pojawi\u0142a si\u0119 w\u00a0poniedzia\u0142ek podczas posiedzenia komisji do\u00a0spraw kultury, polityki informacyjnej i\u00a0promocji. &#13; &#13; Radni zaproponowali, aby\u00a0obw\u00f3d&hellip;\n","protected":false},"author":2,"featured_media":544225,"comment_status":"","ping_status":"","sticky":false,"template":"","format":"standard","meta":{"footnotes":"","_share_on_mastodon":"0"},"categories":[5],"tags":[32,33,98,36,37,27,34,35,9665,7149,28,31,25,103,107222,42,38,40,39,41,107221,80,29,30,415,8088,26,7659],"class_list":["post-544224","post","type-post","status-publish","format-standard","has-post-thumbnail","category-naglowki","tag-breaking-news","tag-breakingnews","tag-dorzeczy","tag-featured-news","tag-featurednews","tag-headlines","tag-latest-news","tag-latestnews","tag-lwow","tag-lukasz-adamski","tag-naglowki","tag-najwazniejsze-artykuly","tag-news","tag-obserwator-mediow","tag-oleh-olzycz","tag-pl","tag-poland","tag-polish","tag-polska","tag-polski","tag-roman-szuchewycz","tag-swiat","tag-top-stories","tag-topstories","tag-ukraina","tag-upa","tag-wiadomosci","tag-wolyn"],"share_on_mastodon":{"url":"https:\/\/pubeurope.com\/@pl\/116887360813628946","error":""},"_links":{"self":[{"href":"https:\/\/www.europesays.com\/pl\/wp-json\/wp\/v2\/posts\/544224","targetHints":{"allow":["GET"]}}],"collection":[{"href":"https:\/\/www.europesays.com\/pl\/wp-json\/wp\/v2\/posts"}],"about":[{"href":"https:\/\/www.europesays.com\/pl\/wp-json\/wp\/v2\/types\/post"}],"author":[{"embeddable":true,"href":"https:\/\/www.europesays.com\/pl\/wp-json\/wp\/v2\/users\/2"}],"replies":[{"embeddable":true,"href":"https:\/\/www.europesays.com\/pl\/wp-json\/wp\/v2\/comments?post=544224"}],"version-history":[{"count":0,"href":"https:\/\/www.europesays.com\/pl\/wp-json\/wp\/v2\/posts\/544224\/revisions"}],"wp:featuredmedia":[{"embeddable":true,"href":"https:\/\/www.europesays.com\/pl\/wp-json\/wp\/v2\/media\/544225"}],"wp:attachment":[{"href":"https:\/\/www.europesays.com\/pl\/wp-json\/wp\/v2\/media?parent=544224"}],"wp:term":[{"taxonomy":"category","embeddable":true,"href":"https:\/\/www.europesays.com\/pl\/wp-json\/wp\/v2\/categories?post=544224"},{"taxonomy":"post_tag","embeddable":true,"href":"https:\/\/www.europesays.com\/pl\/wp-json\/wp\/v2\/tags?post=544224"}],"curies":[{"name":"wp","href":"https:\/\/api.w.org\/{rel}","templated":true}]}}