{"id":544295,"date":"2026-07-09T02:02:13","date_gmt":"2026-07-09T02:02:13","guid":{"rendered":"https:\/\/www.europesays.com\/pl\/544295\/"},"modified":"2026-07-09T02:02:13","modified_gmt":"2026-07-09T02:02:13","slug":"ms-2026-portugalia-szybko-znalazla-nowego-selekcjonera-jorge-jesus-zastapi-roberto-martineza-sport-tvp-pl","status":"publish","type":"post","link":"https:\/\/www.europesays.com\/pl\/544295\/","title":{"rendered":"M\u015a 2026: Portugalia szybko znalaz\u0142a nowego selekcjonera. Jorge Jesus zast\u0105pi Roberto Martineza &#8211; sport.tvp.pl"},"content":{"rendered":"<ol>\n<li><a href=\"https:\/\/news.google.com\/rss\/articles\/CBMivwFBVV95cUxNbXhhZ29rSzFDV1RTUzUtTWxRYUJ5Y21URWxJb0U4aThWNVNIN1NWMGFnekRBVWxWNFJ3WGNBZmdyRnBJVHFGX3BpU3hwN1FmelJXM1NoMHBUX0Rkeko5bUlaX0dvcWVTUjYwTFhLRHJyZW8xdlFUZUxPWkN2Um1yN2lCaEJfZDBaR0Z6MkdhUERqalg4SlVnaWpVNVJmUDJOaHlKSDNBYkhiRl80ZnRqakJ1WTg4b0d2VkpJRlAzSdIBxAFBVV95cUxOOEhMMGFMRDU0ajhtMXJsRmhFNl9BeEZlQllpRmxacmVtcV8xTXE2aHJFNklGY2ZkSjlRRFlhSGwxNGR6TEJYYURQckRITzk0NkFiem9OZ2xRVG1SYUJlQ25FNWVFNU1tNmtBYUhuR3dLLUxJLVRQb2pyNG5FSlpFdnlwd0E2MzJuUzNBUEhEWlNNeXJTdDZ1ZDVtQURZcVdkTV9HaDM0Q3FkZE16alVvZDVCUmV6RVBGM29ZQ1BkVnlBZWFv?oc=5\" target=\"_blank\" rel=\"nofollow noopener\">M\u015a 2026: Portugalia szybko znalaz\u0142a nowego selekcjonera. Jorge Jesus zast\u0105pi Roberto Martineza<\/a>&nbsp;&nbsp;sport.tvp.pl<\/li>\n<li><a href=\"https:\/\/news.google.com\/rss\/articles\/CBMi2wFBVV95cUxQVEtoNW05MU9WbUF4NUttSl95S3lvT2l5bnlONlN0VUFEZm1uQlpZc1VrXzNmZnZ1UnV2dzBiRkhkSkpZQWdvWm1MLS11S3o0TVhXeFExLTVQUXdtaXRjRTNWRjNYakx0UWU5OHgyTS1xZ0ltR1FUWjA0bmFDVDhHdmhPdG9NOF9HTnFVUC11cXNETnh1NFV1dzdKNHVtMXdWNTU5dTJtNm4xMVVhYndFRGlJZEV5UGtHX3RNSzE4OEQteVVBVnprbVY2d3BwTXNVUkhtTG5GcmVlblE?oc=5\" target=\"_blank\" rel=\"nofollow noopener\">Media: Portugalia ju\u017c wybra\u0142a. To b\u0119dzie nowy selekcjoner po M\u015a 2026<\/a>&nbsp;&nbsp;Przegl\u0105d Sportowy<\/li>\n<li><a href=\"https:\/\/news.google.com\/rss\/articles\/CBMisgFBVV95cUxQaE03VFRiMXRmMVJuZWhyLXFVX1FRM1pHSy1VMjd2Qm83cWc1V3k3b2RBUzZFSTRlSUFWNmhtYkk4bmtoUTYyUkR2dTBQRElHcTdWRzNEdkhCOXhDVU0xdy1ZczQzQVk4TkpEZjhtVWloc3IxdWtwWFQ1cnczUmgzeWlkSjlWV1ZvOWNYeEM3d2Q3RnhaOEJlX1JmM1hhbnNOSnRhdENENUhNSFNESjJOTmxB?oc=5\" target=\"_blank\" rel=\"nofollow noopener\">To jeszcze nie koniec Ronaldo? Media ujawniaj\u0105 mo\u017cliwy scenariusz<\/a>&nbsp;&nbsp;SportoweFakty<\/li>\n<li><a href=\"https:\/\/news.google.com\/rss\/articles\/CBMijgFBVV95cUxOZ0lUTzhrZ2VsNk1kUml5R3BVMm9xN0NEeXg0cnVrenh3VWE2ZUlqdFNrYWdmU25hMHAwLS16V200X1dET2d2TTlEOXZGM0RDUnNUTjEyVUFkQW5TWDNmQUtyNTljVlhOaDBudnZORkhZSHVnTjJUU0dVTVczQjN6dFV2MGFOanVJUWNrSWRB?oc=5\" target=\"_blank\" rel=\"nofollow noopener\">Oto nowy selekcjoner Portugalii! &#8222;Here we go&#8221;<\/a>&nbsp;&nbsp;Meczyki.pl<\/li>\n<li><a href=\"https:\/\/news.google.com\/rss\/articles\/CBMitgFBVV95cUxOamllV0w5Q25CMUZLMGh5UFRvNTVwemFYWTJ4eTdTT2pvWHFqSmJlZEJ5ZGtjaWZBWTg2cFV6STFDSUYtV3FEbHoyU0FPdlI5blp4eGlEZEJyUFBkRE1tTWdva21xZXB5enBfWlc2dnY4ekpsNmNOSnRYUGh5cUVtVnBiRWpXMDJLeUg5NFNvSG1zbnZMM3VvdG5OcXNmTlg3X2RRd1A1Xy0yLXZQbmNhbTJKbDB2dw?oc=5\" target=\"_blank\" rel=\"nofollow noopener\">To koniec. Portugalia wyda\u0142a oficjalny komunikat ws. selekcjonera<\/a>&nbsp;&nbsp;Sport.pl<\/li>\n<\/ol>\n","protected":false},"excerpt":{"rendered":"M\u015a 2026: Portugalia szybko znalaz\u0142a nowego selekcjonera. Jorge Jesus zast\u0105pi Roberto Martineza&nbsp;&nbsp;sport.tvp.pl Media: Portugalia ju\u017c wybra\u0142a. To b\u0119dzie&hellip;\n","protected":false},"author":2,"featured_media":544296,"comment_status":"","ping_status":"","sticky":false,"template":"","format":"standard","meta":{"footnotes":"","_share_on_mastodon":"0"},"categories":[24],"tags":[49966,3037,10114,10040,269,42,38,40,39,41,12697,49967,127,334,126],"class_list":["post-544295","post","type-post","status-publish","format-standard","has-post-thumbnail","category-sport","tag-jorge-jesus","tag-mistrzostwa-swiata","tag-ms-2026","tag-mundial-2026","tag-pilka-nozna","tag-pl","tag-poland","tag-polish","tag-polska","tag-polski","tag-reprezentacja-portugalii","tag-roberto-martinez","tag-sport","tag-sport-tvp-pl","tag-sports"],"share_on_mastodon":{"url":"https:\/\/pubeurope.com\/@pl\/116887561617981805","error":""},"_links":{"self":[{"href":"https:\/\/www.europesays.com\/pl\/wp-json\/wp\/v2\/posts\/544295","targetHints":{"allow":["GET"]}}],"collection":[{"href":"https:\/\/www.europesays.com\/pl\/wp-json\/wp\/v2\/posts"}],"about":[{"href":"https:\/\/www.europesays.com\/pl\/wp-json\/wp\/v2\/types\/post"}],"author":[{"embeddable":true,"href":"https:\/\/www.europesays.com\/pl\/wp-json\/wp\/v2\/users\/2"}],"replies":[{"embeddable":true,"href":"https:\/\/www.europesays.com\/pl\/wp-json\/wp\/v2\/comments?post=544295"}],"version-history":[{"count":0,"href":"https:\/\/www.europesays.com\/pl\/wp-json\/wp\/v2\/posts\/544295\/revisions"}],"wp:featuredmedia":[{"embeddable":true,"href":"https:\/\/www.europesays.com\/pl\/wp-json\/wp\/v2\/media\/544296"}],"wp:attachment":[{"href":"https:\/\/www.europesays.com\/pl\/wp-json\/wp\/v2\/media?parent=544295"}],"wp:term":[{"taxonomy":"category","embeddable":true,"href":"https:\/\/www.europesays.com\/pl\/wp-json\/wp\/v2\/categories?post=544295"},{"taxonomy":"post_tag","embeddable":true,"href":"https:\/\/www.europesays.com\/pl\/wp-json\/wp\/v2\/tags?post=544295"}],"curies":[{"name":"wp","href":"https:\/\/api.w.org\/{rel}","templated":true}]}}