{"id":544711,"date":"2026-07-09T07:17:08","date_gmt":"2026-07-09T07:17:08","guid":{"rendered":"https:\/\/www.europesays.com\/pl\/544711\/"},"modified":"2026-07-09T07:17:08","modified_gmt":"2026-07-09T07:17:08","slug":"mecz-mundialu-ustawiony-jest-reakcja-colliny","status":"publish","type":"post","link":"https:\/\/www.europesays.com\/pl\/544711\/","title":{"rendered":"Mecz mundialu ustawiony? Jest reakcja Colliny"},"content":{"rendered":"\n<p class=\"contentpart contentpart--default contentpart--text\" data-position=\"0\">Dzia\u0142o si\u0119 w meczu\u00a0<a href=\"https:\/\/sportowefakty.wp.pl\/pilka-nozna\/reprezentacja-argentyny\" rel=\"nofollow noopener\" target=\"_blank\">reprezentacji Argentyny<\/a>\u00a0z\u00a0<a href=\"https:\/\/sportowefakty.wp.pl\/pilka-nozna\/egipt\" rel=\"nofollow noopener\" target=\"_blank\">reprezentacj\u0105 Egiptu<\/a>. Po golach Yassera Ibrahima i Mostafy Ziko &#8222;Faraonowie&#8221; prowadzili jeszcze do 79. minuty 2:0. Potem jednak przysz\u0142a zdecydowana odpowied\u017a &#8222;Albicelestes&#8221;. Cristian Romero zdoby\u0142 kontaktowego gola, a do remisu doprowadzi\u0142 Lionel Messi. Z kolei w doliczonym czasie gry zwyci\u0119sk\u0105 bramk\u0119 dla obro\u0144c\u00f3w tytu\u0142u strzeli\u0142 Enzo Fernandez.<\/p>\n<p class=\"contentpart contentpart--default contentpart--text\" data-position=\"1\">Po spotkaniu selekcjoner Hossam Hassan i pi\u0142karze Egiptu nie kryli ogromnych pretensji do arbitra\u00a0<a href=\"https:\/\/sportowefakty.wp.pl\/pilka-nozna\/francois-letexier\" rel=\"nofollow noopener\" target=\"_blank\">Francoisa Letexiera<\/a>. Pojawi\u0142y si\u0119 stwierdzenia, \u017ce mecz zosta\u0142 ustawiony. Egipski Zwi\u0105zek Pi\u0142ki No\u017cnej (EFA) wyst\u0105pi\u0142 do FIFA z oficjaln\u0105 skarg\u0105. &#8222;Federacja oficjalnie poprosi\u0142a o odsuni\u0119cie francuskiego zespo\u0142u od reszty turnieju&#8221; &#8211; przekaza\u0142 &#8222;Diario AS&#8221; (<a href=\"https:\/\/sportowefakty.wp.pl\/pilka-nozna\/1261299\/egipcjanie-sa-wsciekli-tego-oczekuja-od-fifa\" rel=\"nofollow noopener\" target=\"_blank\">wi\u0119cej tutaj<\/a>).<\/p>\n<p>  <img decoding=\"async\" src=\"https:\/\/v.wpimg.pl\/X3dwLnN2d1IFFTpdYUl6R0ZNbgcnEHQREVV2TGEGbUtRT2MdOlZ2RBQUKABgQjQcDRotCStBd1IAAWMeIlM7VgwYIAorQAdEFFk_GCkQJQ\" alt=\"\" width=\"45\" height=\"58\" loading=\"lazy\"\/>  <\/p>\n<p class=\"contentpart contentpart--default contentpart--text\" data-position=\"2\">ZOBACZ WIDEO: Egipt skrzywdzony? &#8222;To zabijanie sportu&#8221;<\/p>\n<p class=\"contentpart contentpart--default contentpart--text\" data-position=\"4\">Kt\u00f3re decyzje Francuza wywo\u0142a\u0142y takie rozgoryczenie Egipcjan? Letexier anulowa\u0142 &#8222;Faraonom&#8221; gola, gdy po interwencji VAR doszuka\u0142 si\u0119 wcze\u015bniejszego faulu. Ponadto nie podyktowa\u0142 &#8222;jedenastki&#8221;, gdy Mohamed Salah po starciu z Julianem Alvarezem upad\u0142 w polu karnym Argentyny.<\/p>\n<p class=\"contentpart contentpart--default contentpart--text\" data-position=\"5\">Cho\u0107 wi\u0119kszo\u015b\u0107 kibic\u00f3w i ekspert\u00f3w uwa\u017ca reakcj\u0119 reprezentacji Egiptu za przesadzon\u0105 (<a href=\"https:\/\/sportowefakty.wp.pl\/pilka-nozna\/1261282\/mowia-o-ustawionym-meczu-i-wielkiej-aferze-w-meczu-argentyny-polski-ekspert-ocen\" rel=\"nofollow noopener\" target=\"_blank\">wi\u0119cej tutaj<\/a>),\u00a0<a href=\"https:\/\/sportowefakty.wp.pl\/pilka-nozna\/fifa\" rel=\"nofollow noopener\" target=\"_blank\">FIFA<\/a>\u00a0postanowi\u0142a wyda\u0107 w tej sprawie specjalny komunikat. G\u0142os zabra\u0142\u00a0<a href=\"https:\/\/sportowefakty.wp.pl\/pilka-nozna\/pierluigi-collina\" rel=\"nofollow noopener\" target=\"_blank\">Pierluigi Collina<\/a>, czyli szef s\u0119dzi\u00f3w FIFA. &#8211; Konstruktywna dyskusja o decyzjach zawsze b\u0119dzie cz\u0119\u015bci\u0105 pi\u0142ki no\u017cnej, ale bezpodstawne oskar\u017cenia nie maj\u0105 miejsca w naszym sporcie &#8211; powiedzia\u0142 W\u0142och.<\/p>\n<p class=\"contentpart contentpart--default contentpart--text\" data-position=\"6\">&#8211; Nikt nie mo\u017ce kwestionowa\u0107 uczciwo\u015bci s\u0119dzi\u00f3w Mistrzostw \u015awiata FIFA. Kiedy tak si\u0119 dzieje, mo\u017ce to wywo\u0142a\u0107 reakcje prowadz\u0105ce do gr\u00f3\u017ab wobec nich i ich rodzin. To nie jest w porz\u0105dku. Podobnie, nikt nie mo\u017ce twierdzi\u0107, \u017ce s\u0119dziowanie FIFA mo\u017ce by\u0107 pod czyim\u015b wp\u0142ywem, nawet prezesa FIFA [Gianniego Infantino] &#8211; przekaza\u0142 Collina.<\/p>\n<p>  <img decoding=\"async\" src=\"https:\/\/v.wpimg.pl\/X3dwLnN2d1IFFTpdYUl6R0ZNbgcnEHQREVV2TGEGbUtRT2MdOlZ2RBQUKABgQjQcDRotCStBd1IAAWMeIlM7VgwYIAorQAdEFFk_GCkQJQ\" alt=\"\" width=\"45\" height=\"58\" loading=\"lazy\"\/>  <\/p>\n<p>Nie ma mowy o b\u0142\u0119dach s\u0119dziego<\/p>\n<p class=\"contentpart contentpart--default contentpart--text\" data-position=\"8\">By\u0142y s\u0119dzia pi\u0142karski odni\u00f3s\u0142 si\u0119 r\u00f3wnie\u017c do sytuacji, kt\u00f3re zdaniem Egipcjan budzi\u0142y najwi\u0119ksze kontrowersje. W jego opinii gol zosta\u0142 s\u0142usznie anulowany, poniewa\u017c Marwan Attia faulowa\u0142 wcze\u015bniej Lisandro Martineza. Collina nie dopatrzy\u0142 si\u0119 r\u00f3wnie\u017c przewinienia, gdy w doliczonym czasie drugiej po\u0142owy dosz\u0142o starcia Mohameda Salaha z Julianem Alvarezem.<\/p>\n<p class=\"contentpart contentpart--default contentpart--text\" data-position=\"9\">&#8211; Nadepni\u0119cie na stop\u0119 przeciwnika jest faulem, natomiast obro\u0144ca, kt\u00f3ry pierwszy dotyka pi\u0142ki, a nast\u0119pnie normalnie dotyka jej, nie pope\u0142nia faulu. Przyk\u0142adem tego jest sytuacja pod koniec tego samego meczu. S\u0119dzia i VAR uznali to za normalne dotkni\u0119cie pi\u0142ki mi\u0119dzy egipskim numerem 10 Mohamedem Salahem a argenty\u0144skim numerem 10 Julianem Alvarezem &#8211; przekaza\u0142 Collina.<\/p>\n<p>  <img decoding=\"async\" src=\"https:\/\/v.wpimg.pl\/X3dwLnN2d1IFFTpdYUl6R0ZNbgcnEHQREVV2TGEGbUtRT2MdOlZ2RBQUKABgQjQcDRotCStBd1IAAWMeIlM7VgwYIAorQAdEFFk_GCkQJQ\" alt=\"\" width=\"45\" height=\"58\" loading=\"lazy\"\/>       <\/p>\n<p class=\"contentpart contentpart--default contentpart--text\" data-position=\"11\">Ostatecznie Argentyna zwyci\u0119\u017cy\u0142a 3:2 i awansowa\u0142a do \u0107wier\u0107fina\u0142u mistrzostw \u015bwiata 2026. Na tym etapie zmierzy si\u0119 ze Szwajcari\u0105.<\/p>\n","protected":false},"excerpt":{"rendered":"Dzia\u0142o si\u0119 w meczu\u00a0reprezentacji Argentyny\u00a0z\u00a0reprezentacj\u0105 Egiptu. Po golach Yassera Ibrahima i Mostafy Ziko &#8222;Faraonowie&#8221; prowadzili jeszcze do 79.&hellip;\n","protected":false},"author":2,"featured_media":544712,"comment_status":"","ping_status":"","sticky":false,"template":"","format":"standard","meta":{"footnotes":"","_share_on_mastodon":"0"},"categories":[24],"tags":[968,956,1285,3037,9090,6186,989,269,1286,42,38,40,39,41,1287,39519,127,126,97570],"class_list":["post-544711","post","type-post","status-publish","format-standard","has-post-thumbnail","category-sport","tag-argentyna","tag-egipt","tag-fifa","tag-mistrzostwa-swiata","tag-mistrzostwa-swiata-2026","tag-pierluigi-collina","tag-pilka-na-swiecie","tag-pilka-nozna","tag-pilka-nozna-w-argentynie","tag-pl","tag-poland","tag-polish","tag-polska","tag-polski","tag-reprezentacja-argentyny","tag-reprezentacja-egiptu","tag-sport","tag-sports","tag-studio-mundial"],"share_on_mastodon":{"url":"https:\/\/pubeurope.com\/@pl\/116888801125064722","error":""},"_links":{"self":[{"href":"https:\/\/www.europesays.com\/pl\/wp-json\/wp\/v2\/posts\/544711","targetHints":{"allow":["GET"]}}],"collection":[{"href":"https:\/\/www.europesays.com\/pl\/wp-json\/wp\/v2\/posts"}],"about":[{"href":"https:\/\/www.europesays.com\/pl\/wp-json\/wp\/v2\/types\/post"}],"author":[{"embeddable":true,"href":"https:\/\/www.europesays.com\/pl\/wp-json\/wp\/v2\/users\/2"}],"replies":[{"embeddable":true,"href":"https:\/\/www.europesays.com\/pl\/wp-json\/wp\/v2\/comments?post=544711"}],"version-history":[{"count":0,"href":"https:\/\/www.europesays.com\/pl\/wp-json\/wp\/v2\/posts\/544711\/revisions"}],"wp:featuredmedia":[{"embeddable":true,"href":"https:\/\/www.europesays.com\/pl\/wp-json\/wp\/v2\/media\/544712"}],"wp:attachment":[{"href":"https:\/\/www.europesays.com\/pl\/wp-json\/wp\/v2\/media?parent=544711"}],"wp:term":[{"taxonomy":"category","embeddable":true,"href":"https:\/\/www.europesays.com\/pl\/wp-json\/wp\/v2\/categories?post=544711"},{"taxonomy":"post_tag","embeddable":true,"href":"https:\/\/www.europesays.com\/pl\/wp-json\/wp\/v2\/tags?post=544711"}],"curies":[{"name":"wp","href":"https:\/\/api.w.org\/{rel}","templated":true}]}}