{"id":544992,"date":"2026-07-09T10:11:12","date_gmt":"2026-07-09T10:11:12","guid":{"rendered":"https:\/\/www.europesays.com\/pl\/544992\/"},"modified":"2026-07-09T10:11:12","modified_gmt":"2026-07-09T10:11:12","slug":"szczyt-nato-w-ankarze-nawrocki-dostal-od-erdogana-rewolwer-z-ostra-amunicja","status":"publish","type":"post","link":"https:\/\/www.europesays.com\/pl\/544992\/","title":{"rendered":"Szczyt NATO w Ankarze. Nawrocki dosta\u0142 od Erdogana rewolwer z ostr\u0105 amunicj\u0105"},"content":{"rendered":"\n<p>&#13;<br \/>\nJak przekaza\u0142 Przydacz w\u00a0rozmowie z\u00a0RMF FM, turecki przyw\u00f3dca wr\u0119czy\u0142 taki sam prezent wszystkim uczestnicz\u0105cym w\u00a0spotkaniu prezydentom. Doda\u0142, \u017ce\u00a0nie ma\u00a0pewno\u015bci, czy\u00a0przekazany egzemplarz jest orygina\u0142em, czy\u00a0replik\u0105. &#13;\n<\/p>\n<p>&#13;<br \/>\nMinister zapewni\u0142 jednocze\u015bnie, \u017ce\u00a0bro\u0144 nie\u00a0b\u0119dzie u\u017cytkowana, a\u00a0wszystkie obowi\u0105zuj\u0105ce przepisy zostan\u0105 zachowane. \u2013\u00a0Na\u00a0pewno nikt nie\u00a0b\u0119dzie z\u00a0niego strzela\u0142 \u2013\u00a0o\u015bwiadczy\u0142. &#13;\n<\/p>\n<p>Nawrocki otrzyma\u0142 od\u00a0Erdogana rewolwer. &#8222;Prezent skierowany do\u00a0oclenia&#8221;<\/p>\n<p>&#13;<br \/>\nWed\u0142ug Przydacza, prezent zosta\u0142 po\u00a0przylocie do\u00a0Polski skierowany do\u00a0oclenia i\u00a0analizy pod\u00a0k\u0105tem zgodno\u015bci z\u00a0obowi\u0105zuj\u0105cymi przepisami. Nast\u0119pnie ma\u00a0trafi\u0107 do\u00a0odpowiedniego magazynu jako dar przekazany Rzeczypospolitej przez prezydenta Turcji. &#13;\n<\/p>\n<p>&#13;<br \/>\nO nietypowym upominku dla\u00a0przyw\u00f3dc\u00f3w pa\u0144stw NATO wcze\u015bniej informowa\u0142 brytyjski premier Keir Starmer. Jak poda\u0142 ameryka\u0144ski dziennik &#8222;Wall Street Journal&#8221;, Erdogan wr\u0119czy\u0142 uczestnikom spotkania rewolwery z\u00a0wygrawerowanymi nazwiskami oraz\u00a0pude\u0142ka z\u00a0amunicj\u0105, do\u0142\u0105czaj\u0105c dokument zwalniaj\u0105cy bro\u0144 z\u00a0tureckiej kontroli eksportowej. &#13;\n<\/p>\n<p>&#13;<br \/>\nWed\u0142ug informacji &#8222;WSJ&#8221;, cz\u0119\u015b\u0107 przyw\u00f3dc\u00f3w pozostawi\u0142a prezenty w\u00a0Turcji z\u00a0uwagi na\u00a0krajowe przepisy dotycz\u0105ce przewozu broni. &#13;\n<\/p>\n<p>&#13;<br \/>\n<img decoding=\"async\" src=\"https:\/\/www.europesays.com\/pl\/wp-content\/uploads\/2026\/07\/2986bc48442ecf5d9055d6208389.jpeg\" alt=\"Prezydent Karol Nawrocki na\u00a0szczycie NATO w\u00a0Ankarze\" width=\"360\" height=\"270\" style=\"aspect-ratio: 4\u00a0\/ 3;\" data-width=\"1565\" data-height=\"1173\" data-schema=\"DORZECZY\" loading=\"lazy\"\/><br \/>&#13;\n<\/p>\n<p>Szczyt NATO w\u00a0Ankarze. Sojusz potwierdzi\u0142 jedno\u015b\u0107 <\/p>\n<p>&#13;<br \/>\nDwudniowy szczyt NATO w\u00a0Ankarze zako\u0144czy\u0142 si\u0119 w\u00a0\u015brod\u0119 (8 lipca) <a href=\"https:\/\/dorzeczy.pl\/swiat\/912274\/atak-na-jednego-to-atak-na-wszystkich-ankara-przywodcy-panstw-nato-wydali-deklaracje.html\" rel=\"nofollow noopener\" target=\"_blank\">przyj\u0119ciem wsp\u00f3lnej deklaracji<\/a> o\u00a0&#8222;niezachwianym zaanga\u017cowaniu na\u00a0rzecz zbiorowej obrony zgodnie z\u00a0art. 5\u00a0Traktatu Waszyngto\u0144skiego&#8221;. &#13;\n<\/p>\n<p>&#13;<br \/>\nPrezydent Karol Nawrocki powiedzia\u0142 po\u00a0zako\u0144czeniu rozm\u00f3w, \u017ce\u00a0pa\u0144stwa cz\u0142onkowskie potwierdzi\u0142y jedno\u015b\u0107 i\u00a0gotowo\u015b\u0107 do\u00a0wsp\u00f3lnego reagowania na\u00a0zagro\u017cenia oraz\u00a0wzmacniania bezpiecze\u0144stwa. Jak doda\u0142, &#8222;Sojusz jest dzi\u015b silny i\u00a0zdeterminowany do\u00a0tego, aby\u00a0broni\u0107 warto\u015bci, w\u00a0imi\u0119 kt\u00f3rych powsta\u0142&#8221;. &#13;\n<\/p>\n<p>&#13;<br \/>\nW Ankarze Nawrocki odby\u0142 szereg spotka\u0144 z\u00a0przyw\u00f3dcami kraj\u00f3w NATO, w\u00a0tym z\u00a0prezydentem USA Donaldem Trumpem. Rozmawia\u0142 tak\u017ce z\u00a0ukrai\u0144skim prezydentem Wo\u0142odymyrem Ze\u0142enskim. &#13;\n<\/p>\n<p>&#13;<br \/>\n   Czytaj te\u017c:<br \/><a href=\"https:\/\/dorzeczy.pl\/opinie\/912379\/prezydent-nawrocki-po-szczycie-nato-wyjezdzamy-z-mocnym-przekonaniem-o-sile-sojuszu.html\" rel=\"follow nofollow noopener\" data-schema=\"DORZECZY\" data-image=\"https:\/\/img.dorzeczy.pl\/_thumb\/c7\/de\/360664455e3a48d323879d7a41ba.jpeg\" target=\"_blank\">Nawrocki po\u00a0szczycie NATO: Wyje\u017cd\u017camy z\u00a0mocnym przekonaniem o\u00a0sile sojuszu<\/a>&#13;<\/p>\n","protected":false},"excerpt":{"rendered":"&#13; Jak przekaza\u0142 Przydacz w\u00a0rozmowie z\u00a0RMF FM, turecki przyw\u00f3dca wr\u0119czy\u0142 taki sam prezent wszystkim uczestnicz\u0105cym w\u00a0spotkaniu prezydentom. Doda\u0142,&hellip;\n","protected":false},"author":2,"featured_media":544993,"comment_status":"","ping_status":"","sticky":false,"template":"","format":"standard","meta":{"footnotes":"","_share_on_mastodon":"0"},"categories":[62712],"tags":[27256,1347,98,5998,690,49,1315,103,27110,107387,47033,192],"class_list":["post-544992","post","type-post","status-publish","format-standard","has-post-thumbnail","category-karol-nawrocki","tag-ankara","tag-damian-cygan","tag-dorzeczy","tag-erdogan","tag-karol-nawrocki","tag-kraj","tag-nawrocki","tag-obserwator-mediow","tag-prezent","tag-rewolwer","tag-szczyt-nato","tag-turcja"],"share_on_mastodon":{"url":"https:\/\/pubeurope.com\/@pl\/116889484878090818","error":""},"_links":{"self":[{"href":"https:\/\/www.europesays.com\/pl\/wp-json\/wp\/v2\/posts\/544992","targetHints":{"allow":["GET"]}}],"collection":[{"href":"https:\/\/www.europesays.com\/pl\/wp-json\/wp\/v2\/posts"}],"about":[{"href":"https:\/\/www.europesays.com\/pl\/wp-json\/wp\/v2\/types\/post"}],"author":[{"embeddable":true,"href":"https:\/\/www.europesays.com\/pl\/wp-json\/wp\/v2\/users\/2"}],"replies":[{"embeddable":true,"href":"https:\/\/www.europesays.com\/pl\/wp-json\/wp\/v2\/comments?post=544992"}],"version-history":[{"count":0,"href":"https:\/\/www.europesays.com\/pl\/wp-json\/wp\/v2\/posts\/544992\/revisions"}],"wp:featuredmedia":[{"embeddable":true,"href":"https:\/\/www.europesays.com\/pl\/wp-json\/wp\/v2\/media\/544993"}],"wp:attachment":[{"href":"https:\/\/www.europesays.com\/pl\/wp-json\/wp\/v2\/media?parent=544992"}],"wp:term":[{"taxonomy":"category","embeddable":true,"href":"https:\/\/www.europesays.com\/pl\/wp-json\/wp\/v2\/categories?post=544992"},{"taxonomy":"post_tag","embeddable":true,"href":"https:\/\/www.europesays.com\/pl\/wp-json\/wp\/v2\/tags?post=544992"}],"curies":[{"name":"wp","href":"https:\/\/api.w.org\/{rel}","templated":true}]}}