{"id":545099,"date":"2026-07-09T11:13:08","date_gmt":"2026-07-09T11:13:08","guid":{"rendered":"https:\/\/www.europesays.com\/pl\/545099\/"},"modified":"2026-07-09T11:13:08","modified_gmt":"2026-07-09T11:13:08","slug":"weekend-pelen-atrakcji-w-lublinie-folklor-motocrossowe-show-i-autobus-polskiej-stolicy-kultury","status":"publish","type":"post","link":"https:\/\/www.europesays.com\/pl\/545099\/","title":{"rendered":"Weekend pe\u0142en atrakcji w Lublinie. Folklor, motocrossowe show i Autobus Polskiej Stolicy Kultury"},"content":{"rendered":"<p>Lublin ponownie stanie si\u0119 miejscem intensywnych spotka\u0144 z kultur\u0105, sportem i rozrywk\u0105. W weekend od 10 do 12 lipca w mie\u015bcie odb\u0119d\u0105 si\u0119 wydarzenia skierowane zar\u00f3wno do rodzin z dzie\u0107mi, mi\u0142o\u015bnik\u00f3w folkloru, fan\u00f3w sport\u00f3w motorowych, jak i os\u00f3b szukaj\u0105cych kameralnych spotka\u0144 artystycznych.<\/p>\n<p>W programie znalaz\u0142y si\u0119 mi\u0119dzy innymi 40. Mi\u0119dzynarodowe Spotkania Folklorystyczne, pokazy FMX SHOW LUBLIN 2026, rozgrywki XXXII Og\u00f3lnopolskiej Olimpiady M\u0142odzie\u017cy w sportach letnich, spacery tematyczne, teatrzyk rodzinny oraz wizyta Autobusu Polskiej Stolicy Kultury.<\/p>\n<p>Folklor z r\u00f3\u017cnych stron \u015bwiata<\/p>\n<p>Jednym z najwa\u017cniejszych punkt\u00f3w weekendu b\u0119d\u0105 40. Mi\u0119dzynarodowe Spotkania Folklorystyczne. Festiwal od lat wype\u0142nia przestrze\u0144 Lublina muzyk\u0105, ta\u0144cem i barwnymi prezentacjami kultur z r\u00f3\u017cnych cz\u0119\u015bci \u015bwiata. W tegorocznej edycji uczestnicz\u0105 grupy folklorystyczne mi\u0119dzy innymi z Chile, Francji, Kirgistanu i Panamy.<\/p>\n<p>W pi\u0105tek, 10 lipca, mieszka\u0144cy i go\u015bcie b\u0119d\u0105 mogli zobaczy\u0107 wyst\u0119py zespo\u0142\u00f3w tanecznych, pos\u0142ucha\u0107 koncert\u00f3w kapel, wzi\u0105\u0107 udzia\u0142 w warsztatach ta\u0144ca ludowego na Placu Litewskim, a tak\u017ce odwiedzi\u0107 kiermasze sztuki ludowej i r\u0119kodzie\u0142a. Festiwal zako\u0144czy si\u0119 w niedziel\u0119, 12 lipca, uroczystym koncertem galowym o godz. 18.00 w Ogrodzie Saskim.<\/p>\n<p>Sportowe emocje i muzyczny pi\u0105tek<\/p>\n<p>Pi\u0105tek przyniesie r\u00f3wnie\u017c sportow\u0105 rywalizacj\u0119 w ramach XXXII Og\u00f3lnopolskiej Olimpiady M\u0142odzie\u017cy w sportach letnich. M\u0142odzi zawodnicy b\u0119d\u0105 rywalizowa\u0107 w siatk\u00f3wce pla\u017cowej na boiskach Katolickiego Uniwersytetu Lubelskiego przy ul. Konstantyn\u00f3w 1G. Rozgrywki potrwaj\u0105 do niedzieli.<\/p>\n<p>Wieczorem w Lublinie wyst\u0105pi BUM BUM Orkestar. Zesp\u00f3\u0142 znany jest z energetycznych utwor\u00f3w inspirowanych tradycj\u0105 ba\u0142ka\u0144skich orkiestr d\u0119tych, brzmieniami klezmerskimi oraz elementami polskiego folkloru. Koncert rozpocznie si\u0119 o godz. 21.00 w Wirydarzu Centrum Kultury w Lublinie.<\/p>\n<p>Tradycyjnie w pi\u0105tkowy wiecz\u00f3r zaplanowano tak\u017ce pokazy na fontannie multimedialnej na Placu Litewskim. O godz. 21.30 publiczno\u015b\u0107 b\u0119dzie mog\u0142a obejrze\u0107 spektakle \u201eCzarcia \u0141apa\u201d oraz \u201eLublin is YOUth\u201d.<\/p>\n<p>Sobota z teatrem, spacerem i warsztatami<\/p>\n<p>W sobot\u0119, 11 lipca, kontynuowane b\u0119d\u0105 wydarzenia w ramach Mi\u0119dzynarodowych Spotka\u0144 Folklorystycznych oraz mecze siatk\u00f3wki pla\u017cowej. Na mieszka\u0144c\u00f3w i turyst\u00f3w czeka tak\u017ce spacer z przewodnikiem \u015bladami nieistniej\u0105cych ulic Podzamcza, organizowany przez O\u015brodek \u201eBrama Grodzka \u2013 Teatr NN\u201d. Spacer rozpocznie si\u0119 o godz. 11.00 przy ul. Grodzkiej 21, spod siedziby Centrum Informacji O\u015brodka.<\/p>\n<p>Rodziny z dzie\u0107mi mog\u0105 wybra\u0107 si\u0119 na Plac Rybny, gdzie Warsztaty Kultury przygotowa\u0142y kolejne wydarzenia. O godz. 12.00 odb\u0119dzie si\u0119 spektakl \u201eGdzie jest Czerwony Kapturek\u201d w ramach rodzinnego Teatrzyku na Placu Rybnym, a o godz. 13.00 rozpoczn\u0105 si\u0119 warsztaty plecionkarskie.<\/p>\n<p>Sobotni wiecz\u00f3r ponownie zako\u0144cz\u0105 pokazy fontanny multimedialnej na Placu Litewskim. Start zaplanowano na godz. 21.30. W programie znalaz\u0142y si\u0119: \u201eLegenda\u201d, \u201eTradycje Lubelskiego Przemys\u0142u Lotniczego\u201d oraz \u201eAnio\u0142y Lubelskie\u201d.<\/p>\n<p>Niedziela pod znakiem FMX SHOW i Autobusu Polskiej Stolicy Kultury<\/p>\n<p>Niedziela, 12 lipca, b\u0119dzie jednym z najbardziej widowiskowych dni weekendu. Opr\u00f3cz fina\u0142owych wydarze\u0144 40. Mi\u0119dzynarodowych Spotka\u0144 Folklorystycznych oraz kolejnych mecz\u00f3w siatk\u00f3wki pla\u017cowej, mieszka\u0144cy b\u0119d\u0105 mogli wzi\u0105\u0107 udzia\u0142 w \u201eNiedzielnym spotkaniu z harf\u0105\u201d. Wydarzenie organizowane przez Warsztaty Kultury rozpocznie si\u0119 o godz. 12.00 na Placu Rybnym.<\/p>\n<p>Mi\u0142o\u015bnik\u00f3w sport\u00f3w motorowych czeka 4. Runda UNITRAILER Pucharu Lubelszczyzny Cross Country. Zawody rozpoczn\u0105 si\u0119 o godz. 9.00 na terenie toru na Majdanku. To jedno z najwa\u017cniejszych wydarze\u0144 sport\u00f3w motorowych w regionie lubelskim.<\/p>\n<p>Du\u017ce emocje zapowiadaj\u0105 si\u0119 r\u00f3wnie\u017c na Placu Litewskim. Od godz. 13.00 w ramach FMX SHOW LUBLIN 2026 b\u0119dzie mo\u017cna ogl\u0105da\u0107 pokazy freestyle motocross. Publiczno\u015b\u0107 zobaczy skoki i ewolucje na motocyklach na najwy\u017cszym europejskim poziomie. O widowisko zadba Freestyle Family, jedyny polski team freestyle motocross.<\/p>\n<p>W trakcie wydarzenia zaplanowano cztery pokazy. Pierwszy rozpocznie si\u0119 o godz. 14.00, a kolejne b\u0119d\u0105 odbywa\u0107 si\u0119 mniej wi\u0119cej co dwie godziny. Dodatkowo przewidziano spotkania z zawodnikami FMX i dirt jumpingu, animacje oraz konkursy.<\/p>\n<p>Tego samego dnia do Lublina przyjedzie Autobus Polskiej Stolicy Kultury. To mobilna przestrze\u0144 artystyczna, z kt\u00f3r\u0105 do miasta przyjad\u0105 arty\u015bci z Bielska-Bia\u0142ej, pierwszej Polskiej Stolicy Kultury. Wydarzenie rozpocznie si\u0119 o godz. 16.00 na Placu Kr\u00f3la W\u0142adys\u0142awa \u0141okietka.<\/p>\n<p>W programie znalaz\u0142y si\u0119 warsztaty, wystawy oraz dzia\u0142ania performatywne i animacyjne. Wieczorem Autobus zamieni si\u0119 w PartyBus \u2014 przestrze\u0144 muzyki elektronicznej, wsp\u00f3lnego ta\u0144ca, rozm\u00f3w i odpoczynku.<\/p>\n<p>Weekend dla mieszka\u0144c\u00f3w i turyst\u00f3w<\/p>\n<p>Program najbli\u017cszego weekendu pokazuje, \u017ce Lublin pozostaje miastem r\u00f3\u017cnorodnych wydarze\u0144, \u0142\u0105cz\u0105cych kultur\u0119, sport, rodzinne aktywno\u015bci i widowiskow\u0105 rozrywk\u0119. Akcja #DziejeSi\u0119 po raz kolejny zach\u0119ca do sp\u0119dzania czasu w miejskiej przestrzeni i korzystania z propozycji przygotowanych dla odbiorc\u00f3w w r\u00f3\u017cnym wieku.<\/p>\n<p>\u0179r\u00f3d\u0142o: UM Lublin<\/p>\n","protected":false},"excerpt":{"rendered":"Lublin ponownie stanie si\u0119 miejscem intensywnych spotka\u0144 z kultur\u0105, sportem i rozrywk\u0105. W weekend od 10 do 12&hellip;\n","protected":false},"author":2,"featured_media":545100,"comment_status":"","ping_status":"","sticky":false,"template":"","format":"standard","meta":{"footnotes":"","_share_on_mastodon":"0"},"categories":[51612],"tags":[94132,106972,107393,1081,107114,42,52442,38,40,39,41,106298,66323],"class_list":["post-545099","post","type-post","status-publish","format-standard","has-post-thumbnail","category-lublin","tag-dziejesie","tag-autobus-polskiej-stolicy-kultury","tag-fmx-show-lublin-2026","tag-lublin","tag-miedzynarodowe-spotkania-folklorystyczne","tag-pl","tag-plac-litewski","tag-poland","tag-polish","tag-polska","tag-polski","tag-warsztaty-kultury","tag-weekend-w-lublinie"],"share_on_mastodon":{"url":"https:\/\/pubeurope.com\/@pl\/116889728365242794","error":""},"_links":{"self":[{"href":"https:\/\/www.europesays.com\/pl\/wp-json\/wp\/v2\/posts\/545099","targetHints":{"allow":["GET"]}}],"collection":[{"href":"https:\/\/www.europesays.com\/pl\/wp-json\/wp\/v2\/posts"}],"about":[{"href":"https:\/\/www.europesays.com\/pl\/wp-json\/wp\/v2\/types\/post"}],"author":[{"embeddable":true,"href":"https:\/\/www.europesays.com\/pl\/wp-json\/wp\/v2\/users\/2"}],"replies":[{"embeddable":true,"href":"https:\/\/www.europesays.com\/pl\/wp-json\/wp\/v2\/comments?post=545099"}],"version-history":[{"count":0,"href":"https:\/\/www.europesays.com\/pl\/wp-json\/wp\/v2\/posts\/545099\/revisions"}],"wp:featuredmedia":[{"embeddable":true,"href":"https:\/\/www.europesays.com\/pl\/wp-json\/wp\/v2\/media\/545100"}],"wp:attachment":[{"href":"https:\/\/www.europesays.com\/pl\/wp-json\/wp\/v2\/media?parent=545099"}],"wp:term":[{"taxonomy":"category","embeddable":true,"href":"https:\/\/www.europesays.com\/pl\/wp-json\/wp\/v2\/categories?post=545099"},{"taxonomy":"post_tag","embeddable":true,"href":"https:\/\/www.europesays.com\/pl\/wp-json\/wp\/v2\/tags?post=545099"}],"curies":[{"name":"wp","href":"https:\/\/api.w.org\/{rel}","templated":true}]}}