{"id":545671,"date":"2026-07-09T16:49:23","date_gmt":"2026-07-09T16:49:23","guid":{"rendered":"https:\/\/www.europesays.com\/pl\/545671\/"},"modified":"2026-07-09T16:49:23","modified_gmt":"2026-07-09T16:49:23","slug":"akcja-sluzb-przy-kosciele-ducha-swietego-we-wroclawiu-na-miejscu-jest-juz-patrol-saperow-aktualizacja","status":"publish","type":"post","link":"https:\/\/www.europesays.com\/pl\/545671\/","title":{"rendered":"Akcja s\u0142u\u017cb przy Ko\u015bciele Ducha \u015awi\u0119tego we Wroc\u0142awiu. Na miejscu jest ju\u017c patrol saper\u00f3w [AKTUALIZACJA]"},"content":{"rendered":"<p>Mo\u017cliwy niewybuch na wroc\u0142awksim Tarnogaju Saperzy dzia\u0142aj\u0105 na miejscu<\/p>\n<p>fot. Dawid Podsiad\u0142o<\/p>\n<p>Jak ustali\u0142o Radio Wroc\u0142aw, policja otrzyma\u0142a zg\u0142oszenie o mo\u017cliwym niewybuchu przy Ko\u015bciele Ducha \u015awi\u0119tego. Saperzy b\u0119d\u0105 prowadzi\u0107 rozpoznanie obiektu oraz ustal\u0105, czy wymagana b\u0119dzie ewakuacja mieszka\u0144c\u00f3w.<\/p>\n<p style=\"text-align: justify;\">AKTUALIZACJA 16:45<\/p>\n<p style=\"text-align: justify;\">Akcja zosta\u0142a zako\u0144czona. Niewybuch okaza\u0142 si\u0119 by\u0107 fragmentem pocisku przeciwpancernego. Saperzy zabezpieczyli przedmiot.<\/p>\n<p style=\"text-align: justify;\">AKTUALIZACJA 14:45<\/p>\n<p style=\"text-align: justify;\">Jak przekazuje jeden z naszych dziennikarzy: Patrol saperski w\u0142a\u015bnie dotar\u0142 na miejsce. B\u0119d\u0105 ustala\u0107, czy wykryty obiekt faktycznie jest niewybuchem. Wkr\u00f3tce poinfomuj\u0105 o dalszych krokach.<\/p>\n<p style=\"text-align: justify;\">Prawdopodobny niewybuch zosta\u0142 wykryty przez robotnik\u00f3w podczas remontu\u00a0klombu przed ko\u015bcio\u0142em. Wed\u0142ug relacji przypomina on g\u0142owice. Teren jest ogrodzony, a policja zabezpiecza okolice.<\/p>\n<p style=\"text-align: justify;\">WCZE\u015aNIEJ PISALI\u015aMY<\/p>\n<p style=\"text-align: justify;\">Niewybuch na Tarnogaju. Po godzinie 12 wroc\u0142awska policja otrzyma\u0142a zg\u0142oszenie, \u017ce przed Ko\u015bcio\u0142em Ducha \u015awi\u0119tego mi\u0119dzy ulic\u0105 Bardzk\u0105, a Pi\u0119kn\u0105 znajduje si\u0119 podejrzany obiekt.<\/p>\n<p style=\"text-align: justify;\">Na t\u0119 chwil\u0119 miejsce jest zabezpieczone przez funkcjonariuszy, kt\u00f3rzy czekaj\u0105 na zjawienie si\u0119 saper\u00f3w. Ci na miejscu maj\u0105 rozpozna\u0107 i zabezpieczy\u0107 przedmiot oraz ustali\u0107, czy wymagana jest ewakuacja mieszka\u0144c\u00f3w.<\/p>\n","protected":false},"excerpt":{"rendered":"Mo\u017cliwy niewybuch na wroc\u0142awksim Tarnogaju Saperzy dzia\u0142aj\u0105 na miejscu fot. Dawid Podsiad\u0142o Jak ustali\u0142o Radio Wroc\u0142aw, policja otrzyma\u0142a&hellip;\n","protected":false},"author":2,"featured_media":545672,"comment_status":"","ping_status":"","sticky":false,"template":"","format":"standard","meta":{"footnotes":"","_share_on_mastodon":"0"},"categories":[51607],"tags":[5686,2343,104390,31607,52664,107500,44417,34720,12472,42,38,40,39,41,55265,107502,66632,107501,55110,1853,55111],"class_list":["post-545671","post","type-post","status-publish","format-standard","has-post-thumbnail","category-wroclaw","tag-akcja","tag-aktualizacja","tag-ducha","tag-jest","tag-juz","tag-kosciele","tag-miejscu","tag-na","tag-patrol","tag-pl","tag-poland","tag-polish","tag-polska","tag-polski","tag-przy","tag-saperow","tag-sluzb","tag-swietego","tag-we","tag-wroclaw","tag-wroclawiu"],"share_on_mastodon":{"url":"https:\/\/pubeurope.com\/@pl\/116891049277323446","error":""},"_links":{"self":[{"href":"https:\/\/www.europesays.com\/pl\/wp-json\/wp\/v2\/posts\/545671","targetHints":{"allow":["GET"]}}],"collection":[{"href":"https:\/\/www.europesays.com\/pl\/wp-json\/wp\/v2\/posts"}],"about":[{"href":"https:\/\/www.europesays.com\/pl\/wp-json\/wp\/v2\/types\/post"}],"author":[{"embeddable":true,"href":"https:\/\/www.europesays.com\/pl\/wp-json\/wp\/v2\/users\/2"}],"replies":[{"embeddable":true,"href":"https:\/\/www.europesays.com\/pl\/wp-json\/wp\/v2\/comments?post=545671"}],"version-history":[{"count":0,"href":"https:\/\/www.europesays.com\/pl\/wp-json\/wp\/v2\/posts\/545671\/revisions"}],"wp:featuredmedia":[{"embeddable":true,"href":"https:\/\/www.europesays.com\/pl\/wp-json\/wp\/v2\/media\/545672"}],"wp:attachment":[{"href":"https:\/\/www.europesays.com\/pl\/wp-json\/wp\/v2\/media?parent=545671"}],"wp:term":[{"taxonomy":"category","embeddable":true,"href":"https:\/\/www.europesays.com\/pl\/wp-json\/wp\/v2\/categories?post=545671"},{"taxonomy":"post_tag","embeddable":true,"href":"https:\/\/www.europesays.com\/pl\/wp-json\/wp\/v2\/tags?post=545671"}],"curies":[{"name":"wp","href":"https:\/\/api.w.org\/{rel}","templated":true}]}}