{"id":54614,"date":"2025-10-17T20:35:11","date_gmt":"2025-10-17T20:35:11","guid":{"rendered":"https:\/\/www.europesays.com\/pl\/54614\/"},"modified":"2025-10-17T20:35:11","modified_gmt":"2025-10-17T20:35:11","slug":"wyjatkowy-realme-gt-8-pro-stanie-sie-obiektem-twoich-marzen","status":"publish","type":"post","link":"https:\/\/www.europesays.com\/pl\/54614\/","title":{"rendered":"Wyj\u0105tkowy realme GT 8 Pro stanie si\u0119 obiektem Tw\u00f3ich marze\u0144"},"content":{"rendered":"<p class=\"lead\">realme oficjalnie ujawni\u0142o wygl\u0105d nadchodz\u0105cego realme GT 8 Pro. To b\u0119dzie zaskakuj\u0105cy flagowiec. Specyfikacja na czele ze Snapdragonem 8 Elite Gen 5, pojemn\u0105 bateri\u0105 7500 mAh i \u0142adowanie 120 W nie odegra kluczowej roli. Zrobi to wymienny aparat?<\/p>\n<p>Firma oficjalnie ujawni\u0142a wygl\u0105d realme GT 8 Pro. Informacje przekaza\u0142 Xu Qi, czyli wiceprezes realme i szef globalnego marketingu marki. Smartfon wprowadzi pierwszy w bran\u017cy mechaniczny, modu\u0142owy design. Producent zapowiada te\u017c ekran 2K, topowy procesor i bateri\u0119 o du\u017cej pojemno\u015bci.<\/p>\n<p>Modu\u0142owa konstrukcja realme GT 8 Pro to oryginalny pomys\u0142<\/p>\n<p>Zobaczyli\u015bmy ju\u017c oficjalny wygl\u0105d flagowca, to te\u017c wiemy, \u017ce realme GT 8 Pro wyr\u00f3\u017cni si\u0119 konstrukcj\u0105. Pozwala ona bowiem wymienia\u0107 obudow\u0119 aparat\u00f3w. Dost\u0119pne warianty to: kwadratowy, okr\u0105g\u0142y i inspirowany robotyk\u0105. A ka\u017cdy z nich z wyj\u0105tkowym wzornictwem.<\/p>\n<p><a href=\"https:\/\/www.gsmmaniak.pl\/wp-content\/uploads\/gsmmaniak\/2025\/10\/2-8.jpg\" rel=\"lightbox-post4 nofollow noopener\" target=\"_blank\"><img decoding=\"async\" aria-describedby=\"caption-attachment-1607272\" loading=\"lazy\" class=\"size-medium wp-image-1607272\" src=\"https:\/\/www.europesays.com\/pl\/wp-content\/uploads\/2025\/10\/2-8-medium.jpg\" alt=\"realme GT 8 Pro\" width=\"500\" height=\"391\"   itemprop=\"image\" \/><\/a><\/p>\n<p id=\"caption-attachment-1607272\" class=\"wp-caption-text\">realme GT 8 Pro \/ fot. producenta<\/p>\n<p>Obudowa powsta\u0142a z matowego szk\u0142a AG oraz metalowej, r\u00f3wnie\u017c matowej ramki. Taka kombinacja ma zapewni\u0107 elegancki wygl\u0105d i odporno\u015b\u0107 na odciski palc\u00f3w. Wspomniany Xu Qi okre\u015bla naszego bohatera wpisu jako szczyt estetyki. Projekt \u0142\u0105czy precyzyjne rzemios\u0142o z nowoczesnymi materia\u0142ami.<\/p>\n<p><a href=\"https:\/\/www.gsmmaniak.pl\/wp-content\/uploads\/gsmmaniak\/2025\/10\/3-1.jpg\" rel=\"lightbox-post4 nofollow noopener\" target=\"_blank\"><img decoding=\"async\" aria-describedby=\"caption-attachment-1607273\" loading=\"lazy\" class=\"size-medium wp-image-1607273\" src=\"https:\/\/www.europesays.com\/pl\/wp-content\/uploads\/2025\/10\/3-1-medium.jpg\" alt=\"realme GT 8 Pro\" width=\"500\" height=\"330\"   \/><\/a><\/p>\n<p id=\"caption-attachment-1607273\" class=\"wp-caption-text\">realme GT 8 Pro \/ fot. producenta<\/p>\n<p>Smartfon pojawi si\u0119 w trzech kolorach: bia\u0142ym, niebieskim i zielonym. Producent podkre\u015bla, \u017ce to pierwsze urz\u0105dzenie w historii marki z tak szerokimi mo\u017cliwo\u015bciami personalizacji. Ci\u0119\u017cko si\u0119 z tym nie zgodzi\u0107, bo ju\u017c dawno nie widzia\u0142em czego\u015b podobnego. Chyba nawet nie widzia\u0142em wcale\u2026<\/p>\n<p>Specyfikacja i mo\u017cliwo\u015bci fotograficzne<\/p>\n<p>Flagowiec zostanie wyposa\u017cony w ekran 2K o cz\u0119stotliwo\u015bci od\u015bwie\u017cania 144 Hz i jasno\u015bci do 7000 nit\u00f3w. Wy\u015bwietlacz zaoferuje ochron\u0119 wzroku i ultrad\u017awi\u0119kowy czytnik linii papilarnych. Sercem urz\u0105dzenia b\u0119dzie Snapdragon 8 Elite Gen 5 z 16 GB RAM oraz chipem R1 do gier.<\/p>\n<p>Bateria o pojemno\u015bci 7000 mAh obs\u0142u\u017cy \u0142adowanie przewodowe 120 W, a tak\u017ce \u0142adowanie bezprzewodowe 50 W. Ale optyka odegra pierwsze skrzypce w repertuarze. G\u0142\u00f3wny aparat 50 MP\u00a0postawi na obiektyw 7P z pi\u0119ciowarstwow\u0105 pow\u0142ok\u0105 antyrefleksyjn\u0105.<\/p>\n<p>Towarzyszy\u0107 mu b\u0119dzie obiektyw ultraszerokok\u0105tny z nieznan\u0105 rozdzielczo\u015bci\u0105 oraz obiektyw peryskopowy 200 MP. Po wi\u0119cej informacji na temat realme GT 8 Pro odsy\u0142am Ci\u0119 do poni\u017cszego artyku\u0142u.<\/p>\n<blockquote class=\"wp-embedded-content\" data-secret=\"oISbcPDacS\">\n<p><a href=\"https:\/\/www.gsmmaniak.pl\/1607012\/realme-gt-8-wykazal-sie-innowacja\/\" rel=\"nofollow noopener\" target=\"_blank\">Nadchodz\u0105cy flagowiec, kt\u00f3ry mo\u017ce wprowadzi\u0107 innowacj\u0119 dekady \u2014 tego jeszcze nie by\u0142o<\/a><\/p>\n<\/blockquote>\n<p>\u0179r\u00f3d\u0142o: via <a href=\"https:\/\/www.gizmochina.com\/2025\/10\/16\/realme-gt-8-pro-interchangeable-camera-color-options\/\" rel=\"nofollow noopener\" target=\"_blank\">gizmochina<\/a><\/p>\n","protected":false},"excerpt":{"rendered":"realme oficjalnie ujawni\u0142o wygl\u0105d nadchodz\u0105cego realme GT 8 Pro. To b\u0119dzie zaskakuj\u0105cy flagowiec. Specyfikacja na czele ze Snapdragonem&hellip;\n","protected":false},"author":2,"featured_media":54615,"comment_status":"","ping_status":"","sticky":false,"template":"","format":"standard","meta":{"footnotes":""},"categories":[20],"tags":[14525,120,118,119,42,38,40,39,41,6735,14527,14528,14521,14526,14529,14523,6738,14522,116,114,115,121,117,14524],"class_list":{"0":"post-54614","1":"post","2":"type-post","3":"status-publish","4":"format-standard","5":"has-post-thumbnail","7":"category-nauka-i-technika","8":"tag-flagowiec-realme","9":"tag-nauka","10":"tag-nauka-i-technika","11":"tag-naukatechnika","12":"tag-pl","13":"tag-poland","14":"tag-polish","15":"tag-polska","16":"tag-polski","17":"tag-realme-gt-8-pro","18":"tag-realme-gt-8-pro-aparat","19":"tag-realme-gt-8-pro-bateria","20":"tag-realme-gt-8-pro-design","21":"tag-realme-gt-8-pro-obudowa","22":"tag-realme-gt-8-pro-procesor","23":"tag-realme-gt-8-pro-spec","24":"tag-realme-gt-8-pro-specyfikacja","25":"tag-realme-gt-8-pro-wyglad","26":"tag-science","27":"tag-science-and-technology","28":"tag-sciencetechnology","29":"tag-technika","30":"tag-technology","31":"tag-wyjatkowy-flagowiec"},"share_on_mastodon":{"url":"","error":""},"_links":{"self":[{"href":"https:\/\/www.europesays.com\/pl\/wp-json\/wp\/v2\/posts\/54614","targetHints":{"allow":["GET"]}}],"collection":[{"href":"https:\/\/www.europesays.com\/pl\/wp-json\/wp\/v2\/posts"}],"about":[{"href":"https:\/\/www.europesays.com\/pl\/wp-json\/wp\/v2\/types\/post"}],"author":[{"embeddable":true,"href":"https:\/\/www.europesays.com\/pl\/wp-json\/wp\/v2\/users\/2"}],"replies":[{"embeddable":true,"href":"https:\/\/www.europesays.com\/pl\/wp-json\/wp\/v2\/comments?post=54614"}],"version-history":[{"count":0,"href":"https:\/\/www.europesays.com\/pl\/wp-json\/wp\/v2\/posts\/54614\/revisions"}],"wp:featuredmedia":[{"embeddable":true,"href":"https:\/\/www.europesays.com\/pl\/wp-json\/wp\/v2\/media\/54615"}],"wp:attachment":[{"href":"https:\/\/www.europesays.com\/pl\/wp-json\/wp\/v2\/media?parent=54614"}],"wp:term":[{"taxonomy":"category","embeddable":true,"href":"https:\/\/www.europesays.com\/pl\/wp-json\/wp\/v2\/categories?post=54614"},{"taxonomy":"post_tag","embeddable":true,"href":"https:\/\/www.europesays.com\/pl\/wp-json\/wp\/v2\/tags?post=54614"}],"curies":[{"name":"wp","href":"https:\/\/api.w.org\/{rel}","templated":true}]}}