{"id":546185,"date":"2026-07-09T22:09:19","date_gmt":"2026-07-09T22:09:19","guid":{"rendered":"https:\/\/www.europesays.com\/pl\/546185\/"},"modified":"2026-07-09T22:09:19","modified_gmt":"2026-07-09T22:09:19","slug":"tysiace-wegrow-na-ulicach-budapesztu-fidesz-broni-prezydenta-zdjecia","status":"publish","type":"post","link":"https:\/\/www.europesays.com\/pl\/546185\/","title":{"rendered":"Tysi\u0105ce W\u0119gr\u00f3w na ulicach Budapesztu. Fidesz broni prezydenta [ZDJ\u0118CIA]"},"content":{"rendered":"<p>T\u0142em czwartkowego protestu s\u0105 zapowiedzi premiera Petera Magyara z ko\u0144ca czerwca. Szef rz\u0105du, kt\u00f3ry obj\u0105\u0142 urz\u0105d na pocz\u0105tku maja, poinformowa\u0142 wtedy o planach zmian ustrojowych. Zadeklarowa\u0142, \u017ce jego gabinet rozpocznie procedur\u0119 odwo\u0142ania prezydenta Tamasa Sulyoka poprzez zmian\u0119 konstytucji. Magyar zapowiedzia\u0142 r\u00f3wnie\u017c, \u017ce jesieni\u0105 rusz\u0105 prace nad szersz\u0105 reform\u0105 ustawy zasadniczej.<\/p>\n<p> Dalszy ci\u0105g artyku\u0142u pod materia\u0142em wideo Protest przed Pa\u0142acem Sandora przygotowa\u0142 <a href=\"https:\/\/wiadomosci.onet.pl\/viktor-orban-nadal-bedzie-liderem-partii-fidesz\/5m5l8nf\" id=\"ab53d270-af9b-487d-a529-403982deba10\" rel=\"nofollow noopener\" target=\"_blank\">Fidesz \u2014 ugrupowanie by\u0142ego premiera Orbana <\/a>\u2014 wsp\u00f3lnie z sojusznicz\u0105 Chrze\u015bcija\u0144sko-Demokratyczn\u0105 Parti\u0105 Ludow\u0105 (KDNP). Demonstracja by\u0142a reakcj\u0105 na zapowiedzi rz\u0105du Magyara dotycz\u0105ce odwo\u0142ania prezydenta.      Magyar straci\u0142 cierpliwo\u015b\u0107. Skoro prezydent nie odchodzi, to zamierza zmieni\u0107 konstytucj\u0119  <\/p>\n<p class=\"ods-o-frame-in-text__paragraph\">Dowiedz si\u0119 wi\u0119cej!<\/p>\n<p class=\"ods-o-frame-in-text__paragraph\"><a href=\"https:\/\/wiadomosci.onet.pl\/swiat\/prezydent-powiedzial-nie-magyar-odpowiedzial-planem-ktorego-jeszcze-nie-bylo\/zbj3zxc\" id=\"3199f600-cafa-4c44-a4f8-1bf74e22bdac\" rel=\"nofollow noopener\" target=\"_blank\">PRZECZYTAJ TEKST<\/a><\/p>\n<p>   <img class=\"ods-a-photo ods-a-photo--background\" src=\"https:\/\/www.europesays.com\/pl\/wp-content\/uploads\/2026\/07\/1Kpk9lBaHR0cHM6Ly9vY2RuLmV1L3B1bHNjbXMvTURBXy84NzhiOGJiYWU5MmYwYzA3YjY4NjM0ZGIwZjk1MjhhYy5qcGeRlQLNA.jpeg\" height=\"253\" width=\"450\" alt=\"Premier W\u0119gier Peter Magyar i prezydent W\u0119gier Tamas Sulyok (zdj. pogl\u0105dowe)\" loading=\"lazy\" fetchpriority=\"low\" decoding=\"async\"\/>  <\/p>\n<p>W\u015br\u00f3d m\u00f3wc\u00f3w pojawi\u0142 si\u0119 by\u0142y prezydent Janos Ader, kt\u00f3ry w przesz\u0142o\u015bci obj\u0105\u0142 urz\u0105d dzi\u0119ki g\u0142osom deputowanych Fideszu \u2014 tak samo jak obecnie Sulyok. Ader stwierdzi\u0142, \u017ce rz\u0105d Magyara pr\u00f3buje odwo\u0142a\u0107 prezydenta wbrew w\u0119gierskiej konstytucji. O przebiegu demonstracji informuje w\u0119gierska agencja MTI.<\/p>\n<p>G\u0142osowanie nad poprawk\u0105 konstytucyjn\u0105     <\/p>\n<p>Zdaniem premiera nowy prezydent W\u0119gier ma zosta\u0107 wybrany najp\u00f3\u017aniej do 20 sierpnia br. G\u0142osowanie nad poprawk\u0105 konstytucyjn\u0105, kt\u00f3ra umo\u017cliwi realizacj\u0119 tego scenariusza, zaplanowano na przysz\u0142y tydzie\u0144.<\/p>\n<p>Przypomnijmy, \u017ce <a href=\"https:\/\/www.onet.pl\/informacje\/onetwiadomosci\/premier-peter-magyar-chce-odsunac-tamasa-sulyoka-rusza-walka-o-prezydenture-na\/10ttd2p,79cfc278\" id=\"e1abede0-a53e-4ff1-8763-ca8ea0d82c1b\" rel=\"nofollow noopener\" target=\"_blank\">kadencja Tamasa Sulyoka, kt\u00f3rego wybrali parlamentarzy\u015bci Fideszu i KDNP, ma potrwa\u0107 do marca 2029 r. <\/a>W\u0119gierska konstytucja dopuszcza odwo\u0142anie prezydenta w \u015bci\u015ble okre\u015blonych przypadkach \u2014 gdy \u0142amie on ustaw\u0119 zasadnicz\u0105, celowo narusza obowi\u0105zki zwi\u0105zane ze sprawowaniem urz\u0119du lub dopuszcza si\u0119 przest\u0119pstwa pospolitego.     <img class=\"ods-a-photo ods-a-photo--background\" src=\"https:\/\/www.europesays.com\/pl\/wp-content\/uploads\/2026\/07\/no1k9lBaHR0cHM6Ly9vY2RuLmV1L3B1bHNjbXMvTURBXy8xNDEyMzQ1NTRlOTBiODM0ZDU5NzIzODdiYTI0NmFlMC5qcGeRkwXNB.jpeg\" height=\"530\" width=\"940\" alt=\"By\u0142y prezydent W\u0119gier Janos Ader przemawia podczas protestu przeciwko poprawkom do Ustawy Zasadniczej przed Pa\u0142acem Aleksandrowskim w Budapeszcie na W\u0119grzech\" loading=\"lazy\" fetchpriority=\"auto\" decoding=\"auto\"\/>    <\/p>\n<p>TIBOR ILLYES \/ POOL \/ PAP<\/p>\n<p>  By\u0142y prezydent W\u0119gier Janos Ader przemawia podczas protestu przeciwko poprawkom do Ustawy Zasadniczej przed Pa\u0142acem Aleksandrowskim w Budapeszcie na W\u0119grzech  <\/p>\n<p>        <img class=\"ods-a-photo ods-a-photo--background\" src=\"https:\/\/www.europesays.com\/pl\/wp-content\/uploads\/2026\/07\/S4Tk9lBaHR0cHM6Ly9vY2RuLmV1L3B1bHNjbXMvTURBXy9hMTE5NDYwMTJkOWQ5MDI0YTFhY2U5ZmQ5NjRhYTBmMi5qcGeRkwXNB.jpeg\" height=\"530\" width=\"940\" alt=\"Protestuj\u0105cy przeciwko poprawkom do Ustawy Zasadniczej przed Pa\u0142acem Aleksandra w Budapeszcie na W\u0119grzech\" loading=\"lazy\" fetchpriority=\"auto\" decoding=\"auto\"\/>    <\/p>\n<p>EPA\/Tibor Illyes \/ PAP<\/p>\n<p>  Protestuj\u0105cy przeciwko poprawkom do Ustawy Zasadniczej przed Pa\u0142acem Aleksandra w Budapeszcie na W\u0119grzech  <\/p>\n<p>        <img class=\"ods-a-photo ods-a-photo--background\" src=\"https:\/\/www.europesays.com\/pl\/wp-content\/uploads\/2026\/07\/_lGk9lBaHR0cHM6Ly9vY2RuLmV1L3B1bHNjbXMvTURBXy80ZWZmNzYzNDlmMTRiMTQzZGM4MjdlMTM3OGE5ZjkxOC5qcGeRkwXNB.jpeg\" height=\"530\" width=\"940\" alt=\"Protestuj\u0105cy trzymaj\u0105 w\u0119gierskie flagi podczas demonstracji zwolennik\u00f3w by\u0142ej koalicji rz\u0105dz\u0105cej Fidesz\u2013KDNP\" loading=\"lazy\" fetchpriority=\"auto\" decoding=\"auto\"\/>    <\/p>\n<p>Attila KISBENEDEK \/ AFP \/ East News<\/p>\n<p>  Protestuj\u0105cy trzymaj\u0105 w\u0119gierskie flagi podczas demonstracji zwolennik\u00f3w by\u0142ej koalicji rz\u0105dz\u0105cej Fidesz\u2013KDNP  <\/p>\n<p>        <img class=\"ods-a-photo ods-a-photo--background\" src=\"https:\/\/www.europesays.com\/pl\/wp-content\/uploads\/2026\/07\/QXik9lBaHR0cHM6Ly9vY2RuLmV1L3B1bHNjbXMvTURBXy81OTY5MTEyY2MxYTFkNzI4ODgzZTdmZDk2NTdhZWY3Yi5qcGeRkwXNB.jpeg\" height=\"530\" width=\"940\" alt=\"Protestuj\u0105cy trzyma transparent z wizerunkiem premiera W\u0119gier Petera Magyara i napisem &quot;Dyktatura musi zosta\u0107 st\u0142umiona w powijakach&quot; podczas demonstracji zwolennik\u00f3w by\u0142ej koalicji rz\u0105dz\u0105cej Fidesz\u2013KDNP\" loading=\"lazy\" fetchpriority=\"auto\" decoding=\"auto\"\/>    <\/p>\n<p>Attila KISBENEDEK \/ AFP \/ East News<\/p>\n<p>  Protestuj\u0105cy trzyma transparent z wizerunkiem premiera W\u0119gier Petera Magyara i napisem &#8222;Dyktatura musi zosta\u0107 st\u0142umiona w powijakach&#8221; podczas demonstracji zwolennik\u00f3w by\u0142ej koalicji rz\u0105dz\u0105cej Fidesz\u2013KDNP  <\/p>\n","protected":false},"excerpt":{"rendered":"T\u0142em czwartkowego protestu s\u0105 zapowiedzi premiera Petera Magyara z ko\u0144ca czerwca. Szef rz\u0105du, kt\u00f3ry obj\u0105\u0142 urz\u0105d na pocz\u0105tku&hellip;\n","protected":false},"author":2,"featured_media":546186,"comment_status":"","ping_status":"","sticky":false,"template":"","format":"standard","meta":{"footnotes":"","_share_on_mastodon":"0"},"categories":[14],"tags":[61195,32,33,27,34,35,28,31,48,25,46,13348,40,41,1622,47,80,29,30,2669,2670,26,82,83,84],"class_list":["post-546185","post","type-post","status-publish","format-standard","has-post-thumbnail","category-swiat","tag-bottomfeed_styl","tag-breaking-news","tag-breakingnews","tag-headlines","tag-latest-news","tag-latestnews","tag-naglowki","tag-najwazniejsze-artykuly","tag-nat_styl","tag-news","tag-omp","tag-peter_magyar","tag-polish","tag-polski","tag-protesty","tag-screening_general","tag-swiat","tag-top-stories","tag-topstories","tag-viktor_orban","tag-wegry","tag-wiadomosci","tag-world","tag-world-news","tag-worldnews"],"share_on_mastodon":{"url":"https:\/\/pubeurope.com\/@pl\/116892307772734874","error":""},"_links":{"self":[{"href":"https:\/\/www.europesays.com\/pl\/wp-json\/wp\/v2\/posts\/546185","targetHints":{"allow":["GET"]}}],"collection":[{"href":"https:\/\/www.europesays.com\/pl\/wp-json\/wp\/v2\/posts"}],"about":[{"href":"https:\/\/www.europesays.com\/pl\/wp-json\/wp\/v2\/types\/post"}],"author":[{"embeddable":true,"href":"https:\/\/www.europesays.com\/pl\/wp-json\/wp\/v2\/users\/2"}],"replies":[{"embeddable":true,"href":"https:\/\/www.europesays.com\/pl\/wp-json\/wp\/v2\/comments?post=546185"}],"version-history":[{"count":0,"href":"https:\/\/www.europesays.com\/pl\/wp-json\/wp\/v2\/posts\/546185\/revisions"}],"wp:featuredmedia":[{"embeddable":true,"href":"https:\/\/www.europesays.com\/pl\/wp-json\/wp\/v2\/media\/546186"}],"wp:attachment":[{"href":"https:\/\/www.europesays.com\/pl\/wp-json\/wp\/v2\/media?parent=546185"}],"wp:term":[{"taxonomy":"category","embeddable":true,"href":"https:\/\/www.europesays.com\/pl\/wp-json\/wp\/v2\/categories?post=546185"},{"taxonomy":"post_tag","embeddable":true,"href":"https:\/\/www.europesays.com\/pl\/wp-json\/wp\/v2\/tags?post=546185"}],"curies":[{"name":"wp","href":"https:\/\/api.w.org\/{rel}","templated":true}]}}