{"id":54627,"date":"2025-10-17T20:45:09","date_gmt":"2025-10-17T20:45:09","guid":{"rendered":"https:\/\/www.europesays.com\/pl\/54627\/"},"modified":"2025-10-17T20:45:09","modified_gmt":"2025-10-17T20:45:09","slug":"przemyslaw-czarnek-komentuje-rajd-lukasza-mejzy-to-jest-szalenstwo","status":"publish","type":"post","link":"https:\/\/www.europesays.com\/pl\/54627\/","title":{"rendered":"Przemys\u0142aw Czarnek komentuje rajd \u0141ukasza Mejzy. &#8222;To jest szale\u0144stwo&#8221;"},"content":{"rendered":"<p class=\"ods-c-paragraph \">Szale\u0144czy rajd \u0141ukasza Mejzy na trasie S3 w okolicach Polkowic (woj. dolno\u015bl\u0105skie) mia\u0142 miejsce w miniony poniedzia\u0142ek. <a href=\"https:\/\/wiadomosci.onet.pl\/kraj\/lukasz-mejza-pedzil-prawie-200-km-na-godz-odmowil-przyjecia-mandatu\/vrnj8pt\" id=\"b7717066-45d2-43fa-b220-e138bbf0d187\" rel=\"nofollow noopener\" target=\"_blank\">Pose\u0142 PiS p\u0119dzi\u0142 200 km na godz. na drodze, na kt\u00f3rej dopuszczalna jest pr\u0119dko\u015b\u0107 120 km na godz<\/a>. Polityk zosta\u0142 zatrzymany przez policj\u0119.<\/p>\n<p>Dalszy ci\u0105g artyku\u0142u pod materia\u0142em wideo<\/p>\n<p class=\"ods-c-paragraph \">S\u0142u\u017cby chcia\u0142y ukara\u0107 Mejz\u0119 mandatem w wysoko\u015bci 2,5 tys. z\u0142 oraz 15 punktami karnymi. Ten jednak odm\u00f3wi\u0142 jego przyj\u0119cia, zas\u0142aniaj\u0105c si\u0119 immunitetem. Z tego powodu policja zawnioskowa\u0142a o uchylenie immunitetu pos\u0142owi PiS.<\/p>\n<p>   Przemys\u0142aw Czarnek o rajdzie \u0141ukasza Mejzy. &#8222;To powinno spraw\u0119 ko\u0144czy\u0107&#8221;<\/p>\n<p class=\"ods-c-paragraph \">G\u0142os w sprawie zachowania Mejzy zabra\u0142 Przemys\u0142aw Czarnek. Zdaniem by\u0142ego ministra edukacji najwi\u0119kszym problemem w ca\u0142ej sytuacji by\u0142o to, \u017ce pose\u0142 PiS nie przyj\u0105\u0142 od razu mandatu od policji. \u2014 Ja go lubi\u0119 osobi\u015bcie. W takim kontakcie w pracy, w dzia\u0142aniach sejmowych jest cz\u0142owiekiem bardzo przyjaznym i niezwykle pomocnym. Natomiast niestety rzeczywi\u015bcie niekiedy ma takie zachowania jak to przy je\u017adzie 200 km na godz. po S3. I to jest problematyczne, ale my\u015bl\u0119, \u017ce to zaraz si\u0119 sko\u0144czy. Jego wyja\u015bnienia i ostatecznie przyj\u0119cie mandatu powinno spraw\u0119 ko\u0144czy\u0107 \u2014 stwierdzi\u0142 w rozmowie z VOX FM.<\/p>\n<p class=\"ods-c-paragraph \">Polityk PiS doda\u0142 tak\u017ce, \u017ce historia Mejzy jest &#8222;przestrog\u0105 dla innych&#8221;. \u2014 Tu nie ma \u017cart\u00f3w, je\u015bli chodzi o pr\u0119dko\u015b\u0107. By\u0142bym hipokryt\u0105, gdybym m\u00f3wi\u0142, \u017ce jej nie przekraczam. Cz\u0119sto to robi\u0119 niestety. Nie 200 km na godz., bo to jest szale\u0144stwo. Ale jak si\u0119 przekroczy pr\u0119dko\u015b\u0107, to si\u0119 po prostu bierze mandat \u2014 podsumowa\u0142.<\/p>\n<p>   \u0141ukasz Mejza zrzek\u0142 si\u0119 immunitetu   <\/p>\n<p class=\"ods-c-paragraph \">W czwartek Mejza poinformowa\u0142 w mediach spo\u0142eczno\u015bciowych, \u017ce <a href=\"https:\/\/wiadomosci.onet.pl\/kraj\/lukasz-mejza-pedzil-200-km-na-godz-posel-pis-zrzekl-sie-immunitetu\/efzyhh0\" id=\"11902b92-bb7e-4e4e-8fc0-a6ac89e2511f\" rel=\"nofollow noopener\" target=\"_blank\">zrzek\u0142 si\u0119 immunitetu poselskiego<\/a>. &#8222;Tak jak obieca\u0142em, natychmiast zrzekam si\u0119 immunitetu w sprawie przekroczenia pr\u0119dko\u015bci na S3. \u017ba\u0142uj\u0119 tego, co zrobi\u0142em i taka sytuacja nie powt\u00f3rzy si\u0119 wi\u0119cej. Jeszcze raz przepraszam&#8221; \u2014 napisa\u0142 pose\u0142 PiS na portalu X.<\/p>\n","protected":false},"excerpt":{"rendered":"Szale\u0144czy rajd \u0141ukasza Mejzy na trasie S3 w okolicach Polkowic (woj. dolno\u015bl\u0105skie) mia\u0142 miejsce w miniony poniedzia\u0142ek. Pose\u0142&hellip;\n","protected":false},"author":2,"featured_media":54628,"comment_status":"","ping_status":"","sticky":false,"template":"","format":"standard","meta":{"footnotes":""},"categories":[12],"tags":[32,33,36,37,27,49,34,35,4331,1366,28,31,48,25,46,529,42,38,414,40,39,41,13286,1524,47,29,30,26,14428],"class_list":{"0":"post-54627","1":"post","2":"type-post","3":"status-publish","4":"format-standard","5":"has-post-thumbnail","7":"category-polska","8":"tag-breaking-news","9":"tag-breakingnews","10":"tag-featured-news","11":"tag-featurednews","12":"tag-headlines","13":"tag-kraj","14":"tag-latest-news","15":"tag-latestnews","16":"tag-lukasz_mejza","17":"tag-mandat","18":"tag-naglowki","19":"tag-najwazniejsze-artykuly","20":"tag-nat_styl","21":"tag-news","22":"tag-omp","23":"tag-pis","24":"tag-pl","25":"tag-poland","26":"tag-policja","27":"tag-polish","28":"tag-polska","29":"tag-polski","30":"tag-przekroczenie_predkosci","31":"tag-przemyslaw_czarnek","32":"tag-screening_general","33":"tag-top-stories","34":"tag-topstories","35":"tag-wiadomosci","36":"tag-zatrzymania"},"share_on_mastodon":{"url":"","error":""},"_links":{"self":[{"href":"https:\/\/www.europesays.com\/pl\/wp-json\/wp\/v2\/posts\/54627","targetHints":{"allow":["GET"]}}],"collection":[{"href":"https:\/\/www.europesays.com\/pl\/wp-json\/wp\/v2\/posts"}],"about":[{"href":"https:\/\/www.europesays.com\/pl\/wp-json\/wp\/v2\/types\/post"}],"author":[{"embeddable":true,"href":"https:\/\/www.europesays.com\/pl\/wp-json\/wp\/v2\/users\/2"}],"replies":[{"embeddable":true,"href":"https:\/\/www.europesays.com\/pl\/wp-json\/wp\/v2\/comments?post=54627"}],"version-history":[{"count":0,"href":"https:\/\/www.europesays.com\/pl\/wp-json\/wp\/v2\/posts\/54627\/revisions"}],"wp:featuredmedia":[{"embeddable":true,"href":"https:\/\/www.europesays.com\/pl\/wp-json\/wp\/v2\/media\/54628"}],"wp:attachment":[{"href":"https:\/\/www.europesays.com\/pl\/wp-json\/wp\/v2\/media?parent=54627"}],"wp:term":[{"taxonomy":"category","embeddable":true,"href":"https:\/\/www.europesays.com\/pl\/wp-json\/wp\/v2\/categories?post=54627"},{"taxonomy":"post_tag","embeddable":true,"href":"https:\/\/www.europesays.com\/pl\/wp-json\/wp\/v2\/tags?post=54627"}],"curies":[{"name":"wp","href":"https:\/\/api.w.org\/{rel}","templated":true}]}}