{"id":54630,"date":"2025-10-17T20:47:08","date_gmt":"2025-10-17T20:47:08","guid":{"rendered":"https:\/\/www.europesays.com\/pl\/54630\/"},"modified":"2025-10-17T20:47:08","modified_gmt":"2025-10-17T20:47:08","slug":"pzpn-oglosil-pierwsze-decyzje-przewodniczacego-marcina-szulca-mlodzi-sedziowie-sa-rozczarowani-sport-tvp-pl","status":"publish","type":"post","link":"https:\/\/www.europesays.com\/pl\/54630\/","title":{"rendered":"PZPN og\u0142osi\u0142 pierwsze decyzje przewodnicz\u0105cego Marcina Szulca. M\u0142odzi s\u0119dziowie s\u0105 rozczarowani &#8211; sport.tvp.pl"},"content":{"rendered":"<ol>\n<li><a href=\"https:\/\/news.google.com\/rss\/articles\/CBMiwgFBVV95cUxNNTQzLWNwN2wwTFpmNjFscHVNQWppSFZLeHJjOUJpVVJnNkE1M2g3bWhWbTFWU3Ffa1BkMHVGZllYdzVtbEdJVXpjZmZsYW1LRFVkUEs2N29WNG16VE4wNVZKTlRZVW1ucnpLWHVfeHZERUxkMTV1bXFrbkZvQnhXNXBGY1J0REdBNHhwRXM1bTF6dmVIUWNQRmo1Q1RVUEhUMUl1aHFILUtvNWFoSkVrZk9YMnI4RlRJWHlVcHhlSWRxUdIBxwFBVV95cUxNeVFVa1YyWnRsOXNXNmVHVnRoMm1YcllhR1JvTENaWFhsaTdhWlNDLWZxakVfMkhpbnNETDZ1YjBVM3JodlphRDRLbXBYVVBBVHBPVDFBQmJ1ckl5MklTU3FpbVFXdWhsR1k2UnFVUlJTUVR3Z1NRcnBfZ1JGY0hRNTcxX0dVaXJ1MEIzWm5OUmZwNl9Bd2hXbm9SWFpvUDVmSGxwX0ZrX3dqcUJBVVVLOXBjSnJycTE4TXhuVDBvSXhLWk5MQVhn?oc=5\" target=\"_blank\" rel=\"nofollow noopener\">PZPN og\u0142osi\u0142 pierwsze decyzje przewodnicz\u0105cego Marcina Szulca. M\u0142odzi s\u0119dziowie s\u0105 rozczarowani<\/a>&nbsp;&nbsp;sport.tvp.pl<\/li>\n<li><a href=\"https:\/\/news.google.com\/rss\/articles\/CBMiqAFBVV95cUxNWHJPVVhvNnFRTWR6amJyVXlvQ3ROYVVEYWVwQmVtZmlWamp1U1RPbjRHSkszY2UtUExWRXdPdXJqS0tBNzU1eGRJam5vUDI1eEc0TUpocTBiWlNWV1Bxd0Y3SDQ5VGplSWZUS21VRWVjT1RNQTJCTTNQOTMyQTJXbUdfeXhYRmE1WWpZNjd2a0xOaTZIVWRwYkF1R0hlRWxIUEZzQm5UYkrSAa4BQVVfeXFMUDdqTDQydDZfOThiMEdxTTVkbEMtUWJodXBPQUtibzJSd0RBYlB4VkVnNVBoYmV5LVVSZUNvVkFqeGlqQXlKdTA2dWtxRXFkRmFBWlpETzV1QlJWMEdCMVBQb1JxZnlWNnVxOU5VZ3JfZXJiUHVFVjY2RXZ3eWlLc1RuTVNnYXNSLVlmUVJKbXp4UHFlWG55TndiWnhLSTJpdmgxbGVhb1RDZ0w0Q0lR?oc=5\" target=\"_blank\" rel=\"nofollow noopener\">Prezes PZPN Cezary Kulesza: szefem s\u0119dzi\u00f3w wybra\u0142em jednego z dw\u00f3ch rekomendowanych. Zaufajmy&#8230;<\/a>&nbsp;&nbsp;sport.tvp.pl<\/li>\n<li><a href=\"https:\/\/news.google.com\/rss\/articles\/CBMivwFBVV95cUxOakY3eUtQVDRWd00wU1lUT1NVTzlyTm12eUpPejZtZmp2Zy1HSjkyd1BjY1dNcFRfbl9MblM3eXBxUS05WFUtX1F5T3B6LXV5RnVOWnhDYmgtOEFiUXFTRUtCSFBUTUdWMDJ2a2s5bkxraVhkeEo3NVBMTHhZU09mVFE4NzBPblhBMEZSZmE5LXNwRWNacVZIczhTQ3dSVVdFcHJyYlN3ODhnWUZNMjJMdU14LWNVaHVwQnNJc0xQZw?oc=5\" target=\"_blank\" rel=\"nofollow noopener\">Marcin Szulc nowym Przewodnicz\u0105cym Kolegium S\u0119dzi\u00f3w. Marcin Ilk\u00f3w Rzecznikiem Ochrony Prawa Zwi\u0105zkowego<\/a>&nbsp;&nbsp;\u0141\u0105czy nas pi\u0142ka<\/li>\n<li><a href=\"https:\/\/news.google.com\/rss\/articles\/CBMiakFVX3lxTE4xYUNsVDlLWXF3LUEtOGl5aXJFY3l1V3FVWjNRSDd1bURFRkVpTGh0M1lJamhadkMyNGpnajM1cHhabmtSWVd2MTFUQWFIVHpqYy1mejdITV9ZenIwMm1jTjI3MzF2dEZRZUE?oc=5\" target=\"_blank\" rel=\"nofollow noopener\">\u0141odzianie w Kolegium S\u0119dzi\u00f3w PZPN<\/a>&nbsp;&nbsp;\u0141\u00f3dzki Futbol<\/li>\n<li><a href=\"https:\/\/news.google.com\/rss\/articles\/CBMi9AFBVV95cUxPN2EzOXhucV9kRUZrTGZ5Q1pvMjVVbEFCMFNYcDdxQ3dOMWpsbVRzNlBpc3I4em00RHp6WlZiUzdET0FUNkVCQWp3c0xyY3ktWHI1TVZZamRacjlUeTd0R1dXN0hYVUxkeE5vNFNCQnYxRUw4QjA3cDhlbnBFNXcyT3BiSnE0d1NoTnAxTy1RbkNwZndmX3ZHbzVGOWZlNDlLYnlrbUpkSHB1ZmJ6c1F4N1hKczVfQ0w0UHZpRW1KakZYTk5TdGNUeVR3NEJyS05maFFLcF9LQ3QyRWR1Q19UMnlYX2pMSzNTczdVaWVRMzR1cGY5?oc=5\" target=\"_blank\" rel=\"nofollow noopener\">\u201ePowiedzia\u0142, \u017cebym uwa\u017ca\u0142, co pisz\u0119, bo on du\u017co o mnie wie\u201d. Krzysztof Stanowski podzieli\u0142 si\u0119 histori\u0105 z nowym szefem s\u0119dzi\u00f3w<\/a>&nbsp;&nbsp;Transfery.info<\/li>\n<\/ol>\n","protected":false},"excerpt":{"rendered":"PZPN og\u0142osi\u0142 pierwsze decyzje przewodnicz\u0105cego Marcina Szulca. M\u0142odzi s\u0119dziowie s\u0105 rozczarowani&nbsp;&nbsp;sport.tvp.pl Prezes PZPN Cezary Kulesza: szefem s\u0119dzi\u00f3w wybra\u0142em&hellip;\n","protected":false},"author":2,"featured_media":54631,"comment_status":"","ping_status":"","sticky":false,"template":"","format":"standard","meta":{"footnotes":""},"categories":[24],"tags":[14547,14535,4666,14532,14539,14540,3178,4668,14542,14546,14544,14533,14537,14543,4473,14545,269,14538,42,38,40,39,41,14534,14548,14531,127,334,126,4834,12769,14541,14536,3180],"class_list":{"0":"post-54630","1":"post","2":"type-post","3":"status-publish","4":"format-standard","5":"has-post-thumbnail","7":"category-sport","8":"tag-arkadiusz-kamil-wjcik","9":"tag-bartosz-frankowski","10":"tag-cezary-kulesza","11":"tag-ekstraklasa-bp","12":"tag-grzegorz-kawalko","13":"tag-jacek-malyszek","14":"tag-jaroslaw-przybyl","15":"tag-kolegium-sedziw-pzpn","16":"tag-lukasz-karski","17":"tag-maciej-wierzbowski","18":"tag-marcin-borski","19":"tag-marcin-szulc","20":"tag-mateusz-miga","21":"tag-mateusz-piszczelok","22":"tag-michal-listkiewicz","23":"tag-pawel-sokolnicki","24":"tag-pilka-nozna","25":"tag-piotr-rzucidlo","26":"tag-pl","27":"tag-poland","28":"tag-polish","29":"tag-polska","30":"tag-polski","31":"tag-przewodniczacy","32":"tag-radoslaw-trochimiuk","33":"tag-sedziowanie","34":"tag-sport","35":"tag-sport-tvp-pl","36":"tag-sports","37":"tag-szymon-marciniak","38":"tag-tomasz-kwiatkowski","39":"tag-tomasz-marciniak","40":"tag-tomasz-mikulski","41":"tag-var"},"share_on_mastodon":{"url":"","error":""},"_links":{"self":[{"href":"https:\/\/www.europesays.com\/pl\/wp-json\/wp\/v2\/posts\/54630","targetHints":{"allow":["GET"]}}],"collection":[{"href":"https:\/\/www.europesays.com\/pl\/wp-json\/wp\/v2\/posts"}],"about":[{"href":"https:\/\/www.europesays.com\/pl\/wp-json\/wp\/v2\/types\/post"}],"author":[{"embeddable":true,"href":"https:\/\/www.europesays.com\/pl\/wp-json\/wp\/v2\/users\/2"}],"replies":[{"embeddable":true,"href":"https:\/\/www.europesays.com\/pl\/wp-json\/wp\/v2\/comments?post=54630"}],"version-history":[{"count":0,"href":"https:\/\/www.europesays.com\/pl\/wp-json\/wp\/v2\/posts\/54630\/revisions"}],"wp:featuredmedia":[{"embeddable":true,"href":"https:\/\/www.europesays.com\/pl\/wp-json\/wp\/v2\/media\/54631"}],"wp:attachment":[{"href":"https:\/\/www.europesays.com\/pl\/wp-json\/wp\/v2\/media?parent=54630"}],"wp:term":[{"taxonomy":"category","embeddable":true,"href":"https:\/\/www.europesays.com\/pl\/wp-json\/wp\/v2\/categories?post=54630"},{"taxonomy":"post_tag","embeddable":true,"href":"https:\/\/www.europesays.com\/pl\/wp-json\/wp\/v2\/tags?post=54630"}],"curies":[{"name":"wp","href":"https:\/\/api.w.org\/{rel}","templated":true}]}}