{"id":546339,"date":"2026-07-10T00:01:19","date_gmt":"2026-07-10T00:01:19","guid":{"rendered":"https:\/\/www.europesays.com\/pl\/546339\/"},"modified":"2026-07-10T00:01:19","modified_gmt":"2026-07-10T00:01:19","slug":"po-25-latach-ikea-rezygnuje-z-kultowej-serii-malm-meble-sa-w-wielu-domach","status":"publish","type":"post","link":"https:\/\/www.europesays.com\/pl\/546339\/","title":{"rendered":"Po 25 latach Ikea rezygnuje z kultowej serii Malm. Meble s\u0105 w wielu domach"},"content":{"rendered":"<p>Komody, stoliki nocne, ramy \u0142\u00f3\u017cek i toaletki serii Malm nied\u0142ugo bezpowrotnie znikn\u0105 z p\u00f3\u0142ek Ikei. Firma podj\u0119\u0142a decyzj\u0119 o rozpocz\u0119ciu procesu wygaszania kultowej serii i zast\u0105pienia jej innymi liniami.<\/p>\n<p>Produkty popularnej serii, tak uwielbianej przez miliony klient\u00f3w za prostot\u0119 i minimalizm, zaczn\u0105 znika\u0107 ze sprzeda\u017cy jeszcze w tym roku.<\/p>\n<p>\u2014 Decyzja ta ma charakter globalny i dotyczy wszystkich organizacji franczyzowych IKEA na \u015bwiecie, w tym r\u00f3wnie\u017c rynku polskiego. Proces b\u0119dzie odbywa\u0142 si\u0119 p\u0142ynnie i etapowo. Pierwsze zmiany w dost\u0119pno\u015bci asortymentu zaczn\u0105 pojawia\u0107 si\u0119 w 2026 r., a na poszczeg\u00f3lnych rynkach mog\u0105 potrwa\u0107 do 2027 r. \u2014 przekaza\u0142a w rozmowie z WP Finanse Teresa Tele\u017cy\u0144ska, liderka ds. Public Relations IKEA Retail w Polsce.<\/p>\n<p>      Dalszy ci\u0105g artyku\u0142u pod materia\u0142em wideo Ikea wyprzedaje seri\u0119 Malm<\/p>\n<p>Najpierw ze sprzeda\u017cy b\u0119d\u0105 wycofywane komody i ramy \u0142\u00f3\u017cek, kt\u00f3re ju\u017c zosta\u0142y wycofane z produkcji. Obecnie Ikea wyprzedaje w ni\u017cszych cenach wyprodukowane wcze\u015bniej egzemplarze.<\/p>\n<p>Jak podkre\u015bla sie\u0107, niekt\u00f3re komody nie znikn\u0105 od razu poniewa\u017c odpowiadaj\u0105 na specyficzne potrzeby klient\u00f3w, kt\u00f3re nie s\u0105 na chwil\u0119 obecn\u0105 dost\u0119pne w innych seriach produkt\u00f3w Ikei. Jednocze\u015bnie sie\u0107 zapowiada wprowadzenie wielu nowych linii produktowych.<\/p>\n","protected":false},"excerpt":{"rendered":"Komody, stoliki nocne, ramy \u0142\u00f3\u017cek i toaletki serii Malm nied\u0142ugo bezpowrotnie znikn\u0105 z p\u00f3\u0142ek Ikei. Firma podj\u0119\u0142a decyzj\u0119&hellip;\n","protected":false},"author":2,"featured_media":546340,"comment_status":"","ping_status":"","sticky":false,"template":"","format":"standard","meta":{"footnotes":"","_share_on_mastodon":"0"},"categories":[16],"tags":[113,61195,112,2848,49,48,46,42,38,40,39,41,47],"class_list":["post-546339","post","type-post","status-publish","format-standard","has-post-thumbnail","category-biznes","tag-biznes","tag-bottomfeed_styl","tag-business","tag-ikea","tag-kraj","tag-nat_styl","tag-omp","tag-pl","tag-poland","tag-polish","tag-polska","tag-polski","tag-screening_general"],"share_on_mastodon":{"url":"https:\/\/pubeurope.com\/@pl\/116892748116373881","error":""},"_links":{"self":[{"href":"https:\/\/www.europesays.com\/pl\/wp-json\/wp\/v2\/posts\/546339","targetHints":{"allow":["GET"]}}],"collection":[{"href":"https:\/\/www.europesays.com\/pl\/wp-json\/wp\/v2\/posts"}],"about":[{"href":"https:\/\/www.europesays.com\/pl\/wp-json\/wp\/v2\/types\/post"}],"author":[{"embeddable":true,"href":"https:\/\/www.europesays.com\/pl\/wp-json\/wp\/v2\/users\/2"}],"replies":[{"embeddable":true,"href":"https:\/\/www.europesays.com\/pl\/wp-json\/wp\/v2\/comments?post=546339"}],"version-history":[{"count":0,"href":"https:\/\/www.europesays.com\/pl\/wp-json\/wp\/v2\/posts\/546339\/revisions"}],"wp:featuredmedia":[{"embeddable":true,"href":"https:\/\/www.europesays.com\/pl\/wp-json\/wp\/v2\/media\/546340"}],"wp:attachment":[{"href":"https:\/\/www.europesays.com\/pl\/wp-json\/wp\/v2\/media?parent=546339"}],"wp:term":[{"taxonomy":"category","embeddable":true,"href":"https:\/\/www.europesays.com\/pl\/wp-json\/wp\/v2\/categories?post=546339"},{"taxonomy":"post_tag","embeddable":true,"href":"https:\/\/www.europesays.com\/pl\/wp-json\/wp\/v2\/tags?post=546339"}],"curies":[{"name":"wp","href":"https:\/\/api.w.org\/{rel}","templated":true}]}}